{"id":243220,"date":"2025-11-18T18:46:10","date_gmt":"2025-11-18T18:46:10","guid":{"rendered":"https:\/\/www.europesays.com\/es\/243220\/"},"modified":"2025-11-18T18:46:10","modified_gmt":"2025-11-18T18:46:10","slug":"moncloa-admite-que-su-exalto-cargo-se-reunio-con-leire-diez-y-cerdan-y-lo-relaciona-con-que-era-experto-en-las-cloacas-del-pp","status":"publish","type":"post","link":"https:\/\/www.europesays.com\/es\/243220\/","title":{"rendered":"Moncloa admite que su exalto cargo se reuni\u00f3 con Leire D\u00edez y Cerd\u00e1n y lo relaciona con que era experto en las cloacas del PP"},"content":{"rendered":"<p class=\"c-paragraph\">Moncloa admite que<b> en abril de 2024 tuvo lugar una reuni\u00f3n<\/b> entre Leire D\u00edez, Santos Cerd\u00e1n y el entonces director adjunto del Gabinete del presidente, <a href=\"https:\/\/www.20minutos.es\/tags\/personas\/antonio-hernando.html\" title=\"Antonio Hernando\" rel=\"nofollow noopener\" target=\"_blank\">Antonio Hernando<\/a>. Fuentes gubernamentales relacionan este encuentro, en el que supuestamente se entregaron audios grabados por Villarejo que afectaban al PSOE, con que<b> Hernando era el que m\u00e1s conocimiento ten\u00eda de tramas como la <a href=\"https:\/\/www.20minutos.es\/tags\/temas\/operacion-kitchen-1.html\" title=\"Operaci\u00f3n Kitchen\" rel=\"nofollow noopener\" target=\"_blank\">Kitchen<\/a> o el <a href=\"https:\/\/www.20minutos.es\/tags\/temas\/caso-villarejo.html\" title=\"Caso Villarejo\" rel=\"nofollow noopener\" target=\"_blank\">caso Villarejo<\/a><\/b>, puesto que fue portavoz del grupo parlamentario socialista y experto en estas causas.<\/p>\n<p class=\"c-paragraph\">Seg\u00fan Moncloa, Hernando, que actualmente es secretario de Estado de Telecomunicaciones, habr\u00eda escuchado lo que Leire D\u00edez ten\u00eda que decir y <b>no habr\u00eda vuelto a tener otra reuni\u00f3n con ella<\/b>. Adem\u00e1s, aseguran que esta se produjo en un periodo de \u00abcrisis\u00bb, despu\u00e9s de los d\u00edas de reflexi\u00f3n y el amago de dimisi\u00f3n de S\u00e1nchez tras la judicializaci\u00f3n del caso de su mujer. As\u00ed lo exponen despu\u00e9s de que Leire D\u00edez haya reconocido este lunes ante el juez que mantuvo dos reuniones con Cerd\u00e1n en abril de 2024 y que, en una de ellas, tambi\u00e9n particip\u00f3 Hernando, implicando as\u00ed a un cargo de Moncloa.\u00a0<\/p>\n<p class=\"c-paragraph\">Hernando es secretario de Estado de Telecomunicaciones desde septiembre de 2024 y forma parte de la Ejecutiva Federal del PSOE como vocal. Los tres a\u00f1os anteriores<b><b>\u00a0fue director adjunto del gabinete de S\u00e1nchez<\/b><\/b>\u00a0en la Moncloa y, previamente, form\u00f3 parte de la direcci\u00f3n socialista, en la que fue secretario de Pol\u00edtica Municipal de 2008 a 2012 y de Pol\u00edtica Auton\u00f3mica los dos a\u00f1os posteriores, as\u00ed como portavoz en el Congreso de 2014 a 2017.<\/p>\n<p class=\"c-paragraph\">Estas reuniones con D\u00edez y Cerd\u00e1n se habr\u00edan producido en su etapa como director adjunto del Gabinete de S\u00e1nchez y tras los d\u00edas de reflexi\u00f3n de S\u00e1nchez. Seg\u00fan lo declarado ante el juez por parte de la supuesta fontanera, el encuentro habr\u00eda durado unos 40 minutos y se habr\u00edan entregado unos audios al PSOE, al igual que a otros partidos pol\u00edticos como PP, Vox, Junts y Podemos.\u00a0Al margen de estas reuniones, Leire D\u00edez neg\u00f3 una vinculaci\u00f3n m\u00e1s all\u00e1 con el PSOE y, como P\u00e9rez Dolset, dijo que no reconoce las grabaciones que forman parte de la causa en la que se les investiga.<\/p>\n<p class=\"c-paragraph\">Ambos est\u00e1n imputados por\u00a0<b><b>cohecho y tr\u00e1fico de influencias<\/b><\/b>\u00a0por su actuaci\u00f3n en varios encuentros en los que buscaron presuntamente obtener informaci\u00f3n sensible de la UCO y la Fiscal\u00eda Anticorrupci\u00f3n. Uno de aquellos encuentros fue telem\u00e1tico y tuvo lugar en febrero de 2025. A un lado de la pantalla estaban Leire D\u00edez, Dolset y el abogado de Santos Cerd\u00e1n, Jacobo Teijelo, en cuyo despacho se encontraban todos ellos. Al otro lado estaba el empresario Alejandro Hamlyn, investigado por fraude de hidrocarburos y fugado de la justicia en Dubai.<\/p>\n<p class=\"c-paragraph\">Moncloa\u00a0 dice no tener conocimiento sobre si Hernando recibi\u00f3 la documentaci\u00f3n que ten\u00eda Leire D\u00edez y que en el mes de mayo el PSOE entreg\u00f3 a la Fiscal\u00eda. Insisten en que el presidente del Gobierno, Pedro S\u00e1nchez, <b>no conoc\u00eda a la supuesta fontanera<\/b> y restan importancia a la participaci\u00f3n de Hernando en la reuni\u00f3n, asegurando que fue el \u00fanico contacto que tuvo con D\u00edez. En este sentido, se muestran seguros de que las corruptelas que involucran a Santos Cerd\u00e1n, Koldo Garc\u00eda o Jos\u00e9 Luis \u00c1balos no afectan a otros cargos del entorno del presidente.<\/p>\n","protected":false},"excerpt":{"rendered":"Moncloa admite que en abril de 2024 tuvo lugar una reuni\u00f3n entre Leire D\u00edez, Santos Cerd\u00e1n y el&hellip;\n","protected":false},"author":2,"featured_media":243221,"comment_status":"","ping_status":"","sticky":false,"template":"","format":"standard","meta":{"footnotes":""},"categories":[8],"tags":[948,17,18,25,24,13,14,582,11,19,20,9,10,15,16,23,12,21,22],"class_list":{"0":"post-243220","1":"post","2":"type-post","3":"status-publish","4":"format-standard","5":"has-post-thumbnail","7":"category-espana","8":"tag-aprueba","9":"tag-breaking-news","10":"tag-breakingnews","11":"tag-es","12":"tag-espana","13":"tag-featured-news","14":"tag-featurednews","15":"tag-gobierno","16":"tag-headlines","17":"tag-latest-news","18":"tag-latestnews","19":"tag-news","20":"tag-noticias","21":"tag-noticias-destacadas","22":"tag-noticiasdestacadas","23":"tag-spain","24":"tag-titulares","25":"tag-ultimas-noticias","26":"tag-ultimasnoticias"},"share_on_mastodon":{"url":"https:\/\/pubeurope.com\/@es\/115572191032616030","error":""},"_links":{"self":[{"href":"https:\/\/www.europesays.com\/es\/wp-json\/wp\/v2\/posts\/243220","targetHints":{"allow":["GET"]}}],"collection":[{"href":"https:\/\/www.europesays.com\/es\/wp-json\/wp\/v2\/posts"}],"about":[{"href":"https:\/\/www.europesays.com\/es\/wp-json\/wp\/v2\/types\/post"}],"author":[{"embeddable":true,"href":"https:\/\/www.europesays.com\/es\/wp-json\/wp\/v2\/users\/2"}],"replies":[{"embeddable":true,"href":"https:\/\/www.europesays.com\/es\/wp-json\/wp\/v2\/comments?post=243220"}],"version-history":[{"count":0,"href":"https:\/\/www.europesays.com\/es\/wp-json\/wp\/v2\/posts\/243220\/revisions"}],"wp:featuredmedia":[{"embeddable":true,"href":"https:\/\/www.europesays.com\/es\/wp-json\/wp\/v2\/media\/243221"}],"wp:attachment":[{"href":"https:\/\/www.europesays.com\/es\/wp-json\/wp\/v2\/media?parent=243220"}],"wp:term":[{"taxonomy":"category","embeddable":true,"href":"https:\/\/www.europesays.com\/es\/wp-json\/wp\/v2\/categories?post=243220"},{"taxonomy":"post_tag","embeddable":true,"href":"https:\/\/www.europesays.com\/es\/wp-json\/wp\/v2\/tags?post=243220"}],"curies":[{"name":"wp","href":"https:\/\/api.w.org\/{rel}","templated":true}]}}