{"id":243257,"date":"2025-11-18T19:15:10","date_gmt":"2025-11-18T19:15:10","guid":{"rendered":"https:\/\/www.europesays.com\/es\/243257\/"},"modified":"2025-11-18T19:15:10","modified_gmt":"2025-11-18T19:15:10","slug":"la-reflexion-de-david-ferrer-sobre-la-ausencia-de-alcaraz-podemos-parecer-mas-debiles","status":"publish","type":"post","link":"https:\/\/www.europesays.com\/es\/243257\/","title":{"rendered":"La reflexi\u00f3n de David Ferrer sobre la ausencia de Alcaraz: \u00abPodemos parecer m\u00e1s d\u00e9biles&#8230;\u00bb"},"content":{"rendered":"<p class=\"L6-news-detail__text\">Espa\u00f1a ha perdido a <b><a title=\"Carlos Alcaraz para la Copa Davis.\" href=\"https:\/\/www.lasexta.com\/noticias\/deportes\/tenis\/carlos-alcaraz-muy-cerca-bajarse-copa-davis_20251118691c32fd39b3f1652bf4e522.html\" target=\"_blank\" rel=\"nofollow noopener\">Carlos Alcaraz para la Copa Davis.<\/a><\/b> La baja m\u00e1s sensible posible. <b>David Ferrer<\/b>, capit\u00e1n del equipo, ha reconocido que est\u00e1 \u00abtriste\u00bb. Pero a pesar de ello conf\u00eda en que sus chicos puedan dar la sorpresa a pesar de no contar con el n\u00famero 1 del mundo del tenis.<\/p>\n<p class=\"L6-news-detail__text\">As\u00ed lo ha dicho en rueda de prensa: <b>\u00abEstamos tristes de no poder contar con Alcaraz, pero vamos a competir<\/b>. Estamos trabajando duro\u00bb.<\/p>\n<p class=\"L6-news-detail__text\"><b>\u00abDespu\u00e9s de la final de Tur\u00edn me enter\u00e9 de la situaci\u00f3n de Carlos<\/b> y del edema y ayer por la noche decidimos que era un riesgo jugar hablando con su equipo m\u00e9dico y el nuestro. Es una pena no tener al n\u00famero uno del mundo y nos resentimos. Hoy vuelvo a ver la luz y tengo fe y confianza\u00bb, explica el capit\u00e1n espa\u00f1ol.<\/p>\n<p class=\"L6-news-detail__text\">\u00abNuestro equipo puede parecer m\u00e1s d\u00e9bil sin Carlos, pero el ambiente es fant\u00e1stico y hay que demostrar en la pista qui\u00e9n es mejor. Posibilidades tendremos sin ninguna duda. Hay que aferrarse a lo que s\u00ed tenemos\u00bb, sostiene Ferrer.<\/p>\n<p class=\"L6-news-detail__text\">Espa\u00f1a debuta este jueves contra <b>Rep\u00fablica Checa<\/b>. En caso de meterse en las semifinales, su rival ser\u00e1 <b>Argentina o Alemania.<\/b><\/p>\n<p class=\"L6-news-detail__text\">Por el otro lado del cuadro se medir\u00e1n <b>Italia y Austria, y tambi\u00e9n Francia y B\u00e9lgica.<\/b><\/p>\n<p class=\"L6-support-news-video__title\">MotoGP<\/p>\n<p>            <a href=\"https:\/\/www.lasexta.com\/noticias\/deportes\/motor\/campeon-reconoce-campeon-bonito-gesto-marquez-moreira-proclamarse-campeon-moto2_202511166919c6f139b3f1652bf2772e.html\" class=\"L6-news__link\" rel=\"nofollow noopener\" target=\"_blank\"><br \/>\n                Campe\u00f3n reconoce a campe\u00f3n: el bonito gesto de M\u00e1rquez con Moreira tras ganar el t\u00edtulo de Moto2<\/p>\n<p class=\"recirculation-video-desc\">El de Cervera se acerc\u00f3 a la celebraci\u00f3n del brasile\u00f1o para felicitarle por la consecuci\u00f3n del mundial. Le dedic\u00f3 un emotivo gesto de cari\u00f1o.<\/p>\n<p>            <\/a><\/p>\n","protected":false},"excerpt":{"rendered":"Espa\u00f1a ha perdido a Carlos Alcaraz para la Copa Davis. La baja m\u00e1s sensible posible. David Ferrer, capit\u00e1n&hellip;\n","protected":false},"author":2,"featured_media":243258,"comment_status":"","ping_status":"","sticky":false,"template":"","format":"standard","meta":{"footnotes":""},"categories":[274],"tags":[168,25,24,23,167,327,326],"class_list":{"0":"post-243257","1":"post","2":"type-post","3":"status-publish","4":"format-standard","5":"has-post-thumbnail","7":"category-tenis","8":"tag-deportes","9":"tag-es","10":"tag-espana","11":"tag-spain","12":"tag-sports","13":"tag-tenis","14":"tag-tennis"},"share_on_mastodon":{"url":"https:\/\/pubeurope.com\/@es\/115572305172093496","error":""},"_links":{"self":[{"href":"https:\/\/www.europesays.com\/es\/wp-json\/wp\/v2\/posts\/243257","targetHints":{"allow":["GET"]}}],"collection":[{"href":"https:\/\/www.europesays.com\/es\/wp-json\/wp\/v2\/posts"}],"about":[{"href":"https:\/\/www.europesays.com\/es\/wp-json\/wp\/v2\/types\/post"}],"author":[{"embeddable":true,"href":"https:\/\/www.europesays.com\/es\/wp-json\/wp\/v2\/users\/2"}],"replies":[{"embeddable":true,"href":"https:\/\/www.europesays.com\/es\/wp-json\/wp\/v2\/comments?post=243257"}],"version-history":[{"count":0,"href":"https:\/\/www.europesays.com\/es\/wp-json\/wp\/v2\/posts\/243257\/revisions"}],"wp:featuredmedia":[{"embeddable":true,"href":"https:\/\/www.europesays.com\/es\/wp-json\/wp\/v2\/media\/243258"}],"wp:attachment":[{"href":"https:\/\/www.europesays.com\/es\/wp-json\/wp\/v2\/media?parent=243257"}],"wp:term":[{"taxonomy":"category","embeddable":true,"href":"https:\/\/www.europesays.com\/es\/wp-json\/wp\/v2\/categories?post=243257"},{"taxonomy":"post_tag","embeddable":true,"href":"https:\/\/www.europesays.com\/es\/wp-json\/wp\/v2\/tags?post=243257"}],"curies":[{"name":"wp","href":"https:\/\/api.w.org\/{rel}","templated":true}]}}