{"id":243275,"date":"2025-11-18T19:26:12","date_gmt":"2025-11-18T19:26:12","guid":{"rendered":"https:\/\/www.europesays.com\/es\/243275\/"},"modified":"2025-11-18T19:26:12","modified_gmt":"2025-11-18T19:26:12","slug":"raul-fernandez-domina-primeros-ensayos-invernales-de-motogp","status":"publish","type":"post","link":"https:\/\/www.europesays.com\/es\/243275\/","title":{"rendered":"Ra\u00fal Fern\u00e1ndez Domina Primeros Ensayos Invernales De MotoGP"},"content":{"rendered":"<p data-type=\"paragraph\" data=\"[object Object]\">El piloto espa\u00f1ol Ra\u00fal Fern\u00e1ndez (Aprilia-Trackhouse) firm\u00f3 este martes el mejor tiempo de los primeros ensayos invernales de cara a la temporada 2026 de MotoGP, sobre el circuito Ricardo Tormo, en Valencia, Espa\u00f1a.<\/p>\n<p data-type=\"paragraph\" data=\"[object Object]\" class=\"emotion-1akm6h5-Paragraph e1e4oisd0\">Fern\u00e1ndez super\u00f3 por solamente 27 mil\u00e9simas de segundo al italiano Marco Bezzecchi (Aprilia), vencedor el domingo del \u00faltimo Gran Premio de 2025, en ese mismo circuito.<\/p>\n<p data-type=\"paragraph\" data=\"[object Object]\" class=\"emotion-1akm6h5-Paragraph e1e4oisd0\">El subcampe\u00f3n del mundo \u00c1lex M\u00e1rquez (Ducati-Gresini) termin\u00f3 en tercera posici\u00f3n.<\/p>\n<p data-type=\"paragraph\" data=\"[object Object]\" class=\"emotion-1akm6h5-Paragraph e1e4oisd0\">En esta jornada, los doce primeros pilotos rodaron en menos de medio segundo de diferencia.<\/p>\n<p data-type=\"paragraph\" data=\"[object Object]\" class=\"emotion-1akm6h5-Paragraph e1e4oisd0\">El campe\u00f3n del mundo de 2024, el espa\u00f1ol Jorge Mart\u00edn (Aprilia), que puso punto y final el domingo a una temporada marcada por ausencias y lesiones, firm\u00f3 el 16\u00ba mejor tiempo.<\/p>\n<p data-type=\"paragraph\" data=\"[object Object]\" class=\"emotion-1akm6h5-Paragraph e1e4oisd0\">Lesionado desde principios de octubre, el campe\u00f3n del mundo Marc M\u00e1rquez (Ducati) no estuvo presente el martes.<\/p>\n<p data-type=\"paragraph\" data=\"[object Object]\" class=\"emotion-1akm6h5-Paragraph e1e4oisd0\">Estos primeros ensayos permitieron tambi\u00e9n que los pilotos que debutar\u00e1n el a\u00f1o que viene en la categor\u00eda reina probasen sus futuras motos, entre ellos el brasile\u00f1o Diogo Moreira.<\/p>\n<p data-type=\"paragraph\" data=\"[object Object]\" class=\"emotion-1akm6h5-Paragraph e1e4oisd0\">El joven de 21 a\u00f1os, que se proclam\u00f3 campe\u00f3n de Moto2 el domingo, termin\u00f3 en 21\u00aa posici\u00f3n (de 22 participantes).<\/p>\n<p data-type=\"paragraph\" data=\"[object Object]\" class=\"emotion-1akm6h5-Paragraph e1e4oisd0\">La temporada 2026 arrancar\u00e1 con el Gran Premio de Tailandia, del 27 de febrero al 1 de marzo.<\/p>\n<p data-type=\"paragraph\" data=\"[object Object]\" class=\"emotion-1akm6h5-Paragraph e1e4oisd0\">Antes del inicio oficial de la temporada habr\u00e1 un \u00abshakedown\u00bb del 29 al 31 de enero en Sepang, Malasia, en el que participar\u00e1n los pilotos de pruebas, los debutantes y algunas f\u00e1bricas que benefician de concesiones.<\/p>\n<p data-type=\"paragraph\" data=\"[object Object]\" class=\"emotion-1akm6h5-Paragraph e1e4oisd0\">Despu\u00e9s, del 3 al 5 de febrero, habr\u00e1 una primera sesi\u00f3n de entrenamientos libres abierta a todos los pilotos en Sepang, y una segunda el 21 y 22 de febrero en el circuito de Buriram, en Tailandia.<\/p>\n<p data-type=\"paragraph\" data=\"[object Object]\" class=\"emotion-1akm6h5-Paragraph e1e4oisd0\">&#8212; Clasificaci\u00f3n de la primera sesi\u00f3n de entrenamientos invernales en el circuito Ricardo Tormo en Cheste, Valencia:<\/p>\n<p data-type=\"paragraph\" data=\"[object Object]\" class=\"emotion-1akm6h5-Paragraph e1e4oisd0\">1. Ra\u00fal Fern\u00e1ndez (ESP\/Aprilia-Trackhouse) en 1:29.373<\/p>\n<p data-type=\"paragraph\" data=\"[object Object]\" class=\"emotion-1akm6h5-Paragraph e1e4oisd0\">2. Marco Bezzecchi (ITA\/Aprilia) a 0.027<\/p>\n<p data-type=\"paragraph\" data=\"[object Object]\" class=\"emotion-1akm6h5-Paragraph e1e4oisd0\">3. \u00c1lex M\u00e1rquez (ESP\/Ducati-Gresini) 0.084<\/p>\n<p data-type=\"paragraph\" data=\"[object Object]\" class=\"emotion-1akm6h5-Paragraph e1e4oisd0\">4. Ferm\u00edn Aldeguer (ESP\/Ducati-Gresini) 0.177<\/p>\n<p data-type=\"paragraph\" data=\"[object Object]\" class=\"emotion-1akm6h5-Paragraph e1e4oisd0\">5. Pedro Acosta (ESP\/KTM) 0.208<\/p>\n<p data-type=\"paragraph\" data=\"[object Object]\" class=\"emotion-1akm6h5-Paragraph e1e4oisd0\">6. Maverick Vi\u00f1ales (ESP\/KTM-Tech3) 0.247<\/p>\n<p data-type=\"paragraph\" data=\"[object Object]\" class=\"emotion-1akm6h5-Paragraph e1e4oisd0\">7. Fabio Di Giannantonio (ITA\/Ducati-VR46) 0.268<\/p>\n<p data-type=\"paragraph\" data=\"[object Object]\" class=\"emotion-1akm6h5-Paragraph e1e4oisd0\">8. Nicolo Bulega (ITA\/Ducati) 0.288<\/p>\n<p data-type=\"paragraph\" data=\"[object Object]\" class=\"emotion-1akm6h5-Paragraph e1e4oisd0\">9. Brad Binder (RSA\/KTM) 0.338<\/p>\n<p data-type=\"paragraph\" data=\"[object Object]\" class=\"emotion-1akm6h5-Paragraph e1e4oisd0\">10. Francesco Bagnaia (ITA\/Ducati) 0.358<\/p>\n<p data-type=\"paragraph\" data=\"[object Object]\" class=\"emotion-1akm6h5-Paragraph e1e4oisd0\">&#8230;<\/p>\n<p data-type=\"paragraph\" data=\"[object Object]\" class=\"emotion-1akm6h5-Paragraph e1e4oisd0\">16. Jorge Mart\u00edn (ESP\/Aprilia) 0.621<\/p>\n<p data-type=\"paragraph\" data=\"[object Object]\" class=\"emotion-1akm6h5-Paragraph e1e4oisd0\">&#8230;<\/p>\n<p data-type=\"paragraph\" data=\"[object Object]\" class=\"emotion-1akm6h5-Paragraph e1e4oisd0\">21. Diogo Moreira (BRA\/Honda-LCR) 1.824<\/p>\n<p data-type=\"paragraph\" data=\"[object Object]\" class=\"emotion-1akm6h5-Paragraph e1e4oisd0\">&#8230;<\/p>\n<p data-type=\"paragraph\" data=\"[object Object]\" class=\"emotion-1akm6h5-Paragraph e1e4oisd0\">hdy\/dam\/ma<\/p>\n","protected":false},"excerpt":{"rendered":"El piloto espa\u00f1ol Ra\u00fal Fern\u00e1ndez (Aprilia-Trackhouse) firm\u00f3 este martes el mejor tiempo de los primeros ensayos invernales de&hellip;\n","protected":false},"author":2,"featured_media":123368,"comment_status":"","ping_status":"","sticky":false,"template":"","format":"standard","meta":{"footnotes":""},"categories":[93],"tags":[3076,168,25,14196,24,22761,12143,1070,23,167,116],"class_list":{"0":"post-243275","1":"post","2":"type-post","3":"status-publish","4":"format-standard","5":"has-post-thumbnail","7":"category-deportes","8":"tag-3076","9":"tag-deportes","10":"tag-es","11":"tag-esp","12":"tag-espana","13":"tag-moto","14":"tag-motogp","15":"tag-mundial","16":"tag-spain","17":"tag-sports","18":"tag-synd"},"share_on_mastodon":{"url":"https:\/\/pubeurope.com\/@es\/115572348322520485","error":""},"_links":{"self":[{"href":"https:\/\/www.europesays.com\/es\/wp-json\/wp\/v2\/posts\/243275","targetHints":{"allow":["GET"]}}],"collection":[{"href":"https:\/\/www.europesays.com\/es\/wp-json\/wp\/v2\/posts"}],"about":[{"href":"https:\/\/www.europesays.com\/es\/wp-json\/wp\/v2\/types\/post"}],"author":[{"embeddable":true,"href":"https:\/\/www.europesays.com\/es\/wp-json\/wp\/v2\/users\/2"}],"replies":[{"embeddable":true,"href":"https:\/\/www.europesays.com\/es\/wp-json\/wp\/v2\/comments?post=243275"}],"version-history":[{"count":0,"href":"https:\/\/www.europesays.com\/es\/wp-json\/wp\/v2\/posts\/243275\/revisions"}],"wp:featuredmedia":[{"embeddable":true,"href":"https:\/\/www.europesays.com\/es\/wp-json\/wp\/v2\/media\/123368"}],"wp:attachment":[{"href":"https:\/\/www.europesays.com\/es\/wp-json\/wp\/v2\/media?parent=243275"}],"wp:term":[{"taxonomy":"category","embeddable":true,"href":"https:\/\/www.europesays.com\/es\/wp-json\/wp\/v2\/categories?post=243275"},{"taxonomy":"post_tag","embeddable":true,"href":"https:\/\/www.europesays.com\/es\/wp-json\/wp\/v2\/tags?post=243275"}],"curies":[{"name":"wp","href":"https:\/\/api.w.org\/{rel}","templated":true}]}}