{"id":243320,"date":"2025-11-18T19:56:08","date_gmt":"2025-11-18T19:56:08","guid":{"rendered":"https:\/\/www.europesays.com\/es\/243320\/"},"modified":"2025-11-18T19:56:08","modified_gmt":"2025-11-18T19:56:08","slug":"ultima-hora-del-presidente-de-ucrania-en-espana-con-el-rey-felipe-vi-y-pedro-sanchez-hoy","status":"publish","type":"post","link":"https:\/\/www.europesays.com\/es\/243320\/","title":{"rendered":"\u00faltima hora del presidente de Ucrania en Espa\u00f1a con el Rey Felipe VI y Pedro S\u00e1nchez hoy"},"content":{"rendered":"<p style=\"\">Sigue en directo la \u00faltima hora de la visita de Volod\u00edmir Zelenski a Madrid y su visita con el Rey Felipe VI y Pedro S\u00e1nchez.<\/p>\n<p>19:13<\/p>\n<p><a href=\"https:\/\/www.abc.es\/espana\/sanchez-zelenski-sellan-alianza-817-millones-euros-20251118185117-nt.html\" target=\"_blank\" rel=\"noopener noreferrer nofollow\">S\u00e1nchez y Zelenski sellan su alianza con 817 millones de euros para Ucrania<\/a><\/p>\n<p class=\"voc-p\">El presidente de Ucrania, Volod\u00edmir Zelenski, contin\u00faa hoy en Madrid su gira europea para concretar un volumen de ayuda europea que permita paliar los avances de Rusia en el campo de batalla. En este sentido, el presidente del Gobierno, Pedro S\u00e1nchez, ha anunciado que, a lo largo del pr\u00f3ximo mes, Espa\u00f1a va a movilizar 817 millones de euros para apoyar al ej\u00e9rcito ucraniano y para proteger a su poblaci\u00f3n civil e impulsar ese horizonte de reconstrucci\u00f3n de las infraestructuras da\u00f1adas por la guerra.<\/p>\n<p class=\"voc-p\">Informa <strong>Ainhoa Mart\u00ednez<\/strong>.<\/p>\n<p>19:11<\/p>\n<p>Finaliza la intervenci\u00f3n de S\u00e1nchez y Zelenski<\/p>\n<p class=\"voc-p\">Tras responder varias preguntas, se da por finalizada la intervenci\u00f3n de S\u00e1nchez y Zelenski. <\/p>\n<p>19:09<\/p>\n<p>S\u00e1nchez dice no saber nada de las reuniones de Hernando con Leire D\u00edez y P\u00e9rez Dolset<\/p>\n<p class=\"voc-p\">S\u00e1nchez se ha mostrado muy contundente tras ser preguntado sobre las reuniones que mantuvo Director Adjunto del Gabinete de Presidencia del Gobierno, Antonio Hernando, con la fontanera Leire D\u00edez y P\u00e9rez Dolset. El presidente del Gobierno ha asegurado que \u00abno\u00bb sab\u00edan de esas reuniones<\/p>\n<p>19:05<\/p>\n<p>S\u00e1nchez: \u00abLos activos rusos congelados deben de utilizarse para la reconstrucci\u00f3n de Ucrania\u00bb<\/p>\n<p class=\"voc-p\">\u00abUcrania necesita urgentemente de la solidaridad internacional. Est\u00e1 promoviendo unas ideas que compartimos, como puede ser la de la libertad. Rusia est\u00e1 violando muchas l\u00edneas\u00bb, ha a\u00f1adido S\u00e1nchez. \u00abEl Gobierno siempre ha mantenido la misma posici\u00f3n. Los activos rusos congelados deben de utilizarse para la reconstrucci\u00f3n de Ucrania\u00bb, ha sentenciado S\u00e1nchez.<\/p>\n<p>19:03<\/p>\n<p>S\u00e1nchez, sobre el caso Cerd\u00e1n: \u00abEl Gobierno ha colaborado con la Justicia y ha actuado con contundencia\u00bb<\/p>\n<p class=\"voc-p\">\u00abDel paquete de 615 millones de euros, 100 millones estar\u00e1n relacionados con la industria estadounidense en el marco de la OTAN\u00bb, ha explicado sobre la inversi\u00f3n inmediata en materia de defensa. <\/p>\n<p class=\"voc-p\">\u00abEl Gobierno lo que ha hecho es colaborar con la Justicia y actuar con contundencia. Hay que dejar trabajar a la Justicia. Vamos a esperar al desarrollo de las investigaciones\u00bb, ha recalcado el presidente. <\/p>\n<p>18:59<\/p>\n<p>As\u00ed ha sido el encuentro de S\u00e1nchez y Zelenski<\/p>\n<p>18:58<\/p>\n<p>Turno de preguntas<\/p>\n<p class=\"voc-p\">Tras la intervenci\u00f3n de Zelenski, llega el turno de preguntas para ambos l\u00edderes.<\/p>\n<p>18:51<\/p>\n<p>Espa\u00f1a movilizar\u00e1 817 millones para apoyar al ej\u00e9rcito de Ucrania y para proteger a su poblaci\u00f3n<\/p>\n<p class=\"voc-p\">\u00abEspa\u00f1a movilizar\u00e1 en total 817 millones de euros para apoyar al ejercito de Ucrania y para proteger a su poblaci\u00f3n civil\u00bb, ha explicado S\u00e1nchez, asegurando que pondr\u00e1n en marcha otro proyecto para reconstruir la calefacci\u00f3n en una localidad del pa\u00eds muy da\u00f1ada por los ataques rusos.<\/p>\n<p>18:48<\/p>\n<p>S\u00e1nchez anuncia dos paquetes de apoyo a Ucrania<\/p>\n<p class=\"voc-p\">\u00abHe compartido con Zelenski que Espa\u00f1a movilizar\u00e1 un nuevo paquete de apoyo militar a Ucrania por un importe de 615 millones  de euros. Incluir\u00e1 el env\u00edo de nuevo equipamiento defensivo por un valor de 300 millones de euros. . Por otro lado, tambi\u00e9n destinaremos 100 millones de euros que servir\u00e1n para financiar la adquisici\u00f3n urgente y acelerada de sistemas de defensa. Finalmente, ser\u00e1n la transferencia de 200 millones de euroes que costear\u00e1 la producci\u00f3n de sistemas antidrones, muchos de ellos producidos por empresas espa\u00f1olas\u00bb, ha asegurado.<\/p>\n<p class=\"voc-p\">Tambi\u00e9n ha asegurado que desplegar\u00e1n un paquete de 200 millones de euros para financiar la reconstrucci\u00f3n de Ucrania. <\/p>\n<p>18:44<\/p>\n<p>S\u00e1nchez asegura que la guerra \u00abtambi\u00e9n trata de debilitar el proyecto europeo\u00bb<\/p>\n<p class=\"voc-p\">Pedro S\u00e1nchez ha asegurado que \u00abnuestros corazones\u00bb est\u00e1n con Ucrania. Adem\u00e1s, ha defendido que Ucrania debe de estar con la Uni\u00f3n Europea. \u00abLa guerra que est\u00e1 lidiando Ucrania contra el neoimperalismo de Putin es tambi\u00e9n una guerra que trata de debilitar el proyecto europeo\u00bb, ha explicado. <\/p>\n<p>18:42<\/p>\n<p>S\u00e1nchez muestra su apoyo a Ucrania<\/p>\n<p class=\"voc-p\">\u00abQuiero darte la bienvenida. Espa\u00f1a es un pa\u00eds socio y amigo de Ucrania. Es un honor recibirte en nombre de la sociedad espa\u00f1ola. Tenemos un gran afecto por Ucrania.  Quiero expresar el apoyo total y firme de nuestro Gobierno a Ucrania\u00bb, ha arrancado el presidente del Gobierno.<\/p>\n<p>18:40<\/p>\n<p>Comienza la declaraci\u00f3n de S\u00e1nchez y Zelenski<\/p>\n<p class=\"voc-p\">Tanto S\u00e1nchez como Zelenski hablar\u00e1n tras su encuentro esta tarde.<\/p>\n<p>18:39<\/p>\n<p>Espa\u00f1a y Ucrania firman acuerdos de cooperaci\u00f3n en comercio, la seguridad y las finanzas<\/p>\n<p class=\"voc-p\">A ra\u00edz del encuentro entre Pedro S\u00e1nchez y Volod\u00edmir Zelenski, Espa\u00f1a y Ucrania han firmado acuerdos de cooperaci\u00f3n en diversos \u00e1mbitos. Han refrendando su cooperaci\u00f3n en temas de comercio, seguridad y finanzas.<\/p>\n<p>18:34<\/p>\n<p>As\u00ed ha sido el encuentro entre S\u00e1nchez y Zelenski en Moncloa<\/p>\n<p class=\"voc-p\">Volod\u00edmir Zelenski y Pedro S\u00e1nchez, durante su encuentro. AFP<\/p>\n<p>18:29<\/p>\n<p>Firmas de documentos de cooperaci\u00f3n<\/p>\n<p class=\"voc-p\">Antes de que hablen S\u00e1nchez y Zelenski, los dos han presidido un acto en el que el ministro de Asuntos Exteriores, Jos\u00e9 Manuel Albares, y el ministro de Econom\u00eda, Carlos Cuerpo, han firmado sendos memorandos de cooperaci\u00f3n con sus hom\u00f3logos. Tambi\u00e9n han hecho lo propio las empresas de Defensa espa\u00f1olas Indra y Escribano con la ucraniana.<\/p>\n<p>18:23<\/p>\n<p>Salen S\u00e1nchez y Zelenski a hablar tras su encuentro<\/p>\n<p class=\"voc-p\">Al parecer s\u00ed que estaban los dos presidentes en La Moncloa. Ahora, har\u00e1n sus respectivas declaraciones S\u00e1nchez y Zelenski.<\/p>\n<p>18:19<\/p>\n<p>Siguen sin aparecer S\u00e1nchez y Zelenski por La Moncloa<\/p>\n<p class=\"voc-p\">Ni el presidente del Gobierno, Pedro S\u00e1nchez, ni el l\u00edder ucraniano, Volod\u00edmir Zelenski, han llegado todav\u00eda al Palacio de la Moncloa. Casi una hora de retraso respecto al horario oficial.<\/p>\n<p>18:09<\/p>\n<p>El Rey respalda el camino de Ucrania<\/p>\n<p class=\"voc-p\">El Rey ha reiterado el respaldo de Espa\u00f1a a Ucrania en su proceso de adhesi\u00f3n a la Uni\u00f3n Europea, \u00abun camino en el que ha realizado grandes progresos recogidos en el informe de ampliaci\u00f3n de la Comisi\u00f3n Europea del pasado 4 de noviembre\u00bb.<\/p>\n<p>18:01<\/p>\n<p>El agredecimiento de Zelenski a Felipe VI<\/p>\n<p class=\"voc-p\"> Zelenski ha expresado su agradecimiento a Espa\u00f1a \u00abpor su sincero apoyo a Ucrania en nuestra lucha contra la agresi\u00f3n rusa\u00bb en un mensaje en su perfil de Telegram tras reunirse con el Rey. \u00abApreciamos toda la asistencia que nos han brindado\u00bb, ha a\u00f1adido.<\/p>\n<p>17:52<\/p>\n<p>Zelenski, con el Rey a mediod\u00eda<\/p>\n<p class=\"voc-p\">El presidente de Ucrania, Volod\u00edmir Zelenski, fue recibido por el Rey Felipe VI en el Palacio de la Zarzuela para mantener una reuni\u00f3n y almorzar juntos. Este encuentro se enmarc\u00f3 en la segunda parada de la gira europea del mandatario ucraniano, este lunes estuvo en Francia, y tras las visitas que ha mantenido en la ma\u00f1ana de este martes en el Congreso de los Diputados y la sede de la compa\u00f1\u00eda Indra.<\/p>\n<p>17:44<\/p>\n<p>Se retrasa la llegada de S\u00e1nchez y Zelenski<\/p>\n<p class=\"voc-p\">Pese a que estaba previsto que llegasen a La Moncloa a las 17:30 horas, el presidente ucraniano y el espa\u00f1ol todav\u00eda no han acudido hasta all\u00ed. En teor\u00eda, mantendr\u00e1n una reuni\u00f3n para comentar varios asuntos.<\/p>\n<p>17:31<\/p>\n<p>Se espera que lleguen en apenas unos minutos<\/p>\n<p class=\"voc-p\">Se espera Zelenski y S\u00e1nchez lleguen a la Moncloa en apenas unos minutos. Hay cierta expectaci\u00f3n por la ver la foto de ambos dirigentes. <\/p>\n<p>17:21<\/p>\n<p>Tercera visita de Zelenski a Espa\u00f1a<\/p>\n<p class=\"voc-p\">La primera visita de Zelenski a Espa\u00f1a se produjo en 2023, cuando asisti\u00f3 a la reuni\u00f3n de la Comunidad Pol\u00edtica Europea en Granada. Posteriormente, en mayo de 2024, realiz\u00f3 otro viaje en el que, entre otros espacios, visit\u00f3 el Congreso de los Diputados y se reuni\u00f3 con el rey Felipe VI. Adem\u00e1s, rubric\u00f3 con S\u00e1nchez un acuerdo bilateral en materia de seguridad y defensa.<\/p>\n<p>17:15<\/p>\n<p>Habr\u00e1 varios ministros en el acto en Moncloa<\/p>\n<p class=\"voc-p\">Ya en la cita en el Palacio de La Moncloa, S\u00e1nchez y Zelenski firmar\u00e1n acuerdos, en un acto en el que adem\u00e1s estar\u00e1n el ministro de Asuntos Exteriores, Uni\u00f3n Europea y Cooperaci\u00f3n, Jos\u00e9 Manuel Albares; el ministro de Econom\u00eda, Comercio y Empresa, Carlos Cuerpo; y el ministro de Industria y Turismo, Jordi Hereu.<\/p>\n<p>17:10<\/p>\n<p>Visita previa al Museo Reina Sof\u00eda<\/p>\n<p class=\"voc-p\">En el marco de la visita, el presidente ucraniano ser\u00e1 recibido por Pedro S\u00e1nchez en el Palacio de la Moncloa, a las 17.30 horas, \u00abpara abordar cuestiones de inter\u00e9s com\u00fan\u00bb. Antes, sin embargo, ambos van a visitar el Museo Nacional Centro de Arte Reina Sof\u00eda. <\/p>\n<p>17:02<\/p>\n<p>S\u00e1nchez se re\u00fane con Zelenski<\/p>\n<p class=\"voc-p\">El presidente del Gobierno, Pedro S\u00e1nchez, mantendr\u00e1 una reuni\u00f3n este martes en La Moncloa con el presidente de Ucrania, Volod\u00edmir Zelenski, para reafirmar el compromiso de Espa\u00f1a con Ucrania \u00aben todos los \u00e1mbitos\u00bb.<\/p>\n","protected":false},"excerpt":{"rendered":"Sigue en directo la \u00faltima hora de la visita de Volod\u00edmir Zelenski a Madrid y su visita con&hellip;\n","protected":false},"author":2,"featured_media":243321,"comment_status":"","ping_status":"","sticky":false,"template":"","format":"standard","meta":{"footnotes":""},"categories":[5],"tags":[17,18,2125,25,24,13,14,10642,11,1458,315,19,20,205,9,10,15,16,1822,1461,5330,199,23,12,7081,1885,21,22,2318],"class_list":{"0":"post-243320","1":"post","2":"type-post","3":"status-publish","4":"format-standard","5":"has-post-thumbnail","7":"category-titulares","8":"tag-breaking-news","9":"tag-breakingnews","10":"tag-directo","11":"tag-es","12":"tag-espana","13":"tag-featured-news","14":"tag-featurednews","15":"tag-felipe","16":"tag-headlines","17":"tag-hora","18":"tag-hoy","19":"tag-latest-news","20":"tag-latestnews","21":"tag-madrid","22":"tag-news","23":"tag-noticias","24":"tag-noticias-destacadas","25":"tag-noticiasdestacadas","26":"tag-pedro","27":"tag-presidente","28":"tag-rey","29":"tag-sanchez","30":"tag-spain","31":"tag-titulares","32":"tag-ucrania","33":"tag-ultima","34":"tag-ultimas-noticias","35":"tag-ultimasnoticias","36":"tag-zelenski"},"share_on_mastodon":{"url":"https:\/\/pubeurope.com\/@es\/115572466169111394","error":""},"_links":{"self":[{"href":"https:\/\/www.europesays.com\/es\/wp-json\/wp\/v2\/posts\/243320","targetHints":{"allow":["GET"]}}],"collection":[{"href":"https:\/\/www.europesays.com\/es\/wp-json\/wp\/v2\/posts"}],"about":[{"href":"https:\/\/www.europesays.com\/es\/wp-json\/wp\/v2\/types\/post"}],"author":[{"embeddable":true,"href":"https:\/\/www.europesays.com\/es\/wp-json\/wp\/v2\/users\/2"}],"replies":[{"embeddable":true,"href":"https:\/\/www.europesays.com\/es\/wp-json\/wp\/v2\/comments?post=243320"}],"version-history":[{"count":0,"href":"https:\/\/www.europesays.com\/es\/wp-json\/wp\/v2\/posts\/243320\/revisions"}],"wp:featuredmedia":[{"embeddable":true,"href":"https:\/\/www.europesays.com\/es\/wp-json\/wp\/v2\/media\/243321"}],"wp:attachment":[{"href":"https:\/\/www.europesays.com\/es\/wp-json\/wp\/v2\/media?parent=243320"}],"wp:term":[{"taxonomy":"category","embeddable":true,"href":"https:\/\/www.europesays.com\/es\/wp-json\/wp\/v2\/categories?post=243320"},{"taxonomy":"post_tag","embeddable":true,"href":"https:\/\/www.europesays.com\/es\/wp-json\/wp\/v2\/tags?post=243320"}],"curies":[{"name":"wp","href":"https:\/\/api.w.org\/{rel}","templated":true}]}}