{"id":243322,"date":"2025-11-18T20:01:09","date_gmt":"2025-11-18T20:01:09","guid":{"rendered":"https:\/\/www.europesays.com\/es\/243322\/"},"modified":"2025-11-18T20:01:09","modified_gmt":"2025-11-18T20:01:09","slug":"la-primera-jornada-de-la-copa-davis-nos-deja-el-error-mas-grave-que-se-recuerda-en-una-pista-de-tenis","status":"publish","type":"post","link":"https:\/\/www.europesays.com\/es\/243322\/","title":{"rendered":"La primera jornada de la Copa Davis nos deja el error m\u00e1s grave que se recuerda en una pista de tenis"},"content":{"rendered":"<p data-gtm-element-container=\"modulo-texto-link\" class=\"paragraph\">La fase final de la Copa Davis 2025 arranc\u00f3 este jueves con la eliminatoria entre Francia y B\u00e9lgica. La serie no pudo empezar peor para los galos que cedieron el primer punto con<strong> la derrota de Corentin Moutet ante Raphael Collignon por 2-6, 7-5, 7-5.\u00a0<\/strong><\/p>\n<p data-gtm-element-container=\"modulo-texto-link\" class=\"paragraph\">Pese a su gran inicio, <strong>Moutet volvi\u00f3 a hacer gala de su condici\u00f3n de jugador inclasificable con genialidades y errores de bulto<\/strong>. Uno de ellos se llev\u00f3 la palma, para sorpresa del p\u00fablico que poblaba las gradas del\u00a0SuperTennis Arena de Bolonia.<\/p>\n<p>    Lee tambi\u00e9n<\/p>\n<p data-gtm-element-container=\"modulo-texto-link\" class=\"paragraph\">En el segundo set y un marcador de 6-5 favorable a Collignon, <strong>intent\u00f3 hacer un punto de fantas\u00eda, un amago de mate para dejarla botar y golpear despu\u00e9s entre las piernas que le sali\u00f3 mal<\/strong>, porque no calcul\u00f3 bien y la pelota bot\u00f3 directamente en su pie.<\/p>\n<blockquote class=\"twitter-tweet\" data-lang=\"es\"><p>\n<a href=\"https:\/\/twitter.com\/MovistarTenis\/status\/1990827991182475311\" rel=\"nofollow noopener\" target=\"_blank\">\n<\/p><\/blockquote>\n<p data-gtm-element-container=\"modulo-texto-link\" class=\"paragraph\"><strong>Desde ah\u00ed, el partido se le escap\u00f3<\/strong>. Collignon empez\u00f3 a crecer y quebr\u00f3 en ese mismo juego para alargar a la tercera manga, donde rein\u00f3 la igualdad hasta que, de nuevo con 6-5 a favor de Collignon, perdi\u00f3 una ventaja de 40-15.<\/p>\n<p data-gtm-element-container=\"modulo-texto-link\" class=\"paragraph\">De hecho, el \u00faltimo punto del duelo, ni siquiera se disput\u00f3.<strong> Una doble falta regal\u00f3 la victoria a los belgas<\/strong>, que pueden acceder a semifinales en caso de que Bergs se imponga a Rinderknech.<\/p>\n<p><script async src=\"https:\/\/platform.twitter.com\/widgets.js\" charset=\"utf-8\"><\/script><\/p>\n","protected":false},"excerpt":{"rendered":"La fase final de la Copa Davis 2025 arranc\u00f3 este jueves con la eliminatoria entre Francia y B\u00e9lgica.&hellip;\n","protected":false},"author":2,"featured_media":243323,"comment_status":"","ping_status":"","sticky":false,"template":"","format":"standard","meta":{"footnotes":""},"categories":[274],"tags":[168,25,24,23,167,327,326],"class_list":{"0":"post-243322","1":"post","2":"type-post","3":"status-publish","4":"format-standard","5":"has-post-thumbnail","7":"category-tenis","8":"tag-deportes","9":"tag-es","10":"tag-espana","11":"tag-spain","12":"tag-sports","13":"tag-tenis","14":"tag-tennis"},"share_on_mastodon":{"url":"https:\/\/pubeurope.com\/@es\/115572486203882311","error":""},"_links":{"self":[{"href":"https:\/\/www.europesays.com\/es\/wp-json\/wp\/v2\/posts\/243322","targetHints":{"allow":["GET"]}}],"collection":[{"href":"https:\/\/www.europesays.com\/es\/wp-json\/wp\/v2\/posts"}],"about":[{"href":"https:\/\/www.europesays.com\/es\/wp-json\/wp\/v2\/types\/post"}],"author":[{"embeddable":true,"href":"https:\/\/www.europesays.com\/es\/wp-json\/wp\/v2\/users\/2"}],"replies":[{"embeddable":true,"href":"https:\/\/www.europesays.com\/es\/wp-json\/wp\/v2\/comments?post=243322"}],"version-history":[{"count":0,"href":"https:\/\/www.europesays.com\/es\/wp-json\/wp\/v2\/posts\/243322\/revisions"}],"wp:featuredmedia":[{"embeddable":true,"href":"https:\/\/www.europesays.com\/es\/wp-json\/wp\/v2\/media\/243323"}],"wp:attachment":[{"href":"https:\/\/www.europesays.com\/es\/wp-json\/wp\/v2\/media?parent=243322"}],"wp:term":[{"taxonomy":"category","embeddable":true,"href":"https:\/\/www.europesays.com\/es\/wp-json\/wp\/v2\/categories?post=243322"},{"taxonomy":"post_tag","embeddable":true,"href":"https:\/\/www.europesays.com\/es\/wp-json\/wp\/v2\/tags?post=243322"}],"curies":[{"name":"wp","href":"https:\/\/api.w.org\/{rel}","templated":true}]}}