{"id":243324,"date":"2025-11-18T20:02:07","date_gmt":"2025-11-18T20:02:07","guid":{"rendered":"https:\/\/www.europesays.com\/es\/243324\/"},"modified":"2025-11-18T20:02:07","modified_gmt":"2025-11-18T20:02:07","slug":"canarias-no-estara-en-la-vuelta-el-israel-sigue-siendo-el-mismo-equipo","status":"publish","type":"post","link":"https:\/\/www.europesays.com\/es\/243324\/","title":{"rendered":"Canarias no estar\u00e1 en La Vuelta: \u201cEl Israel sigue siendo el mismo equipo\u201d"},"content":{"rendered":"<p class=\"\">La Vuelta 2026 no acabar\u00e1 en Canarias. <a href=\"https:\/\/as.com\/ciclismo\/vuelta_espana\/la-vuelta-acabara-en-canarias-n\/\" target=\"_self\" rel=\"nofollow noopener\" title=\"https:\/\/as.com\/ciclismo\/vuelta_espana\/la-vuelta-acabara-en-canarias-n\/\"><b>Estaba todo encaminado, hablado, acordado<\/b><\/a><b>&#8230; a falta de la firma<\/b>, que no se produjo antes de la celebraci\u00f3n de La Vuelta 2025, una carrera marcada por las protestas contra la presencia del equipo Israel (algo en lo que la organizaci\u00f3n de la ronda, Unipublic, <b>no ten\u00eda, ni tiene, competencias para decidir al ser la UCI la que dictamina los equipos que pueden participar en la carrera al tener plaza \u2018obligatoria\u2019 por m\u00e9ritos)<\/b> por el considerado por la mayor\u00eda de la comunidad internacional, genocidio de Israel en Gaza.<b> Este hecho ha marcado el devenir de la carrera. <\/b><a href=\"https:\/\/as.com\/ciclismo\/revolucion-en-el-equipo-israel-renombra-y-reestructura-el-equipo-alejandose-de-la-identidad-actual-n\/\" target=\"_self\" rel=\"nofollow noopener\" title=\"https:\/\/as.com\/ciclismo\/revolucion-en-el-equipo-israel-renombra-y-reestructura-el-equipo-alejandose-de-la-identidad-actual-n\/\">Pese a que recientemente el equipo Israel inform\u00f3 de la salida de su due\u00f1o<\/a>, Sylvan Adams, \u00edntimo amigo de Benjamin Netanyahu (primer ministro de Israel) y del cambio de pa\u00eds en lo referido a la licencia (sin determinar, podr\u00eda ser de Suiza), <b>en Canarias no terminan de ver estas modificaciones como algo definitivo.<\/b><\/p>\n<p class=\"\">\u201cA pesar de las noticias que hablaban de la desvinculaci\u00f3n de Sylvan Adams de la direcci\u00f3n del equipo y de las dificultades econ\u00f3micas que atraviesa el equipo, <b>el propietario del equipo sigue siendo el mismo y las posibilidades, por m\u00e9ritos deportivos, de que pueda participar en <\/b><a href=\"https:\/\/as.com\/ciclismo\/vuelta_espana\/\" target=\"_self\" rel=\"nofollow noopener\" title=\"https:\/\/as.com\/ciclismo\/vuelta_espana\/\"><b>La Vuelta<\/b><\/a><b>, siguen estando ah\u00ed. <\/b>As\u00ed que la posici\u00f3n del Cabildo de Gran Canaria no ha cambiado\u201d, cuentan a este medio en referencia a unas declaraciones que hicieron desde el Cabildo en septiembre, nada m\u00e1s acabar La Vuelta, <a href=\"https:\/\/as.com\/ciclismo\/vuelta_espana\/incidentes-en-la-vuelta-a-espana-reacciones-en-directo-y-ultima-hora-de-la-carrera-en-madrid-n\/\" target=\"_self\" rel=\"nofollow noopener\" title=\"https:\/\/as.com\/ciclismo\/vuelta_espana\/incidentes-en-la-vuelta-a-espana-reacciones-en-directo-y-ultima-hora-de-la-carrera-en-madrid-n\/\">diciendo que no acoger\u00edan la carrera si el Israel estaba en ella.<\/a><\/p>\n<p class=\"\">La fecha l\u00edmite que dio Unipublic para obtener una respuesta definitiva ya pas\u00f3<b> y, <\/b><a href=\"https:\/\/as.com\/ciclismo\/vuelta_espana\/canarias-no-acogera-la-vuelta-2026-si-esta-el-equipo-israel-n\/\" target=\"_self\" rel=\"nofollow noopener\" title=\"https:\/\/as.com\/ciclismo\/vuelta_espana\/canarias-no-acogera-la-vuelta-2026-si-esta-el-equipo-israel-n\/\"><b>ante la negativa del Cabildo de Gran Canaria,<\/b><\/a> el de Tenerife tambi\u00e9n dej\u00f3 entrever recientemente que no acoger\u00e1n los costes en solitario<b> (alrededor de 6,5 millones de euros) porque sin el Cabildo de Gran Canaria ser\u00eda inviable.<\/b> En la propia Tenerife, puntos como La Laguna y otras partes del sur tambi\u00e9n tuvieron una postura respecto igual al \u2018tema Israel\u2019. <b>La idea era acabar La Vuelta 2026 con dos etapas en Gran Canaria y dos en Tenerife. <\/b><\/p>\n<p class=\"\">La presentaci\u00f3n del recorrido es el 17 de diciembre en M\u00f3naco, punto de partida de la carrera, y a menos de un mes el no haber novedades,<b> ni presentaci\u00f3n de una llegada en Canarias, lugar que no pisa La Vuelta desde 1988, daba pistas sobre las complicaciones existentes&#8230; hasta la negativa final. <\/b>La carrera ser\u00e1 del 22 de agosto al 13 de septiembre y, ahora, toca buscar un nuevo final. El tradicional de siempre de Madrid pierde enteros (<a href=\"https:\/\/as.com\/ciclismo\/vuelta_espana\/la-vuelta-2026-acabara-el-13-septiembre-dia-de-la-f1-en-madrid-canarias-entra-en-escena-n\/\" target=\"_self\" rel=\"nofollow noopener\" title=\"https:\/\/as.com\/ciclismo\/vuelta_espana\/la-vuelta-2026-acabara-el-13-septiembre-dia-de-la-f1-en-madrid-canarias-entra-en-escena-n\/\">ese d\u00eda se celebra el GP de F1<\/a>), por lo que se presentan diversos escenarios para una Vuelta muy esperada. <b>El retorno a Canarias tendr\u00e1 que esperar.<\/b><\/p>\n<p>Noticias relacionadas<\/p>\n<p class=\"\"><b>\u00a1Tus opiniones importan!<\/b> Comenta en los art\u00edculos y suscr\u00edbete gratis a nuestra <a href=\"https:\/\/asfan.as.com\/newsletters\/\" target=\"_blank\" rel=\"nofollow noopener\" title=\"https:\/\/asfan.as.com\/newsletters\/\">newsletter<\/a> y a las alertas informativas en la <a href=\"https:\/\/as.com\/aplicacion-de-as-n\/\" target=\"_blank\" rel=\"nofollow noopener\" title=\"https:\/\/as.com\/aplicacion-de-as-n\/\">App<\/a> o el canal de <a href=\"https:\/\/www.whatsapp.com\/channel\/0029VaAasdA7j6g745nz9M10\" target=\"_blank\" rel=\"nofollow noopener\" title=\"https:\/\/www.whatsapp.com\/channel\/0029VaAasdA7j6g745nz9M10\">WhatsApp<\/a>. <\/p>\n<p class=\"\">\u00bfBuscas licenciar contenido? Haz clic <a href=\"https:\/\/profesional.elpais.com\/soluciones-sindicacion?utm_medium=interno&amp;utm_source=crosslinking&amp;utm_campaign=sindicacion_as_pie_articulos\" target=\"_blank\" rel=\"nofollow noopener\" title=\"https:\/\/profesional.elpais.com\/soluciones-sindicacion?utm_medium=interno&amp;utm_source=crosslinking&amp;utm_campaign=sindicacion_as_pie_articulos\">aqu\u00ed<\/a><\/p>\n","protected":false},"excerpt":{"rendered":"La Vuelta 2026 no acabar\u00e1 en Canarias. Estaba todo encaminado, hablado, acordado&#8230; a falta de la firma, que&hellip;\n","protected":false},"author":2,"featured_media":243325,"comment_status":"","ping_status":"","sticky":false,"template":"","format":"standard","meta":{"footnotes":""},"categories":[273],"tags":[313,312,168,25,24,23,167],"class_list":{"0":"post-243324","1":"post","2":"type-post","3":"status-publish","4":"format-standard","5":"has-post-thumbnail","7":"category-ciclismo","8":"tag-ciclismo","9":"tag-cycling","10":"tag-deportes","11":"tag-es","12":"tag-espana","13":"tag-spain","14":"tag-sports"},"share_on_mastodon":{"url":"https:\/\/pubeurope.com\/@es\/115572489769007848","error":""},"_links":{"self":[{"href":"https:\/\/www.europesays.com\/es\/wp-json\/wp\/v2\/posts\/243324","targetHints":{"allow":["GET"]}}],"collection":[{"href":"https:\/\/www.europesays.com\/es\/wp-json\/wp\/v2\/posts"}],"about":[{"href":"https:\/\/www.europesays.com\/es\/wp-json\/wp\/v2\/types\/post"}],"author":[{"embeddable":true,"href":"https:\/\/www.europesays.com\/es\/wp-json\/wp\/v2\/users\/2"}],"replies":[{"embeddable":true,"href":"https:\/\/www.europesays.com\/es\/wp-json\/wp\/v2\/comments?post=243324"}],"version-history":[{"count":0,"href":"https:\/\/www.europesays.com\/es\/wp-json\/wp\/v2\/posts\/243324\/revisions"}],"wp:featuredmedia":[{"embeddable":true,"href":"https:\/\/www.europesays.com\/es\/wp-json\/wp\/v2\/media\/243325"}],"wp:attachment":[{"href":"https:\/\/www.europesays.com\/es\/wp-json\/wp\/v2\/media?parent=243324"}],"wp:term":[{"taxonomy":"category","embeddable":true,"href":"https:\/\/www.europesays.com\/es\/wp-json\/wp\/v2\/categories?post=243324"},{"taxonomy":"post_tag","embeddable":true,"href":"https:\/\/www.europesays.com\/es\/wp-json\/wp\/v2\/tags?post=243324"}],"curies":[{"name":"wp","href":"https:\/\/api.w.org\/{rel}","templated":true}]}}