{"id":243326,"date":"2025-11-18T20:04:09","date_gmt":"2025-11-18T20:04:09","guid":{"rendered":"https:\/\/www.europesays.com\/es\/243326\/"},"modified":"2025-11-18T20:04:09","modified_gmt":"2025-11-18T20:04:09","slug":"lo-ha-hecho-una-ia","status":"publish","type":"post","link":"https:\/\/www.europesays.com\/es\/243326\/","title":{"rendered":"\u00bfLo ha hecho una IA?"},"content":{"rendered":"<p data-gtm-element-container=\"modulo-texto-link\" class=\"paragraph\">En la v\u00edspera de un crucial duelo a domicilio contra su rival franc\u00e9s, el <strong>Asvel Villeurbanne<\/strong>, el entrenador del AS M\u00f3naco, <strong>Vassilis Spanoulis<\/strong>, ha mostrado su hartazgo y ha cargado duramente contra el calendario de la <strong>Euroliga<\/strong>. La leyenda griega del baloncesto no se guard\u00f3 nada y expres\u00f3 una profunda frustraci\u00f3n por una programaci\u00f3n que considera il\u00f3gica y sin precedentes, la cual, seg\u00fan \u00e9l, perjudica gravemente la preparaci\u00f3n y la estabilidad de los equipos.<\/p>\n<p data-gtm-element-container=\"modulo-texto-link\" class=\"paragraph\">El partido contra el Asvel, un derbi entre equipos de la liga gala, ser\u00e1 el s\u00e9ptimo partido fuera de casa en las \u00faltimas nueve jornadas de Euroliga para los del Principado.<\/p>\n<blockquote class=\"twitter-tweet\" data-lang=\"es\"><p>\n<a href=\"https:\/\/twitter.com\/tvmonaco_tv\/status\/1990797787751981550\" rel=\"nofollow noopener\" target=\"_blank\">\n<\/p><\/blockquote>\n<p data-gtm-element-container=\"modulo-texto-link\" class=\"paragraph\">Visiblemente molesto, <strong>Spanoulis <\/strong>cuestion\u00f3 la estructura de la competici\u00f3n, se\u00f1alando casos extremos que desaf\u00edan toda l\u00f3gica deportiva. \u00abNo estoy de acuerdo con este calendario. Algunas equipos tienen que jugar siete partidos seguidos fuera de casa y luego cinco en casa. Esto no es normal\u00bb, declar\u00f3 el t\u00e9cnico. Con incredulidad, a\u00f1adi\u00f3 que es la primera vez que presencia una situaci\u00f3n as\u00ed en toda su carrera, tanto de jugador como de entrenador, llegando a preguntarse con iron\u00eda: \u00abNo s\u00e9 si la inteligencia artificial ha hecho este calendario o si ha sido una persona, pero es incre\u00edble que esto ocurra\u00bb.<\/p>\n<p>        Lee tambi\u00e9n<\/p>\n<p>    Juli\u00e1n Felipo<\/p>\n<p>             <img loading=\"lazy\" decoding=\"async\" data-full-src=\"https:\/\/www.mundodeportivo.com\/uploads\/2025\/11\/18\/691cb75bda6ee.jpeg\" alt=\"Cameron Hunt en acci\u00f3n en el partido de la primera vuelta\" width=\"334\" height=\"164\" src=\"https:\/\/www.europesays.com\/es\/wp-content\/uploads\/2025\/11\/691cb75bda6ee.r_d.1200-801.jpeg\" class=\"lazy\"\/><\/p>\n<p data-gtm-element-container=\"modulo-texto-link\" class=\"paragraph\">El ex jugador heleno tambi\u00e9n subray\u00f3 las graves consecuencias que esta carga de partidos puede tener en el futuro de los proyectos deportivos. <strong>Spanoulis <\/strong>lament\u00f3 que una racha de derrotas, provocada por un calendario tan desequilibrado, puede costarles el puesto a sus colegas. \u00abNo es normal para preparar a un equipo\u00bb, insisti\u00f3, a\u00f1adiendo que \u00abalgunos entrenadores pierden su trabajo por esto, porque tienen demasiadas derrotas seguidas\u00bb.<\/p>\n<p data-gtm-element-container=\"modulo-texto-link\" class=\"paragraph\">Las contundentes declaraciones del t\u00e9cnico del <strong>M\u00f3naco <\/strong>ponen de manifiesto una creciente preocupaci\u00f3n en el seno de la m\u00e1xima competici\u00f3n europea de baloncesto. Sus palabras resuenan con fuerza justo antes de enfrentarse al <strong>Asvel<\/strong>, un partido que a\u00f1ade a\u00fan m\u00e1s presi\u00f3n a un calendario ya de por s\u00ed extenuante y que, en opini\u00f3n de uno de los nombres m\u00e1s respetados del baloncesto continental, ha sobrepasado los l\u00edmites de lo razonable.<\/p>\n<p><script async src=\"https:\/\/platform.twitter.com\/widgets.js\" charset=\"utf-8\"><\/script><\/p>\n","protected":false},"excerpt":{"rendered":"En la v\u00edspera de un crucial duelo a domicilio contra su rival franc\u00e9s, el Asvel Villeurbanne, el entrenador&hellip;\n","protected":false},"author":2,"featured_media":243327,"comment_status":"","ping_status":"","sticky":false,"template":"","format":"standard","meta":{"footnotes":""},"categories":[269],"tags":[299,298,168,25,24,23,167],"class_list":{"0":"post-243326","1":"post","2":"type-post","3":"status-publish","4":"format-standard","5":"has-post-thumbnail","7":"category-baloncesto","8":"tag-baloncesto","9":"tag-basketball","10":"tag-deportes","11":"tag-es","12":"tag-espana","13":"tag-spain","14":"tag-sports"},"share_on_mastodon":{"url":"https:\/\/pubeurope.com\/@es\/115572498135032819","error":""},"_links":{"self":[{"href":"https:\/\/www.europesays.com\/es\/wp-json\/wp\/v2\/posts\/243326","targetHints":{"allow":["GET"]}}],"collection":[{"href":"https:\/\/www.europesays.com\/es\/wp-json\/wp\/v2\/posts"}],"about":[{"href":"https:\/\/www.europesays.com\/es\/wp-json\/wp\/v2\/types\/post"}],"author":[{"embeddable":true,"href":"https:\/\/www.europesays.com\/es\/wp-json\/wp\/v2\/users\/2"}],"replies":[{"embeddable":true,"href":"https:\/\/www.europesays.com\/es\/wp-json\/wp\/v2\/comments?post=243326"}],"version-history":[{"count":0,"href":"https:\/\/www.europesays.com\/es\/wp-json\/wp\/v2\/posts\/243326\/revisions"}],"wp:featuredmedia":[{"embeddable":true,"href":"https:\/\/www.europesays.com\/es\/wp-json\/wp\/v2\/media\/243327"}],"wp:attachment":[{"href":"https:\/\/www.europesays.com\/es\/wp-json\/wp\/v2\/media?parent=243326"}],"wp:term":[{"taxonomy":"category","embeddable":true,"href":"https:\/\/www.europesays.com\/es\/wp-json\/wp\/v2\/categories?post=243326"},{"taxonomy":"post_tag","embeddable":true,"href":"https:\/\/www.europesays.com\/es\/wp-json\/wp\/v2\/tags?post=243326"}],"curies":[{"name":"wp","href":"https:\/\/api.w.org\/{rel}","templated":true}]}}