{"id":243332,"date":"2025-11-18T20:07:24","date_gmt":"2025-11-18T20:07:24","guid":{"rendered":"https:\/\/www.europesays.com\/es\/243332\/"},"modified":"2025-11-18T20:07:24","modified_gmt":"2025-11-18T20:07:24","slug":"diseno-balines-naturaleza-y-calma-para-vivir-en-un-autentico-oasis-todo-el-ano","status":"publish","type":"post","link":"https:\/\/www.europesays.com\/es\/243332\/","title":{"rendered":"dise\u00f1o balin\u00e9s, naturaleza y calma para vivir en un aut\u00e9ntico oasis todo el a\u00f1o"},"content":{"rendered":"<p id=\"e7AlleoOKL\" data-wc=\"62\">Esta espectacular vivienda te permite <a class=\"hm-link ho-link\" href=\"https:\/\/www.hola.com\/decoracion\/20220530210707\/decoraracion-interiores-inspirada-viajes-lm\/\" data-mrf-recirculation=\"article-body-link\" rel=\"nofollow noopener\" target=\"_blank\">viajar a un para\u00edso<\/a> <strong>tropical<\/strong> como Bali (Indonesia) sin salir de Espa\u00f1a. As\u00ed, nace con la ambici\u00f3n de <strong>reinterpretar<\/strong> la serenidad y el <strong>lujo<\/strong> caracter\u00edsticos de la <a class=\"hm-link ho-link\" href=\"https:\/\/www.hola.com\/decoracion\/20220530210707\/decoraracion-interiores-inspirada-viajes-lm\/\" data-mrf-recirculation=\"article-body-link\" rel=\"nofollow noopener\" target=\"_blank\">arquitectura balinesa<\/a> en un territorio muy distinto: Estepona (M\u00e1laga). Su situaci\u00f3n, una ladera de fuerte pendiente, es el verdadero punto de partida del proyecto, llevado a cabo por <strong>Archidom Studio<\/strong>.\u00a0<\/p>\n<p id=\"eIeRd4XmbW\" data-wc=\"112\">De esta manera, en lugar de desafiar la topograf\u00eda, Villa Bali se <strong>adapta<\/strong> a ella: se escalona, se fragmenta y se abre paso acompa\u00f1ando la inclinaci\u00f3n natural de la colina. Esta decisi\u00f3n del estudio no solo responde a <strong>criterios funcionales<\/strong>, sino tambi\u00e9n a un deseo profundo de establecer una <strong>relaci\u00f3n<\/strong> honesta y respetuosa con el <strong>paisaje<\/strong>. \u201cCuando el cliente nos encarg\u00f3 esta villa, lo hizo movido por el deseo de crear un <strong>refugio balin\u00e9s\u00a0<\/strong>aut\u00e9ntico, un lugar donde pudiera<strong>\u00a0sentir calma<\/strong>, <strong>conexi\u00f3n<\/strong> con la <strong>naturaleza<\/strong> y una sensaci\u00f3n constante de retiro. Quer\u00eda que cada <strong>espacio<\/strong> respirara <strong>serenidad<\/strong>, que la arquitectura acompa\u00f1ara y que la <strong>casa<\/strong> se <strong>abriera<\/strong> al <strong>paisaje<\/strong>, sin perder intimidad\u00bb.\u00a0<\/p>\n<p>112<\/p>\n<p>  <img src=\"https:\/\/www.europesays.com\/es\/wp-content\/uploads\/2025\/11\/fc4637d4b0d9-casa-archidom-11.jpg\"   width=\"1920\" height=\"1080\" loading=\"lazy\" decoding=\"async\" alt=\"Casa de estilo balines en una colina, con piscina infinita, pista de tenis \" fetchpriority=\"auto\" class=\"image ho-image\"\/>\u00a9 Jose Salto<\/p>\n<p> En una colina<\/p>\n<p id=\"etv5rT3-sU7\">El proyecto se organiza a partir de un volumen central que act\u00faa como coraz\u00f3n social de la vivienda, articulando la vida cotidiana entre interior y exterior. Este espacio fluye hacia la gran terraza principal, concebida como un amplio umbral, donde la arquitectura se diluye y el horizonte se vuelve protagonista. La piscina y los distintos planos habitables dialogan entre s\u00ed mediante <strong>materiales c\u00e1lidos<\/strong>,<strong>\u00a0texturas naturales<\/strong> y una <strong>paleta crom\u00e1tica<\/strong> que evoca la <strong>serenidad<\/strong> propia de los <strong>retiros tropicales.<\/strong><\/p>\n<p id=\"eRSK4_hlCi\">A ambos lados del <strong>volumen central\u00a0<\/strong>se despliegan <strong>dos alas laterale<\/strong><strong>s<\/strong>,<strong>\u00a0<\/strong>destinadas a las habitaciones. Una <strong>pista de tenis<\/strong>, estrat\u00e9gicamente situada en el nivel inferior y elevada sobre el terreno, completa el proyecto. M\u00e1s que un a\u00f1adido, se integra como un gesto final que ampl\u00eda la experiencia y refuerza la idea de Villa Bali como un lugar donde la <strong><a class=\"hm-link ho-link\" href=\"https:\/\/www.hola.com\/decoracion\/20250812841927\/ideas-refugio-calma-exterior-am\/\" data-mrf-recirculation=\"article-body-link\" rel=\"nofollow noopener\" target=\"_blank\">vida al aire libre\u00a0<\/a><\/strong>forma<strong>\u00a0parte<\/strong> esencial del <strong>d\u00eda a d\u00eda<\/strong>.<\/p>\n<p>212<\/p>\n<p>  <img src=\"https:\/\/www.europesays.com\/es\/wp-content\/uploads\/2025\/11\/c16c79f7876c-salon-comedor-archidom-64.jpg\"   width=\"1920\" height=\"1080\" loading=\"lazy\" decoding=\"async\" alt=\"Sal\u00f3n comedor con sof\u00e1 beige XL, mesa negra, techo de madera, alfombra, ventanales, l\u00e1mparas de techo XL, vasijas muy grandes\" fetchpriority=\"auto\" class=\"image ho-image\"\/>\u00a9 Jose Salto<\/p>\n<p> Espacios abiertos y comunicados<\/p>\n<p id=\"e7xpS1dDfp1\">Con <strong>450 m\u00b2<\/strong>, el cliente, se\u00f1alan desde Archidom Studio, \u00abbuscaba <strong>\u00e1reas amplias\u00a0<\/strong>para compartir <strong>momentos\u00a0<\/strong>con <strong>familia<\/strong> y <strong>amigos<\/strong>, pero tambi\u00e9n <a class=\"hm-link ho-link\" href=\"https:\/\/www.hola.com\/decoracion\/20250320821305\/10-rincones-acogedores-casa-refugio-paz-bienestar-lm\/\" data-mrf-recirculation=\"article-body-link\" rel=\"nofollow noopener\" target=\"_blank\">rincones privados<\/a><strong>\u00a0<\/strong>donde <strong>desconectar<\/strong>. De esa visi\u00f3n nace el volumen central social, las dos alas m\u00e1s \u00edntimas, la terraza principal que se proyecta sobre el horizonte y, como gesto final, una pista de tenis que completa la experiencia de esta villa de lujo\u00bb.\u00a0<\/p>\n<p id=\"e2Jrp04cen\">El dise\u00f1o interior apuesta por <strong>espacios abiertos<\/strong> y comunicados con el exterior, como este gran sal\u00f3n, comedor y cocina. Una estancia en com\u00fan c\u00f3moda y funcional para el d\u00eda a d\u00eda.\u00a0<\/p>\n<p>312<\/p>\n<p>  <img src=\"https:\/\/www.europesays.com\/es\/wp-content\/uploads\/2025\/11\/fe5e7159a625-salon-archidom-09.jpg\"   width=\"1920\" height=\"1080\" loading=\"lazy\" decoding=\"async\" alt=\"Sal\u00f3n con sof\u00e1 beige, grandes ventanales que comunican con el jard\u00edn, techo de madera, alfombra, butaca blanca, mesa de centro negra, l\u00e1mpara de techo\" fetchpriority=\"auto\" class=\"image ho-image\"\/>\u00a9 Jose Salto<\/p>\n<p> Sal\u00f3n en clave contempor\u00e1nea<\/p>\n<p id=\"e_rlLYN6BCZ\">Desde Archidom Studio ten\u00edan claro que no quer\u00edan hacer una copia exacta del estilo balin\u00e9s. As\u00ed, la arquitectura toma distancia y opta por una<strong>\u00a0interpretaci\u00f3n contempor\u00e1ne<\/strong><strong>a<\/strong> basada en la <strong>atm\u00f3sfera<\/strong> y la <strong>materialidad<\/strong>.\u00a0<\/p>\n<p id=\"eIVaMBamMQB\"><a class=\"hm-link ho-link\" href=\"https:\/\/www.hola.com\/decoracion\/20250519831383\/techos-madera-hogar-acogedor-am\/\" data-mrf-recirculation=\"article-body-link\" rel=\"nofollow noopener\" target=\"_blank\">Techos de madera<\/a> con estructura vista,<strong>\u00a0muros de piedra<\/strong> natural, <strong>carpinter\u00edas oscuras<\/strong> y una selecci\u00f3n de <strong>piezas artesanales<\/strong> trazan un equilibrio entre sobriedad y calidez. Los espacios se sienten generosos, luminosos y calmados, dominados por <strong>tonos tierra<\/strong>,<strong>\u00a0textiles suaves y<\/strong> un mobiliario que apuesta por <strong>formas org\u00e1nicas<\/strong> y<strong>\u00a0l\u00edneas depuradas<\/strong>.<\/p>\n<p>412<\/p>\n<p>  <img src=\"https:\/\/www.europesays.com\/es\/wp-content\/uploads\/2025\/11\/ccfdd2d5c674-cocina-comedor-archidom-34.jpg\"   width=\"1920\" height=\"1080\" loading=\"lazy\" decoding=\"async\" alt=\"Cocina con comedor, techo de madera, mesa de madera, l\u00e1mpara de techo. sillas de madera, muebles de cocina sin tiradores, ventanales que comunican jard\u00edn \" fetchpriority=\"auto\" class=\"image ho-image\"\/>\u00a9 Jose Salto<\/p>\n<p> Cocina con comedor<\/p>\n<p id=\"eeJr6lVe-xq\">La <strong>cocina<\/strong> y el <strong>comedor<\/strong>, integrados, pero claramente jerarquizados, funcionan como un <strong>espacio socia<\/strong>l fluido. Conectado con el <strong>exterior<\/strong>, gracias a los tabiques de cristal correderos de ambos lados, tiene <strong>acceso<\/strong> directo a una <strong>cocina al aire libre<\/strong>, perfecta para el buen tiempo.\u00a0<\/p>\n<p id=\"e0nDy4hSKh7\">La <a class=\"hm-link ho-link\" href=\"https:\/\/www.hola.com\/decoracion\/20250121741139\/mesas-de-comedor-diseno-espectacular-am\/\" data-mrf-recirculation=\"article-body-link\" rel=\"nofollow noopener\" target=\"_blank\">espectacular mesa\u00a0<\/a>de madera oscura, una de las se\u00f1as de identidad de este estilo, se convierte en el eje alrededor de este espacio en com\u00fan. De esta manera, se erige como centro para la vida en familia en los meses m\u00e1s fr\u00edos del a\u00f1o.\u00a0<\/p>\n<p>512<\/p>\n<p>  <img src=\"https:\/\/www.europesays.com\/es\/wp-content\/uploads\/2025\/11\/06c0c2abb295-comedor-archidom-31.jpg\"   width=\"1920\" height=\"1080\" loading=\"lazy\" decoding=\"async\" alt=\"Cocina con comedor con gran mesa de madera oscura, con sillas de madera, con respaldo y asiento tapizados, isla de cocina, techo de madera\" fetchpriority=\"auto\" class=\"image ho-image\"\/>\u00a9 Jose Salto<\/p>\n<p> Ambientes en armon\u00eda<\/p>\n<p id=\"evPOEy4-f7u\">Esta <a class=\"hm-link ho-link\" href=\"https:\/\/www.hola.com\/decoracion\/20180522124139\/cocinas-con-comedor\/\" data-mrf-recirculation=\"article-body-link\" rel=\"nofollow noopener\" target=\"_blank\">cocina con comedor<\/a> recoge la esencia del proyecto: <strong>materiales nobles<\/strong>,<strong>\u00a0luz natural\u00a0<\/strong>abundante y una <strong>convivencia<\/strong> arm\u00f3nica entre lo <strong>funcional<\/strong> y lo <strong>emocional<\/strong>. Siguiendo las bases del estilo balin\u00e9s, los <strong>muebles<\/strong> son de <strong>l\u00edneas sencillas,\u00a0<\/strong>sin ninguna concesi\u00f3n al exceso.\u00a0<\/p>\n<p id=\"eUwp4E-YJVI\">Por eso, el dise\u00f1o de los armarios no incluye tiradores o no hay alfombras, ni elementos a la vista, lo que crea un espacio m\u00e1s limpio visualmente.<\/p>\n<p>612<\/p>\n<p>  <img src=\"https:\/\/www.europesays.com\/es\/wp-content\/uploads\/2025\/11\/499c07d02567-escalera-archidom-39.jpg\"   width=\"1080\" height=\"1800\" loading=\"lazy\" decoding=\"async\" alt=\"Escalera con barandilla met\u00e1lica negra y ventanal en el rellano \" fetchpriority=\"auto\" class=\"image ho-image\"\/>\u00a9 Jose Salto<\/p>\n<p> Una escalera ligera y luminosa<\/p>\n<p id=\"e13ZCvVEfh_\">La <strong>parte social<\/strong> est\u00e1 en la planta baja, mientras que la <strong>privada<\/strong> est\u00e1 en la <strong>primera<\/strong>. La <a class=\"hm-link ho-link\" href=\"https:\/\/www.hola.com\/decoracion\/20191010150640\/ideas-decoracion-diseno-escalera-interior\/\" data-mrf-recirculation=\"article-body-link\" rel=\"nofollow noopener\" target=\"_blank\">escalera<\/a> es tambi\u00e9n parte del <strong>dise\u00f1o interior<\/strong>, incluso cuenta con una <strong>ventana<\/strong> XL, que no solo proporciona luz, sino que tambi\u00e9n mantiene el v\u00ednculo con el entorno.\u00a0<\/p>\n<p>712<\/p>\n<p>  <img src=\"https:\/\/www.europesays.com\/es\/wp-content\/uploads\/2025\/11\/a64faaccd618-dormitorio-archidom-29.jpg\"   width=\"1920\" height=\"1080\" loading=\"lazy\" decoding=\"async\" alt=\"Dormitorio de estilo japon\u00e9s, con cama sobre base de madera, techo de madera, ventanales, cortinas beiges, jarrones, l\u00e1mparas de pared, estanter\u00eda\" fetchpriority=\"auto\" class=\"image ho-image\"\/>\u00a9 Jose Salto<\/p>\n<p> Dormitorio principal<\/p>\n<p id=\"eSlOeVdQq-Z\">Pensar en una casa de <strong>estilo balin\u00e9s<\/strong> es pensar en estancias donde se <strong>combina<\/strong> la <strong>serenidad<\/strong> de la<strong>\u00a0est\u00e9tica oriental\u00a0<\/strong>con la <strong>frescura<\/strong> de la <strong>tropical<\/strong>. Y, casi al instante, visualizas una <strong>cama<\/strong> tan espectacular como esta, protagonista absoluta, y un <strong>ambiente<\/strong> tan <strong>tranquilo<\/strong> y sosegado como el que respira ese <a class=\"hm-link ho-link\" href=\"https:\/\/www.hola.com\/decoracion\/20240918717076\/feng-shui-dormitorios\/\" data-mrf-recirculation=\"article-body-link\" rel=\"nofollow noopener\" target=\"_blank\">dormitorio<\/a>.\u00a0<\/p>\n<p id=\"e3SiHDzq5_\">La <strong>madera<\/strong> en distintos tonos vuelve a ser el material estrella, vistiendo <strong>suelo<\/strong>, <strong>techo<\/strong> y <strong>mobiliario<\/strong>. Al igual que los <strong>grandes ventanales<\/strong> a ambos lados de la cama, que estrechan lazos con el exterior, multiplican la luz y hacen crecer visualmente los metros.\u00a0<\/p>\n<p>812<\/p>\n<p>  <img src=\"https:\/\/www.europesays.com\/es\/wp-content\/uploads\/2025\/11\/c6e0f76d9ddf-habitacion-archidom-37.jpg\"   width=\"1920\" height=\"1080\" loading=\"lazy\" decoding=\"async\" alt=\"Dormitorio con dos camas, corredera de cristal con salida a la terraza, l\u00e1mparas de techo, cortinas beiges\" fetchpriority=\"auto\" class=\"image ho-image\"\/>\u00a9 Jose Salto<\/p>\n<p> Con salida a la terraza<\/p>\n<p id=\"e2Ee6L5sOaL\">Las habitaciones logran privacidad, manteniendo, al mismo tiempo, <strong>conexi\u00f3n directa<\/strong> con el <strong>entorno<\/strong>, logrando que cada estancia establezca su propio v\u00ednculo con la vegetaci\u00f3n y con la luz que desciende por la ladera.\u00a0<\/p>\n<p id=\"eiNJCn5nPc\">En este dormitorio con dos camas, los<strong>\u00a0<\/strong><a class=\"hm-link ho-link\" href=\"https:\/\/www.hola.com\/decoracion\/20220127203234\/ventanas-protagonistas-decoracion-interiores-am\/\" data-mrf-recirculation=\"article-body-link\" rel=\"nofollow noopener\" target=\"_blank\">grandes ventanales<\/a>, los <strong>materiales<\/strong> y las <strong>texturas<\/strong> favorecen esta relaci\u00f3n. Al mismo tiempo, las correderas de cristal <strong>multiplican<\/strong> la sensaci\u00f3n<strong>\u00a0<\/strong>de<strong>\u00a0amplitud<\/strong> y crean espacios que parecen respirar al ritmo del paisaje.\u00a0<\/p>\n<p>912<\/p>\n<p>  <img src=\"https:\/\/www.europesays.com\/es\/wp-content\/uploads\/2025\/11\/69fa0aa0614c-terraza-archidom-01.jpg\"   width=\"1920\" height=\"1080\" loading=\"lazy\" decoding=\"async\" alt=\"Terraza con tumbonas, vegetaci\u00f3n exuberante tropical, vistas monta\u00f1a \" fetchpriority=\"auto\" class=\"image ho-image\"\/>\u00a9 Jose Salto<\/p>\n<p> Ambiente tropical<\/p>\n<p id=\"edVkAjhRhCK\">Esta arquitectura no solo se posa sobre la colina, sino que, como cuentan desde el estudio de arquitectura, \u00abdialoga con ella para construir un <strong>refugio contempor\u00e1neo<\/strong> profundamente <strong>conectado<\/strong> con su <strong>entorno<\/strong>\u00ab. En esta atm\u00f3sfera hay que destacar el papel de la piscina, pero tambi\u00e9n de las <a class=\"hm-link ho-link\" href=\"https:\/\/www.hola.com\/decoracion\/20250606836501\/ideas-terraza-verano-comoda-estilo-lm\/\" data-mrf-recirculation=\"article-body-link\" rel=\"nofollow noopener\" target=\"_blank\">terrazas<\/a>, como esta a la que se accede desde uno de los dormitorios.<\/p>\n<p id=\"e8T09fSX0v\">Con una <strong>vegetaci\u00f3n exuberante\u00a0<\/strong>y frondosa, estar en ella es como estar en Bali, un peque\u00f1o <strong>para\u00edso tropical<\/strong> en un <strong>rinc\u00f3n malague\u00f1o<\/strong>.\u00a0<\/p>\n<p>1012<\/p>\n<p>  <img src=\"https:\/\/www.europesays.com\/es\/wp-content\/uploads\/2025\/11\/cd6615657590-bano-archidom-27.jpg\"   width=\"1920\" height=\"1080\" loading=\"lazy\" decoding=\"async\" alt=\"Ba\u00f1o con ba\u00f1era exenta de estilo japon\u00e9s, techo de madera, tabique de lamas de madera, espejo, luces en el techo, ventanal con cortina de lamas\" fetchpriority=\"auto\" class=\"image ho-image\"\/>\u00a9 Jose Salto<\/p>\n<p> Ba\u00f1o con alma de spa<\/p>\n<p id=\"eXxy7v9GDiX\">Este esp\u00edritu tranquilo se siente en todas las estancias de la casa. El ba\u00f1o adopta el<a class=\"hm-link ho-link\" href=\"https:\/\/www.hola.com\/decoracion\/20251106865982\/banos-estilo-japones-tendencia-decoracion-2026-lm\/\" data-mrf-recirculation=\"article-body-link\" rel=\"nofollow noopener\" target=\"_blank\">\u00a0estilo japon\u00e9s<\/a>, con una atm\u00f3sfera donde su <strong>ba\u00f1era exenta<\/strong>, su <strong>l<\/strong><strong>uz indirecta<\/strong> y sus <strong>colores<\/strong> y <strong>texturas<\/strong> proporcionan el ambiente ideal para meditar y relajarse.\u00a0<\/p>\n<p id=\"ex0ljP9nZD\">Como se\u00f1alan desde Archidom \u00abVilla Bali es una obra que consigue traducir el <strong>esp\u00edritu balin\u00e9s<\/strong> sin recurrir a clich\u00e9s: su esencia reside en la <strong>relaci\u00f3n<\/strong> con la <strong>naturaleza<\/strong>, en la <strong>calma<\/strong> que transmiten sus <strong>materiales<\/strong> y en la forma en que <strong>cada espacio<\/strong> <strong>invita<\/strong> a la <strong>contemplaci\u00f3n<\/strong>\u00ab.<\/p>\n<p>1112<\/p>\n<p>  <img src=\"https:\/\/www.europesays.com\/es\/wp-content\/uploads\/2025\/11\/962be7cdf3cb-jardin-archidom-05.jpg\"   width=\"1920\" height=\"1080\" loading=\"lazy\" decoding=\"async\" alt=\"Jard\u00edn con piscina, palmeras, sombrillas, tumbonas \" fetchpriority=\"auto\" class=\"image ho-image\"\/>\u00a9 Jose Salto<\/p>\n<p> Vida al aire libre<\/p>\n<p id=\"eQHzZei7dcP\">En una <strong>parcela<\/strong> de <strong>2.772 m\u00b2<\/strong>, el <a class=\"hm-link ho-link\" href=\"https:\/\/www.hola.com\/decoracion\/20250122790952\/renovar-jardin-ideas-paisajismo\/\" data-mrf-recirculation=\"article-body-link\" rel=\"nofollow noopener\" target=\"_blank\">jard\u00edn<\/a>, con la <strong>piscina<\/strong> y la <strong>pista de tenis<\/strong>, se convierte en otra estancia de la casa.\u00a0<\/p>\n<p id=\"ets77HriD_\">Conectado con el interior y distribuido en distintos planos, los <strong>diferentes<\/strong> <strong>ambientes<\/strong> (comedor exterior, estar, relax\u2026) proporcionan el<strong>\u00a0rinc\u00f3n ideal<\/strong> para cada <strong>momento<\/strong>. Un chapuz\u00f3n, tomar el sol, comer con los amigos, sobremesas relajadas, una siesta a la sombra o una tarde de lectura.\u00a0<\/p>\n<p>1212<\/p>\n<p>  <img src=\"https:\/\/www.europesays.com\/es\/wp-content\/uploads\/2025\/11\/4fab7acd8005-piscina-archidom-21.jpg\"   width=\"1920\" height=\"1080\" loading=\"lazy\" decoding=\"async\" alt=\"Piscina infinita con vistas a la monta\u00f1a y al mar \" fetchpriority=\"auto\" class=\"image ho-image\"\/>\u00a9 Jose Salto<\/p>\n<p> Piscina infinita<\/p>\n<p id=\"eObQ1fco65I\">Esta espectacular <a class=\"hm-link ho-link\" href=\"https:\/\/www.hola.com\/decoracion\/20210722193391\/piscinas-desbordantes-jardin-nu\/\" data-mrf-recirculation=\"article-body-link\" rel=\"nofollow noopener\" target=\"_blank\">piscina infinita<\/a> es el broche perfecto de una vivienda que busca la sensaci\u00f3n de <strong>retiro<\/strong> y <strong>tranquilidad<\/strong>, <strong>sin<\/strong> necesidad de <strong>salir de casa<\/strong>. Porque, adem\u00e1s de su ubicaci\u00f3n, sus vistas y su dise\u00f1o desbordante, es una clara <strong>invitaci\u00f3n<\/strong> a <strong>disfrutar<\/strong> del <strong>aire libre<\/strong>, tanto para darte un chapuz\u00f3n como para sentarte en la tumbona y dejar las horas pasar.<\/p>\n<p id=\"ekXwtErQ-o\">Toda una declaraci\u00f3n de libertad, que encaja muy bien con el esp\u00edritu del resto de esta villa malague\u00f1a.\u00a0<\/p>\n","protected":false},"excerpt":{"rendered":"Esta espectacular vivienda te permite viajar a un para\u00edso tropical como Bali (Indonesia) sin salir de Espa\u00f1a. As\u00ed,&hellip;\n","protected":false},"author":2,"featured_media":243333,"comment_status":"","ping_status":"","sticky":false,"template":"","format":"standard","meta":{"footnotes":""},"categories":[173],"tags":[801,229,233,231,230,8372,14046,232,253,234,146,147,25,24,14047,23],"class_list":{"0":"post-243332","1":"post","2":"type-post","3":"status-publish","4":"format-standard","5":"has-post-thumbnail","7":"category-arte-y-diseno","8":"tag-arquitectura","9":"tag-arte","10":"tag-arte-y-diseno","11":"tag-arts","12":"tag-arts-and-design","13":"tag-decoracion","14":"tag-decoracion-de-interiores","15":"tag-design","16":"tag-discover","17":"tag-diseno","18":"tag-entertainment","19":"tag-entretenimiento","20":"tag-es","21":"tag-espana","22":"tag-ideas-decoracion","23":"tag-spain"},"share_on_mastodon":{"url":"https:\/\/pubeurope.com\/@es\/115572509890520426","error":""},"_links":{"self":[{"href":"https:\/\/www.europesays.com\/es\/wp-json\/wp\/v2\/posts\/243332","targetHints":{"allow":["GET"]}}],"collection":[{"href":"https:\/\/www.europesays.com\/es\/wp-json\/wp\/v2\/posts"}],"about":[{"href":"https:\/\/www.europesays.com\/es\/wp-json\/wp\/v2\/types\/post"}],"author":[{"embeddable":true,"href":"https:\/\/www.europesays.com\/es\/wp-json\/wp\/v2\/users\/2"}],"replies":[{"embeddable":true,"href":"https:\/\/www.europesays.com\/es\/wp-json\/wp\/v2\/comments?post=243332"}],"version-history":[{"count":0,"href":"https:\/\/www.europesays.com\/es\/wp-json\/wp\/v2\/posts\/243332\/revisions"}],"wp:featuredmedia":[{"embeddable":true,"href":"https:\/\/www.europesays.com\/es\/wp-json\/wp\/v2\/media\/243333"}],"wp:attachment":[{"href":"https:\/\/www.europesays.com\/es\/wp-json\/wp\/v2\/media?parent=243332"}],"wp:term":[{"taxonomy":"category","embeddable":true,"href":"https:\/\/www.europesays.com\/es\/wp-json\/wp\/v2\/categories?post=243332"},{"taxonomy":"post_tag","embeddable":true,"href":"https:\/\/www.europesays.com\/es\/wp-json\/wp\/v2\/tags?post=243332"}],"curies":[{"name":"wp","href":"https:\/\/api.w.org\/{rel}","templated":true}]}}