{"id":243341,"date":"2025-11-18T20:13:12","date_gmt":"2025-11-18T20:13:12","guid":{"rendered":"https:\/\/www.europesays.com\/es\/243341\/"},"modified":"2025-11-18T20:13:12","modified_gmt":"2025-11-18T20:13:12","slug":"detectan-por-primera-vez-en-humanos-el-virus-de-la-gripe-aviar-h5n5-en-un-paciente-de-estados-unidos","status":"publish","type":"post","link":"https:\/\/www.europesays.com\/es\/243341\/","title":{"rendered":"Detectan por primera vez en humanos el virus de la gripe aviar H5N5 en un paciente de Estados Unidos"},"content":{"rendered":"<p>El <strong>Departamento de Salud del Estado de Washington<\/strong>\u00a0ha confirmado un caso de <strong>gripe A H5N5<\/strong> en un residente, lo que ha activado una investigaci\u00f3n conjunta para determinar el origen de la exposici\u00f3n y evaluar posibles riesgos. Se trata del primer caso registrado de este subtipo de gripe aviar en humanos.<\/p>\n<p>El paciente, residente del condado de <strong>Grays Harbor<\/strong>, fue hospitalizado a principios de noviembre con s\u00edntomas de gripe y positivo por influenza A H5. Pruebas adicionales confirmaron que el virus es H5N5, un virus de influenza aviar que se hab\u00eda detectado previamente en animales, pero nunca antes en humanos.<\/p>\n<p>No obstante, los Centros para el Control y la Prevenci\u00f3n de Enfermedades (<strong>CDC<\/strong>) y el Departamento de Salud consideran actualmente que el <strong>riesgo de influenza aviar para la poblaci\u00f3n es bajo<\/strong>.<\/p>\n<p>La persona afectada es un <strong>adulto de avanzada edad<\/strong> con afecciones preexistentes y permanece hospitalizada. Adem\u00e1s, seg\u00fan han indicado desde el Departamento de Salud, tiene en su domicilio <strong>aves de corral que pudieron estar expuestas a aves silvestres<\/strong>.<\/p>\n<p>\u201cLas <strong>aves de corral o las silvestres son la fuente m\u00e1s probable<\/strong> de exposici\u00f3n al virus; sin embargo, la investigaci\u00f3n de salud p\u00fablica contin\u00faa\u201d, trasladan desde el Departamento de Salud del Estado de Washington.<\/p>\n<p>El Departamento de Salud de Washington est\u00e1 colaborando con el departamento de salud local y el <strong>Departamento de Agricultura del Estado de Washington<\/strong> para completar las investigaciones sobre la fuente animal del virus.\u00a0<\/p>\n<p>\u201cLos expertos en salud p\u00fablica no han identificado <strong>ning\u00fan riesgo relevante para la poblaci\u00f3n<\/strong>\u201d, insisten las autoridades sanitarias.<\/p>\n","protected":false},"excerpt":{"rendered":"El Departamento de Salud del Estado de Washington\u00a0ha confirmado un caso de gripe A H5N5 en un residente,&hellip;\n","protected":false},"author":2,"featured_media":243342,"comment_status":"","ping_status":"","sticky":false,"template":"","format":"standard","meta":{"footnotes":""},"categories":[92],"tags":[3538,25,24,3545,1949,165,3546,1345,3544,3539,3548,3537,3543,166,3536,3547,3540,23,3541,3542],"class_list":{"0":"post-243341","1":"post","2":"type-post","3":"status-publish","4":"format-standard","5":"has-post-thumbnail","7":"category-salud","8":"tag-diario-digital-salud-animal","9":"tag-es","10":"tag-espana","11":"tag-estudiante-de-veterinaria","12":"tag-ganaderia","13":"tag-health","14":"tag-industria-veterinaria","15":"tag-mascotas","16":"tag-medicamentos-veterinarios","17":"tag-noticias-sobre-veterinaria","18":"tag-nurtricion-animal","19":"tag-periodico-digital-salud-animal","20":"tag-piensos","21":"tag-salud","22":"tag-salud-animal","23":"tag-salud-y-bienestar-animal","24":"tag-sanidad-animal","25":"tag-spain","26":"tag-veterinaria","27":"tag-veterinarios"},"share_on_mastodon":{"url":"https:\/\/pubeurope.com\/@es\/115572533257869224","error":""},"_links":{"self":[{"href":"https:\/\/www.europesays.com\/es\/wp-json\/wp\/v2\/posts\/243341","targetHints":{"allow":["GET"]}}],"collection":[{"href":"https:\/\/www.europesays.com\/es\/wp-json\/wp\/v2\/posts"}],"about":[{"href":"https:\/\/www.europesays.com\/es\/wp-json\/wp\/v2\/types\/post"}],"author":[{"embeddable":true,"href":"https:\/\/www.europesays.com\/es\/wp-json\/wp\/v2\/users\/2"}],"replies":[{"embeddable":true,"href":"https:\/\/www.europesays.com\/es\/wp-json\/wp\/v2\/comments?post=243341"}],"version-history":[{"count":0,"href":"https:\/\/www.europesays.com\/es\/wp-json\/wp\/v2\/posts\/243341\/revisions"}],"wp:featuredmedia":[{"embeddable":true,"href":"https:\/\/www.europesays.com\/es\/wp-json\/wp\/v2\/media\/243342"}],"wp:attachment":[{"href":"https:\/\/www.europesays.com\/es\/wp-json\/wp\/v2\/media?parent=243341"}],"wp:term":[{"taxonomy":"category","embeddable":true,"href":"https:\/\/www.europesays.com\/es\/wp-json\/wp\/v2\/categories?post=243341"},{"taxonomy":"post_tag","embeddable":true,"href":"https:\/\/www.europesays.com\/es\/wp-json\/wp\/v2\/tags?post=243341"}],"curies":[{"name":"wp","href":"https:\/\/api.w.org\/{rel}","templated":true}]}}