{"id":243343,"date":"2025-11-18T20:14:07","date_gmt":"2025-11-18T20:14:07","guid":{"rendered":"https:\/\/www.europesays.com\/es\/243343\/"},"modified":"2025-11-18T20:14:07","modified_gmt":"2025-11-18T20:14:07","slug":"fallece-julio-fernandez-fundador-del-grupo-filmax-y-de-la-productora-fantastic-factory","status":"publish","type":"post","link":"https:\/\/www.europesays.com\/es\/243343\/","title":{"rendered":"Fallece Julio Fern\u00e1ndez, fundador del grupo Filmax y de la productora Fantastic Factory"},"content":{"rendered":"<p class=\"article-text\">\n        Julio Fern\u00e1ndez Rodr\u00edguez, fundador del grupo Filmax y su presidente hasta 2010, adem\u00e1s de impulsor del cine de g\u00e9nero fant\u00e1stico y de terror con la Fantastic Factory, falleci\u00f3 este lunes 17 de noviembre en Miami a los 78 a\u00f1os, ha informado este martes la empresa audiovisual con sede en Barcelona.\n    <\/p>\n<p class=\"article-text\">\n        Nacido en A Fonsagrada, Lugo, Fern\u00e1ndez inici\u00f3 su aventura en el mundo del cine en 1983, viajando a Hollywood para traer a Espa\u00f1a largometrajes que se convertir\u00edan en grandes \u00e9xitos. Pocos a\u00f1os m\u00e1s tarde (1987) adquiri\u00f3 la marca Filmax, con la que construy\u00f3 una de las empresas hist\u00f3ricas del sector cinematogr\u00e1fico espa\u00f1ol.\n    <\/p>\n<p class=\"article-text\">\n        As\u00ed, convirti\u00f3 una empresa que hasta entonces solo era distribuidora en uno de los principales estudios independientes del pa\u00eds y en productora de cine y televisi\u00f3n.\n    <\/p>\n<p class=\"article-text\">\n        Desde entonces, Filmax ha producido m\u00e1s de cien largometrajes, como &#8216;El maquinista&#8217;, con Christian Bale y dirigida por Brad Anderson; &#8216;El perfume&#8217;, dirigida por Tom Tykwer; la saga de terror &#8216;[REC]&#8217;, de Jaume Balaguer\u00f3 y Paco Plaza; &#8216;Transsiberian&#8217;, con Woody Harrelson y Emily Mortimer y dirigida por Brad Anderson; &#8216;The Way&#8217;, de Emilio Est\u00e9vez con Martin Sheen, y &#8216;Mientras Duermes&#8217;, de Jaume Balaguer\u00f3, protagonizada por Luis Tosar y Marta Etura.\n    <\/p>\n<p class=\"article-text\">\n        M\u00e1s recientemente, ha llevado a la gran pantalla producciones como &#8216;100 metros&#8217;, de Marcel Barrena con Dani Rovira, Karra Elejalde y Alejandra Jim\u00e9nez; &#8216;Musa&#8217;, de Jaume Balaguer\u00f3, que cont\u00f3 con Christopher Lloyd, Manuela Vell\u00e9s y Leonor Watling en su elenco de actores, y &#8216;No Matar\u00e1s&#8217;, dirigida por David Victori y protagonizada por Mario Casas.\n    <\/p>\n<p class=\"article-text\">\n        Las \u00faltimas producciones han sido &#8216;El maestro que prometi\u00f3 el mar&#8217;, coproducida junto con Minor\u00eda Absoluta y Lastor Media y protagonizada por Enric Auquer y Laia Costa; y &#8216;La ermita&#8217;, coproducida junto con Bixagu Entertainment, una f\u00e1bula sobrenatural dirigida por Carlota Pereda y protagonizada por Bel\u00e9n Rueda.\n    <\/p>\n<p>    La Fantastic Factory<\/p>\n<p class=\"article-text\">\n        Julio Rodr\u00edguez fue adem\u00e1s un referente en la producci\u00f3n de cine fant\u00e1stico y de terror, como el sello de la Fantastic Factory. Como explica Juan Luis Daza en el libro &#8216;Fantastic Factory: El cine de los condenados&#8217;, en el a\u00f1o 2000 se asoci\u00f3 al cineasta estadounidense Brian Yuzna para crear una productora de cine de g\u00e9nero con sede en Barcelona.\n    <\/p>\n<p class=\"article-text\">\n        A lo largo de cinco a\u00f1os y nueve pel\u00edculas, la Fantastic Factory produjo t\u00edtulos como &#8216;Faust: La venganza est\u00e1 en la sangre&#8217; y &#8216;Bajo aguas tranquilas&#8217;.\n    <\/p>\n<p class=\"article-text\">\n        \u201cFern\u00e1ndez y Yuzna lucharon por un sector de la industria espa\u00f1ola necesitado de nuevas producciones que recuperaran el legado de aquellas obras de culto de los a\u00f1os 60 y 70 que atravesaron fronteras y dieron a conocer internacionalmente a autores como Narciso Ib\u00e1\u00f1ez Serrador, Jes\u00fas Franco o Paul Naschy\u201d, asegura Daza.\n    <\/p>\n<p class=\"article-text\">\n        Fern\u00e1ndez fue miembro de la Academia de las Artes y las Ciencias Cinematogr\u00e1ficas de Espa\u00f1a, consejero de la directiva de EGEDA (Entidad de Gesti\u00f3n de Derechos de los Productores Audiovisuales), presidente de la AEGACAT (Asociaci\u00f3n de Empresarios Gallegos de Catalu\u00f1a) y ha recibido numerosos reconocimientos como la Medalla Castelao del Gobierno de Galicia o las llaves de la ciudad de Barcelona y de Miami.\n    <\/p>\n<p>    <a href=\"https:\/\/www.eldiario.es\/cultura\/cine\/oliver-laxe-albert-serra-filme-animacion-olivia-terremoto-invisible-nominados-premios-cine-europeo_1_12776759.html\" data-mrf-recirculation=\"saber-mas-abajo\" data-dl-event=\"saber-mas-abajo\" rel=\"nofollow noopener\" target=\"_blank\"><\/p>\n<p class=\"know-more__title\">Oliver Laxe, Albert Serra y el filme de animaci\u00f3n &#8216;Olivia y el terremoto invisible&#8217;, nominados a los Premios del Cine Europeo\n<\/p>\n<p>            <img decoding=\"async\" class=\"lazy\" loading=\"lazy\" data-src=\"https:\/\/static.eldiario.es\/clip\/12e2b0e3-5746-4cb7-b95c-b6b263496df4_16-9-aspect-ratio_default_0.jpg\" src=\"data:image\/svg+xml,%3Csvg xmlns=\" http:=\"\" viewbox=\"0 0 880 495\" alt=\"Oliver Laxe, Albert Serra y el filme de animaci\u00f3n 'Olivia y el terremoto invisible', nominados a los Premios del Cine Europeo\"\/><\/p>\n<p>                        <\/a><\/p>\n<p class=\"article-text\">\n        Seg\u00fan ha explicado a EFE Carlos L\u00f3pez, alcalde de A Fonsagrada (Lugo), cuna del productor, los restos mortales de Fern\u00e1ndez ser\u00e1n trasladados a su tierra natal, donde la idea es rendir homenaje a uno de sus vecinos m\u00e1s ilustres.\n    <\/p>\n","protected":false},"excerpt":{"rendered":"Julio Fern\u00e1ndez Rodr\u00edguez, fundador del grupo Filmax y su presidente hasta 2010, adem\u00e1s de impulsor del cine de&hellip;\n","protected":false},"author":2,"featured_media":243344,"comment_status":"","ping_status":"","sticky":false,"template":"","format":"standard","meta":{"footnotes":""},"categories":[91],"tags":[146,147,25,24,58495,5992,62426,10994,39310,16887,100,888,527,23],"class_list":{"0":"post-243343","1":"post","2":"type-post","3":"status-publish","4":"format-standard","5":"has-post-thumbnail","7":"category-entretenimiento","8":"tag-entertainment","9":"tag-entretenimiento","10":"tag-es","11":"tag-espana","12":"tag-factory","13":"tag-fallece","14":"tag-fantastic","15":"tag-fernandez","16":"tag-filmax","17":"tag-fundador","18":"tag-grupo","19":"tag-julio","20":"tag-productora","21":"tag-spain"},"share_on_mastodon":{"url":"https:\/\/pubeurope.com\/@es\/115572537269936037","error":""},"_links":{"self":[{"href":"https:\/\/www.europesays.com\/es\/wp-json\/wp\/v2\/posts\/243343","targetHints":{"allow":["GET"]}}],"collection":[{"href":"https:\/\/www.europesays.com\/es\/wp-json\/wp\/v2\/posts"}],"about":[{"href":"https:\/\/www.europesays.com\/es\/wp-json\/wp\/v2\/types\/post"}],"author":[{"embeddable":true,"href":"https:\/\/www.europesays.com\/es\/wp-json\/wp\/v2\/users\/2"}],"replies":[{"embeddable":true,"href":"https:\/\/www.europesays.com\/es\/wp-json\/wp\/v2\/comments?post=243343"}],"version-history":[{"count":0,"href":"https:\/\/www.europesays.com\/es\/wp-json\/wp\/v2\/posts\/243343\/revisions"}],"wp:featuredmedia":[{"embeddable":true,"href":"https:\/\/www.europesays.com\/es\/wp-json\/wp\/v2\/media\/243344"}],"wp:attachment":[{"href":"https:\/\/www.europesays.com\/es\/wp-json\/wp\/v2\/media?parent=243343"}],"wp:term":[{"taxonomy":"category","embeddable":true,"href":"https:\/\/www.europesays.com\/es\/wp-json\/wp\/v2\/categories?post=243343"},{"taxonomy":"post_tag","embeddable":true,"href":"https:\/\/www.europesays.com\/es\/wp-json\/wp\/v2\/tags?post=243343"}],"curies":[{"name":"wp","href":"https:\/\/api.w.org\/{rel}","templated":true}]}}