{"id":243351,"date":"2025-11-18T20:19:25","date_gmt":"2025-11-18T20:19:25","guid":{"rendered":"https:\/\/www.europesays.com\/es\/243351\/"},"modified":"2025-11-18T20:19:25","modified_gmt":"2025-11-18T20:19:25","slug":"lin-cortes-y-rosario-la-tremendita-actuan-en-el-teatro-alhambra-para-celebrar-el-xv-aniversario-del-flamenco-como-patrimonio-de-la-humanidad-noticias","status":"publish","type":"post","link":"https:\/\/www.europesays.com\/es\/243351\/","title":{"rendered":"Lin Cortes y Rosario La Tremendita act\u00faan en el Teatro Alhambra para celebrar el XV aniversario del flamenco como Patrimonio de la Humanidad &#8211; Noticias"},"content":{"rendered":"<p>La Consejer\u00eda de Cultura y Deporte a trav\u00e9s de la Agencia Andaluza de Instituciones Culturales prosigue con el extenso programa de actividades que ha programado a lo largo del mes de noviembre para celebrar el XV aniversario de la declaraci\u00f3n del Flamenco como Patrimonio Inmaterial de la Humanidad por la UNESCO. Esta semana dentro del <strong><a href=\"https:\/\/www.juntadeandalucia.es\/cultura\/flamenco\/content\/programaci%C3%B3n-andaluc%C3%ADa%C2%B7flamenco-teatros-propios\" rel=\"nofollow noopener\" target=\"_blank\">programa Andaluc\u00eda-Flamenco<\/a><\/strong> actuar\u00e1n <strong>Lin Cort\u00e9s el viernes 21 a las 20:00 horas<\/strong> y <strong>Rosario La Tremendita, el 22, en el Teatro Alhambra de Granada<\/strong>.<\/p>\n<p>Por el ciclo, han pasado ya Rafaela Carrasco con el estreno de \u2018Creaviva\u2019 y Mar\u00eda Terremoto con \u2018Manifiesto\u2019, le siguieron tres funciones de \u2018Tierra Bendita\u2019, del Ballet Flamenco de Andaluc\u00eda dirigido por Patricia Guerrero, espect\u00e1culo con el que ha transitado por los rincones m\u00e1s pintorescos y particulares de Andaluc\u00eda. La iniciativa cerrar\u00e1 la \u00faltima semana con Olga Pericet y su espect\u00e1culo \u2018La Materia\u2019, el 28 de noviembre y Roc\u00edo M\u00e1rquez, con el montaje \u2018Himno Vertical\u2019, el 29.<\/p>\n<p>El pr\u00f3ximo viernes, ser\u00e1 <strong>Lin Cort\u00e9s<\/strong>, maestro de la fusi\u00f3n de estilos y punta de lanza del nuevo flamenco, quien act\u00fae en el espacio esc\u00e9nico de calle Molinos. \u00c9l es uno de los artistas m\u00e1s respetados del panorama nacional. Ha colaborado con artistas de la talla de Enrique Morente, Vicente Amigo, Raimundo Amador, Kiko Veneno, \u00a0Rosal\u00eda, Rosario Flores o Antonio Carmona y estrellas internacionales como Howe Gelb o Buddy Miles, bater\u00eda de Jimi Hendrix. En el espect\u00e1culo que trae al Teatro Alhambra de Granada, \u2018Esencial\u2019, hace un repaso de los temas m\u00e1s escuchados de su discograf\u00eda, adem\u00e1s de interpretar canciones m\u00e1s recientes, incluso alguna a\u00fan sin publicar.<\/p>\n<p>En directo escenifica lis\u00e9rgicas versiones de sus propias canciones, en un descarado flirteo con los invitados de lujo que suelen aparecer por arte de magia en sus conciertos y con la incre\u00edble banda que le cubre las espaldas. Comenz\u00f3 su carrera como m\u00fasico y cantante tan pronto como ech\u00f3 a andar. Es hijo y nieto de artistas y sobrino del cantaor \u2018El Pele\u2019, que colabor\u00f3 en \u2018Gipsy Revolution\u2019 su primer disco en solitario.\u00a0<\/p>\n<p>Por otro lado, el s\u00e1bado 22 de noviembre le toca el turno a <strong>Rosario La Tremendita<\/strong> que trae hasta el teatro Alhambra \u2018Tr\u00e1nsito (Huyendo del ruido)\u2019 espect\u00e1culo montado en estrecha colaboraci\u00f3n con el maestro de la guitarra Dani de Mor\u00f3n. Se trata de una obra profundamente introspectiva y depurada, un preludio de su pr\u00f3ximo disco que se aleja deliberadamente del estruendo de la comercialidad para recuperar la esencia del cante en su estado m\u00e1s puro.<\/p>\n<p>En el montaje, la artista emprende un viaje musical y emocional hacia los cantes tradicionales que han sido piedra angular del flamenco, rescat\u00e1ndolos del olvido y proyect\u00e1ndolos hacia un nuevo universo sonoro. Con su voz inconfundible, llena de matices y verdad, y con la guitarra precisa y envolvente de Dani de Mor\u00f3n, la cantaora teje un espacio de exploraci\u00f3n en el que la ra\u00edz no solo se respeta, sino que tambi\u00e9n se transforma.<\/p>\n<p><strong>Laboratorios Raiz<\/strong><\/p>\n<p>La Universidad de Granada a trav\u00e9s de La Madraza prosigue con la programaci\u00f3n de \u2018Laboratorios de Ra\u00edz\u2019, que este viernes 21 de noviembre, contar\u00e1 con Rosario La Tremendita, quien mantendr\u00e1 un encuentro con Bel\u00e9n Rico, redactora de Cultura del peri\u00f3dico Granada Hoy, en el Carmen de la Victoria a las 12:30 horas. La actividad finaliza con una conversaci\u00f3n entre Roc\u00edo M\u00e1rquez y Cristina Consuegra en la Corrala de Santiago, el d\u00eda 28. Estos encuentros comenzaron el pasado d\u00eda 7 de noviembre con Rafaela Carrasco que habl\u00f3 con Carlos van Tongeren, al que le sigui\u00f3 Patricia Guerrero que disert\u00f3 con la especialista de Educaci\u00f3n, Rosa Su\u00e1rez.<\/p>\n<p>\u00a0<\/p>\n","protected":false},"excerpt":{"rendered":"La Consejer\u00eda de Cultura y Deporte a trav\u00e9s de la Agencia Andaluza de Instituciones Culturales prosigue con el&hellip;\n","protected":false},"author":2,"featured_media":243352,"comment_status":"","ping_status":"","sticky":false,"template":"","format":"standard","meta":{"footnotes":""},"categories":[5],"tags":[17,18,25,24,13,14,11925,11,19,20,9,10,15,16,23,12,21,22],"class_list":{"0":"post-243351","1":"post","2":"type-post","3":"status-publish","4":"format-standard","5":"has-post-thumbnail","7":"category-titulares","8":"tag-breaking-news","9":"tag-breakingnews","10":"tag-es","11":"tag-espana","12":"tag-featured-news","13":"tag-featurednews","14":"tag-flamenco","15":"tag-headlines","16":"tag-latest-news","17":"tag-latestnews","18":"tag-news","19":"tag-noticias","20":"tag-noticias-destacadas","21":"tag-noticiasdestacadas","22":"tag-spain","23":"tag-titulares","24":"tag-ultimas-noticias","25":"tag-ultimasnoticias"},"share_on_mastodon":{"url":"https:\/\/pubeurope.com\/@es\/115572556678740051","error":""},"_links":{"self":[{"href":"https:\/\/www.europesays.com\/es\/wp-json\/wp\/v2\/posts\/243351","targetHints":{"allow":["GET"]}}],"collection":[{"href":"https:\/\/www.europesays.com\/es\/wp-json\/wp\/v2\/posts"}],"about":[{"href":"https:\/\/www.europesays.com\/es\/wp-json\/wp\/v2\/types\/post"}],"author":[{"embeddable":true,"href":"https:\/\/www.europesays.com\/es\/wp-json\/wp\/v2\/users\/2"}],"replies":[{"embeddable":true,"href":"https:\/\/www.europesays.com\/es\/wp-json\/wp\/v2\/comments?post=243351"}],"version-history":[{"count":0,"href":"https:\/\/www.europesays.com\/es\/wp-json\/wp\/v2\/posts\/243351\/revisions"}],"wp:featuredmedia":[{"embeddable":true,"href":"https:\/\/www.europesays.com\/es\/wp-json\/wp\/v2\/media\/243352"}],"wp:attachment":[{"href":"https:\/\/www.europesays.com\/es\/wp-json\/wp\/v2\/media?parent=243351"}],"wp:term":[{"taxonomy":"category","embeddable":true,"href":"https:\/\/www.europesays.com\/es\/wp-json\/wp\/v2\/categories?post=243351"},{"taxonomy":"post_tag","embeddable":true,"href":"https:\/\/www.europesays.com\/es\/wp-json\/wp\/v2\/tags?post=243351"}],"curies":[{"name":"wp","href":"https:\/\/api.w.org\/{rel}","templated":true}]}}