{"id":243357,"date":"2025-11-18T20:27:13","date_gmt":"2025-11-18T20:27:13","guid":{"rendered":"https:\/\/www.europesays.com\/es\/243357\/"},"modified":"2025-11-18T20:27:13","modified_gmt":"2025-11-18T20:27:13","slug":"estoy-supertranquilo-centrado-en-seguir-trabajando","status":"publish","type":"post","link":"https:\/\/www.europesays.com\/es\/243357\/","title":{"rendered":"Estoy supertranquilo, centrado en seguir trabajando"},"content":{"rendered":"<p class=\"ft-text\"><a class=\"ft-link ft-link--decoration\" href=\"https:\/\/www.superdeporte.es\/tags\/sergio-de-larrea\/\" rel=\"nofollow noopener\" target=\"_blank\">Sergio de Larrea,<\/a> que este martes 18 de noviembre particip\u00f3 junto a <a class=\"ft-link ft-link--decoration\" href=\"https:\/\/www.superdeporte.es\/tags\/kameron-taylor\/\" rel=\"nofollow noopener\" target=\"_blank\">Kameron Taylor <\/a>en la jornada <strong>Bouncing for Good de Euroleague Basketball y Motorola<\/strong>, celebrada en el <strong>Col\u00b7legi Dioces\u00e0 Santiago Ap\u00f2stol del Cabanyal,<\/strong> afirm\u00f3 que se siente \u00absupertranquilo\u00bb pese a haber sido <strong>descartado por <\/strong><a class=\"ft-link ft-link--decoration\" href=\"https:\/\/www.superdeporte.es\/tags\/pedro-martinez\/\" rel=\"nofollow noopener\" target=\"_blank\">Pedro Mart\u00ednez<\/a> para los tres \u00faltimos partidos del <strong>Valencia Basket.<\/strong> Con la plantilla al completo y sin lesionados, el t\u00e9cnico catal\u00e1n debe descartar a 3 de los 15 jugadores que forman el equipo cada partido. En los tres \u00faltimos encuentros, <strong>Sergio de Larrea<\/strong> ha estado siempre en la lista de descartados.<\/p>\n<p><img decoding=\"async\" src=\"https:\/\/www.europesays.com\/es\/wp-content\/uploads\/2025\/11\/441c4844-f7d8-4899-9cc5-eb573936305b_alta-libre-aspect-ratio_default_0.jpg\" width=\"1200\" height=\"800\" alt=\"de Larrea firm\u00f3 aut\u00f3grafos a los ni\u00f1os\" class=\"ft-helper-img-rd\" loading=\"lazy\"\/><\/p>\n<p class=\"ft-helper-fontColor-quaternary ft-helper-fontSize-body-S ft-helper-spacer-t-xxs\">de Larrea firm\u00f3 aut\u00f3grafos a los ni\u00f1os  \/ M. A. Montesinos<\/p>\n<p>Quita hierro a la situaci\u00f3n<\/p>\n<p class=\"ft-text\"><strong>Pese a ello, el base vallisoletano no quiere dar mayor importancia a la situaci\u00f3n<\/strong> y afirm\u00f3 que lo \u00fanico en lo que piensa es en \u00abSeguir centrado, en trabajar como en los \u00faltimos meses o incluso en el \u00faltimo a\u00f1o, continuar en la misma l\u00ednea, centrado en trabajar y estar preparado para cada partido\u00bb.<\/p>\n<p class=\"ft-text\">Aunque no es habitual que un jugador sea descartado durante tres partidos consecutivos sin que medie un motivo f\u00edsico, <strong>de Larrea justific\u00f3 la decisi\u00f3n de Pedro Mart\u00ednez:<\/strong><strong> <\/strong>\u00abSomos muchos jugadores y es normal, tiene que haber rotaciones porque la temporada es muy larga\u00bb.<\/p>\n<p class=\"ft-text\"><strong>A la pregunta de si ha hablado de la situaci\u00f3n con Pedro Mart\u00ednez, de Larrea afirm\u00f3:<\/strong> \u00abNos basamos en el trabajo, tenemos que seguir trabajando y llegar\u00e1n m\u00e1s oportunidades, estoy supertranquilo\u00bb.<\/p>\n<p>Tres partidos como espectador<\/p>\n<p class=\"ft-text\"><strong>Tras quedarse fuera de la convocatoria ante el Real Madrid y Par\u00eds en Euroliga y ante La Laguna Tenerife en la Liga Endesa<\/strong>, Sergio de Larrea reconoce que espera volver a vestirse de corto este viernes cuando el <strong>Valencia Basket reciba en el <\/strong><a class=\"ft-link ft-link--decoration\" href=\"https:\/\/www.superdeporte.es\/tags\/roig-arena\/\" rel=\"nofollow noopener\" target=\"_blank\"><strong>Roig Arena<\/strong><\/a><strong> al KK Crvena Zvezda <\/strong>en la competici\u00f3n europea: \u00abEspero que s\u00ed, espero jugar, pero es una decisi\u00f3n del entrenador, somos 15 jugadores y tiene que descartar a 3, hay que estar preparados\u00bb.<\/p>\n<p class=\"ft-text\"><strong>Sobre la trayectoria del equipo <\/strong>que el pasado domingo consolidaba el liderato de la<a class=\"ft-link ft-link--decoration\" href=\"https:\/\/www.acb.com\/\" rel=\"nofollow noopener\" target=\"_blank\"> Liga Endesa<\/a> tras ganar al Tenerife, de Larrea coment\u00f3: \u00abEst\u00e1 siendo una experiencia espectacular, el equipo est\u00e1 en muy buen momento, tenemos que continuar en esa ola. Se basa todo en el trabajo que hacemos todos los jugadores y en estar centrados en ganar cada partido que tenemos\u00bb.<\/p>\n","protected":false},"excerpt":{"rendered":"Sergio de Larrea, que este martes 18 de noviembre particip\u00f3 junto a Kameron Taylor en la jornada Bouncing&hellip;\n","protected":false},"author":2,"featured_media":243358,"comment_status":"","ping_status":"","sticky":false,"template":"","format":"standard","meta":{"footnotes":""},"categories":[269],"tags":[299,298,13197,168,25,24,833,34983,25650,665,12326,1791,2139,6006,23,167,62428,2916],"class_list":{"0":"post-243357","1":"post","2":"type-post","3":"status-publish","4":"format-standard","5":"has-post-thumbnail","7":"category-baloncesto","8":"tag-baloncesto","9":"tag-basketball","10":"tag-centrado","11":"tag-deportes","12":"tag-es","13":"tag-espana","14":"tag-euroliga","15":"tag-kameron-taylor","16":"tag-larrea","17":"tag-liga-endesa","18":"tag-pedro-martinez","19":"tag-seguir","20":"tag-sergio","21":"tag-sergio-de-larrea","22":"tag-spain","23":"tag-sports","24":"tag-supertranquilo","25":"tag-valencia-basket"},"share_on_mastodon":{"url":"https:\/\/pubeurope.com\/@es\/115572588587794309","error":""},"_links":{"self":[{"href":"https:\/\/www.europesays.com\/es\/wp-json\/wp\/v2\/posts\/243357","targetHints":{"allow":["GET"]}}],"collection":[{"href":"https:\/\/www.europesays.com\/es\/wp-json\/wp\/v2\/posts"}],"about":[{"href":"https:\/\/www.europesays.com\/es\/wp-json\/wp\/v2\/types\/post"}],"author":[{"embeddable":true,"href":"https:\/\/www.europesays.com\/es\/wp-json\/wp\/v2\/users\/2"}],"replies":[{"embeddable":true,"href":"https:\/\/www.europesays.com\/es\/wp-json\/wp\/v2\/comments?post=243357"}],"version-history":[{"count":0,"href":"https:\/\/www.europesays.com\/es\/wp-json\/wp\/v2\/posts\/243357\/revisions"}],"wp:featuredmedia":[{"embeddable":true,"href":"https:\/\/www.europesays.com\/es\/wp-json\/wp\/v2\/media\/243358"}],"wp:attachment":[{"href":"https:\/\/www.europesays.com\/es\/wp-json\/wp\/v2\/media?parent=243357"}],"wp:term":[{"taxonomy":"category","embeddable":true,"href":"https:\/\/www.europesays.com\/es\/wp-json\/wp\/v2\/categories?post=243357"},{"taxonomy":"post_tag","embeddable":true,"href":"https:\/\/www.europesays.com\/es\/wp-json\/wp\/v2\/tags?post=243357"}],"curies":[{"name":"wp","href":"https:\/\/api.w.org\/{rel}","templated":true}]}}