{"id":243361,"date":"2025-11-18T20:29:13","date_gmt":"2025-11-18T20:29:13","guid":{"rendered":"https:\/\/www.europesays.com\/es\/243361\/"},"modified":"2025-11-18T20:29:13","modified_gmt":"2025-11-18T20:29:13","slug":"andreu-buenafuente-y-silvia-abril-presentaran-las-campanadas-2026-en-rtve","status":"publish","type":"post","link":"https:\/\/www.europesays.com\/es\/243361\/","title":{"rendered":"Andreu Buenafuente y Silvia Abril presentar\u00e1n las Campanadas 2026 en RTVE"},"content":{"rendered":"<p>Radiotelevisi\u00f3n Espa\u00f1ola escoge a dos de las grandes figuras del humor y la televisi\u00f3n para presentar sus Campanadas 2026: <strong>Andreu Buenafuente y Silvia Abril.<\/strong> El director y presentador de \u2018Futuro Imperfecto\u2019, producido por RTVE en colaboraci\u00f3n con El Terrat (THE MEDIAPRO STUDIO) y la actriz que ha protagonizado momentos memorables en el programa y que adem\u00e1s presenta \u2018La recepta perduda\u2019 en RTVE Catalunya, acompa\u00f1ar\u00e1n a la audiencia de RTVE desde la Puerta del Sol de Madrid, en un fin de a\u00f1o que promete ser inolvidable.<\/p>\n<p>Las Campanadas son uno de los grandes eventos de cada temporada televisiva. El a\u00f1o pasado, con <a href=\"https:\/\/www.rtve.es\/rtve\/20250102\/rtve-la-1-lideres-indiscutibles-nochevieja-2024-campanadas-2025\/16392622.shtml\" target=\"_blank\" rel=\"nofollow noopener\">David Broncano y Lala Ch\u00fas<\/a>, RTVE fue l\u00edder indiscutible de audiencia: logr\u00f3 5.958.000 espectadores y un 38,7% de cuota, 10.6 puntos m\u00e1s que la siguiente opci\u00f3n.<\/p>\n<p>Maestros de la comunicaci\u00f3n y el humor<\/p>\n<p>Andreu Buenafuente, presentador, locutor y productor, suma m\u00e1s de tres d\u00e9cadas de trayectoria marcada por la innovaci\u00f3n en los formatos de entretenimiento. En la actualidad, presenta el programa de humor cr\u00edtico <a href=\"https:\/\/www.rtve.es\/play\/videos\/futuro-imperfecto\/\" rel=\"nofollow noopener\" target=\"_blank\">\u2018Futuro Imperfecto<\/a>\u2019 en el prime time de La 1, con Silvia Abril como colaboradora habitual, consolidado como l\u00edder de audiencia en la mayor\u00eda de sus emisiones.<\/p>\n<p>Con un tono cercano y sin ofrecer respuestas f\u00e1ciles, &#8216;Futuro Imperfecto&#8217; invita a cuestionar el rumbo del mundo contempor\u00e1neo y ofrece una nueva propuesta televisiva donde el humor se convierte en herramienta para el pensamiento cr\u00edtico.<\/p>\n<p>Buenafuente cuenta con seis Premios Ondas, adem\u00e1s del Premio Nacional de Televisi\u00f3n 2020. Forbes lo ha incluido entre las 100 mentes m\u00e1s creativas del mundo. Fundador de El Terrat (THE MEDIAPRO STUDIO), ha firmado algunos de los momentos m\u00e1s memorables de la televisi\u00f3n espa\u00f1ola, siempre desde el humor y la provocaci\u00f3n creativa.<\/p>\n<p>En la actualidad, tambi\u00e9n codirige y copresenta \u2018Nadie Sabe Nada\u2019 junto a Berto Romero y protagoniza \u2018El Tenoriu\u2019 en el Teatre Coliseum de Barcelona. Recientemente ha participado en la serie \u2018El otro lado\u2019, por la que fue nominado en los Premios Feroz en la categor\u00eda de Mejor Actor.<\/p>\n<p>Gracias a su versatilidad como comunicador, ha ejercido adem\u00e1s como maestro de ceremonias en grandes eventos culturales, entre ellos los Premios Goya en cuatro ocasiones (2010, 2011, 2019 y 2020) y la Gala People In Red en tres ediciones.<\/p>\n<p>Silvia Abril, actriz, humorista y presentadora con una amplia trayectoria en cine, teatro y televisi\u00f3n, sorprende con cada una de sus intervenciones en \u2018Futuro Imperfecto\u2019 y presenta el programa semanal de La 2 en Catalu\u00f1a \u2018<a href=\"https:\/\/www.rtve.es\/play\/videos\/la-recepta-perduda\/\" rel=\"nofollow noopener\" target=\"_blank\">La recepta perduda<\/a>\u2019.<\/p>\n<p>Inici\u00f3 su carrera sobre los escenarios en la compa\u00f1\u00eda Comediants, y dio el salto a la televisi\u00f3n nacional con \u2018Homo Zapping\u2019. En la peque\u00f1a pantalla, algunos de sus trabajos m\u00e1s destacados han sido \u2018Masterchef celebrity\u2019, \u2018Lol, si te r\u00edes pierdes\u2019, \u2018Juego de juegos\u2019 o \u2018Tu cara me suena\u2019. <\/p>\n<p>En cine, ha trabajado a las \u00f3rdenes de directores entre los que destacan Javier Ruiz Caldera, Cesc Gay, Isabel Coixet, Jos\u00e9 Skaf, Joaqu\u00edn Maz\u00f3n, Juana Mac\u00edas, Nacho G. Velilla o Beatriz de Silva. Tambi\u00e9n ha protagonizado series como \u2018Mamen Mayo\u2019, proyecto por el que recibi\u00f3 el premio a Mejor Actriz de Serie en el Festival de Cine Espa\u00f1ol de C\u00e1ceres, \u2018Se\u00f1or, dame paciencia\u2019, \u2018Atasco\u2019 o \u2018Vintage\u2019. Y sobre las tablas la hemos podido ver en montajes como \u2018Molt Soroll per no res\u2019, \u2018Las asamble\u00edstas (las que tropiezan)\u2019 o \u2018El Tenoriu\u2019.<\/p>\n<p>Adem\u00e1s, ha ejercido de maestra de ceremonias en algunos de los eventos m\u00e1s importantes del pa\u00eds como los Premios Goya, los Premios Feroz, los Premios Gaud\u00ed y, m\u00e1s recientemente, la gala solidaria People In Red Barcelona, entre otros. <\/p>\n<p>Actualmente rueda otra pel\u00edcula como protagonista, tiene pendiente el estreno del largometraje \u2018Todos los colores\u2019, y la pr\u00f3xima temporada protagonizar\u00e1 \u2018El Firmament\u2019, montaje del Teatre Nacional de Catalunya que dirigir\u00e1 Gara Roda.<\/p>\n<p>NIA y St. Pedro\u00a0RTVE \/ Valero Rioja<\/p>\n<p>NIA y st. Pedro desde Canarias<\/p>\n<p>Una hora despu\u00e9s despu\u00e9s de la retransmisi\u00f3n de la Puerta del Sol, RTVE ofrecer\u00e1 en directo las Campanadas desde Santa Cruz de Tenerife, este a\u00f1o con la m\u00fasica como protagonista. <\/p>\n<p>La pareja de presentadores estar\u00e1 formada por dos artistas canarios: NIA, ganadora del Festival de Vi\u00f1a del Mar 2025, en la que ser\u00e1 su cuarta retransmisi\u00f3n de Campanadas para RTVE, y <a href=\"https:\/\/www.rtve.es\/play\/videos\/benidorm-fest\/benidorm-fest-st-pedro-canta-dos-extranos-cuarteto-cuerda\/15950415\/\" rel=\"nofollow noopener\" target=\"_blank\">st. Pedro<\/a>, que se estrena en esta labor tras triunfar con un segundo puesto en el Benidorm Fest 2024 y poner voz cada tarde a la sinton\u00eda de la serie \u2018Valle salvaje\u2019 en La 1. <\/p>\n","protected":false},"excerpt":{"rendered":"Radiotelevisi\u00f3n Espa\u00f1ola escoge a dos de las grandes figuras del humor y la televisi\u00f3n para presentar sus Campanadas&hellip;\n","protected":false},"author":2,"featured_media":243362,"comment_status":"","ping_status":"","sticky":false,"template":"","format":"standard","meta":{"footnotes":""},"categories":[174],"tags":[255,146,147,25,24,256,23],"class_list":{"0":"post-243361","1":"post","2":"type-post","3":"status-publish","4":"format-standard","5":"has-post-thumbnail","7":"category-famosos","8":"tag-celebrities","9":"tag-entertainment","10":"tag-entretenimiento","11":"tag-es","12":"tag-espana","13":"tag-famosos","14":"tag-spain"},"share_on_mastodon":{"url":"https:\/\/pubeurope.com\/@es\/115572596067728838","error":""},"_links":{"self":[{"href":"https:\/\/www.europesays.com\/es\/wp-json\/wp\/v2\/posts\/243361","targetHints":{"allow":["GET"]}}],"collection":[{"href":"https:\/\/www.europesays.com\/es\/wp-json\/wp\/v2\/posts"}],"about":[{"href":"https:\/\/www.europesays.com\/es\/wp-json\/wp\/v2\/types\/post"}],"author":[{"embeddable":true,"href":"https:\/\/www.europesays.com\/es\/wp-json\/wp\/v2\/users\/2"}],"replies":[{"embeddable":true,"href":"https:\/\/www.europesays.com\/es\/wp-json\/wp\/v2\/comments?post=243361"}],"version-history":[{"count":0,"href":"https:\/\/www.europesays.com\/es\/wp-json\/wp\/v2\/posts\/243361\/revisions"}],"wp:featuredmedia":[{"embeddable":true,"href":"https:\/\/www.europesays.com\/es\/wp-json\/wp\/v2\/media\/243362"}],"wp:attachment":[{"href":"https:\/\/www.europesays.com\/es\/wp-json\/wp\/v2\/media?parent=243361"}],"wp:term":[{"taxonomy":"category","embeddable":true,"href":"https:\/\/www.europesays.com\/es\/wp-json\/wp\/v2\/categories?post=243361"},{"taxonomy":"post_tag","embeddable":true,"href":"https:\/\/www.europesays.com\/es\/wp-json\/wp\/v2\/tags?post=243361"}],"curies":[{"name":"wp","href":"https:\/\/api.w.org\/{rel}","templated":true}]}}