{"id":243369,"date":"2025-11-18T20:34:10","date_gmt":"2025-11-18T20:34:10","guid":{"rendered":"https:\/\/www.europesays.com\/es\/243369\/"},"modified":"2025-11-18T20:34:10","modified_gmt":"2025-11-18T20:34:10","slug":"la-secuela-del-superexito-del-verano-que-recaudo-631-millones-en-taquilla-esta-sobre-la-mesa-con-brad-pitt-vandal","status":"publish","type":"post","link":"https:\/\/www.europesays.com\/es\/243369\/","title":{"rendered":"La secuela del super\u00e9xito del verano, que recaud\u00f3 631 millones en taquilla, est\u00e1 sobre la mesa con Brad Pitt &#8211; Vandal"},"content":{"rendered":"<ol>\n<li><a href=\"https:\/\/news.google.com\/rss\/articles\/CBMi6AFBVV95cUxOa1lXU2hqdk96YmU5UkJGcVVBZnkwSFdYcHNUcWVsczRLN21jbXNHN3hOeXZtRG50cGJ3UkhzdFFEdGpDcWxXVDhWWTk5QzY5NU5ocTY0UGcxSFpOc0xUSkhXMXMwN0dfUVBaWXpSeWtJaVNreExTWXRlU3IwVEg0UlF3U3NKdnN6cEdhaGJzQ1ZNcnBtaWh5N2tyd0FIQ0hRb1AtaF9HeGE3b3RzalNwSnJNUTNTcEk3RVVyeVNFX2R5R1hXRG1NWHVCcXZQWDZnY2tHczN2QVFiRnF2V0pIVnpfZkpkLXRT0gHuAUFVX3lxTFBXdTk1bHhqbVdETHVCbEFIUHlxd3NiYWtKVVhOU3BlUVFwQ2lDeG5hYWVkbWMxSm82a0lIU1llaXFkQXZuSS1KVUEzMDlqaDZDbGY2UWdiZi1DaUlkcndRbDV4azNFbWQ0S1hEbllpSGVzaGJmT0dHMkhfbWVtcGpRakQxUXNSU2x4bzkzQmtqWlpkN2lYdndzOTJDZV9wVGNCLXdBdU5mUDJ1bnV1TWV1cEVIMVprUGw2TzVvRWJ1TVBNR0pjVHpvQWo1S2hmYmFuN3NseVRhNHVrbHZ4QnhjUzJjclN1ZF9yTFM4clE?oc=5\" target=\"_blank\" rel=\"nofollow noopener\">La secuela del super\u00e9xito del verano, que recaud\u00f3 631 millones en taquilla, est\u00e1 sobre la mesa con Brad Pitt<\/a>&nbsp;&nbsp;Vandal<\/li>\n<li><a href=\"https:\/\/news.google.com\/rss\/articles\/CBMi5wFBVV95cUxOUjktX1JuY1Q2V0t0Z1RJY18xdENhX2puNDAxTWxGdGpWWGxlMWlqNWJKSVFqZV9NcWNnUzFxanZnOWUzY3RxZEI0OG0za1M3a1I0YUFzZlh2LThja1N2R2VKdVdON09sb1k1SWdORGdoTkZtMU1naE56TmM1MlBwY0ZqUmxGRTdqNWlGWkdpOEhObWFnVXh1aGxfeHZuY1V0S3dNaFRFTE4tVVRrUndvWkxQclhvV3ZhdTR6Z3p2b09MQ3FfSzFHVFNwWWRncm1kN3ZNXzVOczhFejIwS3hQdjhRTnh2dDDSAfsBQVVfeXFMUFRYcno0aUdUcmxVdWV5SVkwTl9FMkpYdW84OUN6SFA4SkJKaUh0Rzh0dlhvdkQxOGoyZUI5R2cxdHMwdzZNSVhzY3B0bzQya0MtbUtyYW50YVVpR1lmT1oxRnh5dHVqQlJMcjU5Q19mc3NDV2FWdXprUmNSemNRV0NYYlZRWUpiOE5HRTlyQkJDRXpzM0t3eEFjUHowSWNrazhmaG83WmpWMjJJT1RTYWRIckJkUTNma2MxbW5GLVRaNnhtT1B6bWRfbmpQYVdjbm1ONXVUaF8wSzBVUFlQcHd0YlIyTWxxOVJmM3FiYlR3RmttX25ZWEdpRUE?oc=5\" target=\"_blank\" rel=\"nofollow noopener\">Fue uno de los grandes taquillazos de 2025 y su director ya sue\u00f1a con una secuela protagonizada por Brad Pitt<\/a>&nbsp;&nbsp;Diario AS<\/li>\n<li><a href=\"https:\/\/news.google.com\/rss\/articles\/CBMi3AFBVV95cUxOMmlSeldTckxfQkxyRU5BYl9JY1N5dWh1anR4SC1DRmYwUkhJR0ZzVkt5bGpNZlcwMmk3blVXMTFXcXVPSmpUMk1hWDFrTEVFOGREckpfLU03NzR2Q3daTUVnY2JDbWJUajYwVDIzNmpLZGFPOXdqMVZBbk1ES0JfZ0poMTZnNjVNOGlOaWFnc1lodE1xYzVyYngwQTBNYVItdnBqenBQcFU1eFNkVXJZNjJIdUxvYXRmZUdpRjhnUHFXZmZQNXlXVXRlMkxiWmVKV3NhZzdDdHZEWWp3?oc=5\" target=\"_blank\" rel=\"nofollow noopener\">F1: La pel\u00edcula toma forma en Apple: Joseph Kosinski confirma que ya se trabaja en el regreso de Brad Pitt<\/a>&nbsp;&nbsp;Hobby Consolas<\/li>\n<li><a href=\"https:\/\/news.google.com\/rss\/articles\/CBMivwFBVV95cUxPZnQ0eXRyTWRQOUhHYTI2cS11MEZUa2QzbHJFazQ4LUEzd0tqSW1tcXhNdWs1Z0hIdkQwemtrTHNIUDJ4MDRUSzAzaHFqbkV4SVRHdDFFZVQ1bUtBbUtkZGVXQWF5b1AxLXR3aklrMEZHNzM5QUU0emJXRG5sVk92bXphUlhTSldBSUFRbWNZeE1mYkZ1cWxXR21iVG5NbURMSDBTR3o3RC05TmNBRFdWeXRXbGR4NkVKUmdNaUxUbw?oc=5\" target=\"_blank\" rel=\"nofollow noopener\">Joseph Kosinski quiere hacer una secuela de F1, y ahora la duda est\u00e1 en, \u00bfquiere Brad Pitt?<\/a>&nbsp;&nbsp;Softonic<\/li>\n<li><a href=\"https:\/\/news.google.com\/rss\/articles\/CBMinAFBVV95cUxNTnc4WV92RnZoVTNBdGdYSjNVMFB4c3ZrWmY4LUdMOWRKMUJvTFNZZDU5QS0xWmlFdVRKRk1aTHQ3LTdQX1plVHdVNFIxb2o4czhpXzVaZHhrS3pGY2xEMnNPdFp4RDdvVTA5X0FYZTJCNGMxeEE2Wmp4SUh0Und3RlJZUnQ5MDRkZzgwVDNGZjR1SVZIU2VRTEplV08?oc=5\" target=\"_blank\" rel=\"nofollow noopener\">Kosinski confirma: los planes de secuela de F1 que ponen en riesgo la original<\/a>&nbsp;&nbsp;3Dcine<\/li>\n<\/ol>\n","protected":false},"excerpt":{"rendered":"La secuela del super\u00e9xito del verano, que recaud\u00f3 631 millones en taquilla, est\u00e1 sobre la mesa con Brad&hellip;\n","protected":false},"author":2,"featured_media":243370,"comment_status":"","ping_status":"","sticky":false,"template":"","format":"standard","meta":{"footnotes":""},"categories":[169],"tags":[177,146,147,25,24,2065,176,175,23],"class_list":{"0":"post-243369","1":"post","2":"type-post","3":"status-publish","4":"format-standard","5":"has-post-thumbnail","7":"category-cine","8":"tag-cine","9":"tag-entertainment","10":"tag-entretenimiento","11":"tag-es","12":"tag-espana","13":"tag-faltan-tags","14":"tag-film","15":"tag-movies","16":"tag-spain"},"share_on_mastodon":{"url":"https:\/\/pubeurope.com\/@es\/115572615766582855","error":""},"_links":{"self":[{"href":"https:\/\/www.europesays.com\/es\/wp-json\/wp\/v2\/posts\/243369","targetHints":{"allow":["GET"]}}],"collection":[{"href":"https:\/\/www.europesays.com\/es\/wp-json\/wp\/v2\/posts"}],"about":[{"href":"https:\/\/www.europesays.com\/es\/wp-json\/wp\/v2\/types\/post"}],"author":[{"embeddable":true,"href":"https:\/\/www.europesays.com\/es\/wp-json\/wp\/v2\/users\/2"}],"replies":[{"embeddable":true,"href":"https:\/\/www.europesays.com\/es\/wp-json\/wp\/v2\/comments?post=243369"}],"version-history":[{"count":0,"href":"https:\/\/www.europesays.com\/es\/wp-json\/wp\/v2\/posts\/243369\/revisions"}],"wp:featuredmedia":[{"embeddable":true,"href":"https:\/\/www.europesays.com\/es\/wp-json\/wp\/v2\/media\/243370"}],"wp:attachment":[{"href":"https:\/\/www.europesays.com\/es\/wp-json\/wp\/v2\/media?parent=243369"}],"wp:term":[{"taxonomy":"category","embeddable":true,"href":"https:\/\/www.europesays.com\/es\/wp-json\/wp\/v2\/categories?post=243369"},{"taxonomy":"post_tag","embeddable":true,"href":"https:\/\/www.europesays.com\/es\/wp-json\/wp\/v2\/tags?post=243369"}],"curies":[{"name":"wp","href":"https:\/\/api.w.org\/{rel}","templated":true}]}}