{"id":243381,"date":"2025-11-18T20:40:12","date_gmt":"2025-11-18T20:40:12","guid":{"rendered":"https:\/\/www.europesays.com\/es\/243381\/"},"modified":"2025-11-18T20:40:12","modified_gmt":"2025-11-18T20:40:12","slug":"julieta-makintach-destituida-la-jueza-que-protagonizaba-un-documental-mientras-juzgaba-la-muerte-de-maradona","status":"publish","type":"post","link":"https:\/\/www.europesays.com\/es\/243381\/","title":{"rendered":"Julieta Makintach: Destituida la jueza que protagonizaba un documental mientras juzgaba la muerte de Maradona"},"content":{"rendered":"<p class=\"\">La jueza que protagonizaba una pel\u00edcula mientras deb\u00eda impartir justicia por la muerte de <a href=\"https:\/\/elpais.com\/argentina\/2025-11-06\/el-nuevo-juicio-por-la-muerte-de-maradona-comenzara-en-marzo-proximo.html\" target=\"_self\" rel=\"nofollow noopener\" title=\"https:\/\/elpais.com\/argentina\/2025-11-06\/el-nuevo-juicio-por-la-muerte-de-maradona-comenzara-en-marzo-proximo.html\">Diego Armando Maradona<\/a> fue destituida de su cargo este martes. Por unanimidad, un jurado de enjuiciamiento de Buenos Aires dispuso tambi\u00e9n que <a href=\"https:\/\/elpais.com\/argentina\/2025-05-27\/la-jueza-de-dios-el-escandalo-que-puede-anular-el-juicio-por-la-muerte-de-maradona.html\" target=\"_self\" rel=\"nofollow noopener\" title=\"https:\/\/elpais.com\/argentina\/2025-05-27\/la-jueza-de-dios-el-escandalo-que-puede-anular-el-juicio-por-la-muerte-de-maradona.html\">Julieta Makintach<\/a>, de 49 a\u00f1os, sea inhabilitada de por vida para ejercer cargos judiciales. El juicio oral que se estaba realizando por el presunto homicidio simple del exfutbolista y entrenador argentino, con sus m\u00e9dicos y enfermeros como acusados, fue anulado y en marzo pr\u00f3ximo comenzar\u00e1 un nuevo proceso.<\/p>\n<p class=\"\">La sentencia de 115 p\u00e1ginas, dictada tras seis audiencias de debate, es lapidaria para Makintach. Los 11 miembros del jurado la encontraron responsable de incurrir en: \u201cincumplimiento de los deberes inherentes a su cargo\u201d; \u201crealizaci\u00f3n de actos de parcialidad manifiesta\u201d; y \u201cdesarrollo de actividades incompatibles con la dignidad y austeridad que el cargo judicial impone\u201d.<\/p>\n<p class=\"\">Justicia divina iba a ser el t\u00edtulo del documental que, a escondidas, se estaba filmando con <a href=\"https:\/\/elpais.com\/argentina\/2025-05-26\/los-videos-no-autorizados-de-una-jueza-ponen-en-peligro-el-juicio-por-la-muerte-de-maradona.html\" target=\"_self\" rel=\"nofollow noopener\" title=\"https:\/\/elpais.com\/argentina\/2025-05-26\/los-videos-no-autorizados-de-una-jueza-ponen-en-peligro-el-juicio-por-la-muerte-de-maradona.html\">Makintach en rol estelar<\/a>. En mayo pasado, cuando el juicio por la muerte de Maradona en 2020 llevaba poco m\u00e1s de dos meses, se filtraron im\u00e1genes grabadas en la sala de audiencias, pese a la prohibici\u00f3n de cualquier registro ajeno a las c\u00e1maras del tribunal. Despu\u00e9s se difundieron v\u00eddeos de la jueza hablando a c\u00e1mara en su despacho, desfilando en los pasillos o posando en el ascensor. El esc\u00e1ndalo fue inmediato y todas las partes involucradas en el juicio, defensas, querellas y fiscal\u00eda, pidieron la suspensi\u00f3n y luego la nulidad del proceso.<\/p>\n<p class=\"\">\u201cLa magistrada excedi\u00f3 los l\u00edmites propios del ejercicio de la funci\u00f3n judicial e incumpli\u00f3 los deberes inherentes a la magistratura al participar y colaborar de manera irregular en un proyecto comercial estrechamente vinculado con el juicio que ten\u00eda a su cargo\u201d, argumenta en la sentencia la presidenta del jurado de enjuiciamiento, Hilda Kogan, quien tambi\u00e9n preside la Suprema Corte de Justicia de la Provincia de Buenos Aires. <\/p>\n<p class=\"\">\u201cEn sus descargos, la magistrada tampoco logr\u00f3 disipar la apariencia de parcialidad ni la irregularidad funcional que las partes percibieron durante el proceso\u201d, agrega Kogan. \u201cDiversos indicios revelaron comportamientos de la magistrada que \u2014una vez expuesta su activa colaboraci\u00f3n en la elaboraci\u00f3n de un producto audiovisual cuyo eje narrativo era su propio desempe\u00f1o en el juicio\u2014 permiten concluir que su accionar estuvo orientado m\u00e1s a obtener notoriedad p\u00fablica que a cumplir cabalmente con la funci\u00f3n de impartir justicia\u00bb. El fallo tambi\u00e9n responsabiliza a Makintach por el uso irregular de los recursos del Poder Judicial.<\/p>\n<p class=\"\">Sin la presencia de la jueza destituida, el veredicto fue le\u00eddo este martes en los tribunales de la ciudad de La Plata. En la sala, los \u00fanicos <a href=\"https:\/\/elpais.com\/deportes\/2021-05-04\/familiares-de-maradona-piden-que-se-investigue-su-muerte-como-abandono-de-persona-y-homicidio.html\" target=\"_self\" rel=\"nofollow noopener\" title=\"https:\/\/elpais.com\/deportes\/2021-05-04\/familiares-de-maradona-piden-que-se-investigue-su-muerte-como-abandono-de-persona-y-homicidio.html\">familiares de Maradona<\/a> presentes eran su hijo menor, Diego Fernando, y su madre, Ver\u00f3nica Ojeda. \u201cEl tribunal actu\u00f3 como deb\u00eda\u201d, celebr\u00f3 Mario Baudry, abogado y actual pareja de Ojeda, tras conocerse la sentencia. \u201cAhora la justicia penal tiene las manos libres para continuar investigando porque ella [Makintach] no tiene fueros\u201d, agreg\u00f3.<\/p>\n<p class=\"\">Adem\u00e1s de la destituci\u00f3n y la prohibici\u00f3n de ocupar cargos judiciales, Makintach enfrentar\u00e1 una causa penal por su actuaci\u00f3n. Tambi\u00e9n perder\u00e1 el derecho a una jubilaci\u00f3n de privilegio como miembro del Poder Judicial. <\/p>\n<p class=\"\">Uno de los abogados intervinientes en el caso, Rodolfo Baqu\u00e9, present\u00f3 un pedido de juicio pol\u00edtico para los jueces que integraban junto a Makintach el tribunal del caso Maradona: Ver\u00f3nica Di Tommaso y Maximiliano Savarino. Asegura que ambos \u201csab\u00edan de la existencia de personas no autorizadas dentro de la sala de debate con c\u00e1maras de filmaci\u00f3n\u201d y \u201cno denunciaron esa irregularidad\u201d. <\/p>\n","protected":false},"excerpt":{"rendered":"La jueza que protagonizaba una pel\u00edcula mientras deb\u00eda impartir justicia por la muerte de Diego Armando Maradona fue&hellip;\n","protected":false},"author":2,"featured_media":243382,"comment_status":"","ping_status":"","sticky":false,"template":"","format":"standard","meta":{"footnotes":""},"categories":[42],"tags":[889,283,17,18,13,14,282,11,61,62,63,64,2128,2158,19,20,1804,46750,9,10,15,16,12,21,22,65,66,67],"class_list":{"0":"post-243381","1":"post","2":"type-post","3":"status-publish","4":"format-standard","5":"has-post-thumbnail","7":"category-internacional","8":"tag-america","9":"tag-argentina","10":"tag-breaking-news","11":"tag-breakingnews","12":"tag-featured-news","13":"tag-featurednews","14":"tag-futbol","15":"tag-headlines","16":"tag-internacional","17":"tag-international","18":"tag-international-news","19":"tag-internationalnews","20":"tag-juicios","21":"tag-justicia","22":"tag-latest-news","23":"tag-latestnews","24":"tag-latinoamerica","25":"tag-maradona","26":"tag-news","27":"tag-noticias","28":"tag-noticias-destacadas","29":"tag-noticiasdestacadas","30":"tag-titulares","31":"tag-ultimas-noticias","32":"tag-ultimasnoticias","33":"tag-world","34":"tag-world-news","35":"tag-worldnews"},"share_on_mastodon":{"url":"https:\/\/pubeurope.com\/@es\/115572639479557720","error":""},"_links":{"self":[{"href":"https:\/\/www.europesays.com\/es\/wp-json\/wp\/v2\/posts\/243381","targetHints":{"allow":["GET"]}}],"collection":[{"href":"https:\/\/www.europesays.com\/es\/wp-json\/wp\/v2\/posts"}],"about":[{"href":"https:\/\/www.europesays.com\/es\/wp-json\/wp\/v2\/types\/post"}],"author":[{"embeddable":true,"href":"https:\/\/www.europesays.com\/es\/wp-json\/wp\/v2\/users\/2"}],"replies":[{"embeddable":true,"href":"https:\/\/www.europesays.com\/es\/wp-json\/wp\/v2\/comments?post=243381"}],"version-history":[{"count":0,"href":"https:\/\/www.europesays.com\/es\/wp-json\/wp\/v2\/posts\/243381\/revisions"}],"wp:featuredmedia":[{"embeddable":true,"href":"https:\/\/www.europesays.com\/es\/wp-json\/wp\/v2\/media\/243382"}],"wp:attachment":[{"href":"https:\/\/www.europesays.com\/es\/wp-json\/wp\/v2\/media?parent=243381"}],"wp:term":[{"taxonomy":"category","embeddable":true,"href":"https:\/\/www.europesays.com\/es\/wp-json\/wp\/v2\/categories?post=243381"},{"taxonomy":"post_tag","embeddable":true,"href":"https:\/\/www.europesays.com\/es\/wp-json\/wp\/v2\/tags?post=243381"}],"curies":[{"name":"wp","href":"https:\/\/api.w.org\/{rel}","templated":true}]}}