{"id":243387,"date":"2025-11-18T20:47:10","date_gmt":"2025-11-18T20:47:10","guid":{"rendered":"https:\/\/www.europesays.com\/es\/243387\/"},"modified":"2025-11-18T20:47:10","modified_gmt":"2025-11-18T20:47:10","slug":"un-extenista-culpa-a-la-lesion-de-alcaraz-de-su-derrota-ante-sinner-siendo-sincero","status":"publish","type":"post","link":"https:\/\/www.europesays.com\/es\/243387\/","title":{"rendered":"Un extenista &#8216;culpa&#8217; a la lesi\u00f3n de Alcaraz de su derrota ante Sinner: \u00abSiendo sincero&#8230;\u00bb"},"content":{"rendered":"<p class=\"L6-news-detail__text\"><b><a title=\"Carlos Alcaraz no pudo con Jannik Sinner\" href=\"https:\/\/www.lasexta.com\/noticias\/deportes\/tenis\/rocambolesco-dato-que-muestra-colosal-igualdad-carlos-alcaraz-sinner_20251117691afdc1eba8bc0ece03294c.html\" target=\"_blank\" rel=\"nofollow noopener\">Carlos Alcaraz no pudo con Jannik Sinner<\/a><\/b> en la final de las<b> ATP Finals<\/b>. Derrotado en dos sets y acab\u00f3 lesionado. El extenista Tim Henman cree que de no ser por la lesi\u00f3n el partido habr\u00eda sido mucho m\u00e1s largo. El tenista murciano se ha bajado tambi\u00e9n de la Copa Davis.<\/p>\n<p class=\"L6-news-detail__text\">Esto dijo Henman en &#8216;Sky Sports&#8217;: <b>\u00abSiendo sincero, creo que el problema en la pierna tuvo algo que ver\u00bb.<\/b><\/p>\n<p class=\"L6-news-detail__text\"><b>\u00abAlcaraz cambi\u00f3 su estilo de juego y se mostr\u00f3 mucho m\u00e1s agresivo en ataque<\/b>, algo que es capaz de hacer, pero creo que le hubiera gustado alargar los intercambios si no hubiera estado lesionado\u00bb, se\u00f1ala el extenista ingl\u00e9s.<\/p>\n<p class=\"L6-news-detail__text\">Vio a Sinner muy serio: \u00abEn el primer set, tuvo sus oportunidades y Sinner supo responder. Fue un tiebreak <b>fascinante con cuatro o cinco dejadas de repente\u00bb.<\/b><\/p>\n<p class=\"L6-news-detail__text\">\u00abCreo que el p\u00fablico anim\u00f3 a Sinner, pero me encanta ver a Alcaraz despu\u00e9s, con <b>una sonrisa en la cara y una gran perspectiva<\/b>. Hay una gran diferencia entre estos dos y el resto\u00bb, cierra el extenista.<\/p>\n<p class=\"L6-news-detail__text\">Ni Sinner ni Alcaraz estar\u00e1n en una <b>Copa Davis <\/b>que ya ha arrancado este martes en Bolonia. Una Davis algo descafeinada ante estas bajas.<\/p>\n<p class=\"L6-support-news-video__title\">Moreira, campe\u00f3n del mundo<\/p>\n<p>            <a href=\"https:\/\/www.lasexta.com\/noticias\/deportes\/motor\/momento-desolacion-manu-gonzalez-este-fue-motivo-que-destruyo-sus-aspiraciones-titulo_202511166919bcf6360d0840bce3edf4.html\" class=\"L6-news__link\" rel=\"nofollow noopener\" target=\"_blank\"><br \/>\n                El momento de la desolaci\u00f3n para Manu Gonz\u00e1lez: este fue el motivo que destruy\u00f3 sus aspiraciones al t\u00edtulo<\/p>\n<p class=\"recirculation-video-desc\">El piloto madrile\u00f1o tuvo que abandonar debido a un problema en su neum\u00e1tico trasero. Moreira se proclam\u00f3 campe\u00f3n a cuatro vueltas del final.<\/p>\n<p>            <\/a><\/p>\n","protected":false},"excerpt":{"rendered":"Carlos Alcaraz no pudo con Jannik Sinner en la final de las ATP Finals. Derrotado en dos sets&hellip;\n","protected":false},"author":2,"featured_media":243388,"comment_status":"","ping_status":"","sticky":false,"template":"","format":"standard","meta":{"footnotes":""},"categories":[274],"tags":[168,25,24,23,167,327,326],"class_list":{"0":"post-243387","1":"post","2":"type-post","3":"status-publish","4":"format-standard","5":"has-post-thumbnail","7":"category-tenis","8":"tag-deportes","9":"tag-es","10":"tag-espana","11":"tag-spain","12":"tag-sports","13":"tag-tenis","14":"tag-tennis"},"share_on_mastodon":{"url":"https:\/\/pubeurope.com\/@es\/115572666949108537","error":""},"_links":{"self":[{"href":"https:\/\/www.europesays.com\/es\/wp-json\/wp\/v2\/posts\/243387","targetHints":{"allow":["GET"]}}],"collection":[{"href":"https:\/\/www.europesays.com\/es\/wp-json\/wp\/v2\/posts"}],"about":[{"href":"https:\/\/www.europesays.com\/es\/wp-json\/wp\/v2\/types\/post"}],"author":[{"embeddable":true,"href":"https:\/\/www.europesays.com\/es\/wp-json\/wp\/v2\/users\/2"}],"replies":[{"embeddable":true,"href":"https:\/\/www.europesays.com\/es\/wp-json\/wp\/v2\/comments?post=243387"}],"version-history":[{"count":0,"href":"https:\/\/www.europesays.com\/es\/wp-json\/wp\/v2\/posts\/243387\/revisions"}],"wp:featuredmedia":[{"embeddable":true,"href":"https:\/\/www.europesays.com\/es\/wp-json\/wp\/v2\/media\/243388"}],"wp:attachment":[{"href":"https:\/\/www.europesays.com\/es\/wp-json\/wp\/v2\/media?parent=243387"}],"wp:term":[{"taxonomy":"category","embeddable":true,"href":"https:\/\/www.europesays.com\/es\/wp-json\/wp\/v2\/categories?post=243387"},{"taxonomy":"post_tag","embeddable":true,"href":"https:\/\/www.europesays.com\/es\/wp-json\/wp\/v2\/tags?post=243387"}],"curies":[{"name":"wp","href":"https:\/\/api.w.org\/{rel}","templated":true}]}}