{"id":243395,"date":"2025-11-18T20:52:20","date_gmt":"2025-11-18T20:52:20","guid":{"rendered":"https:\/\/www.europesays.com\/es\/243395\/"},"modified":"2025-11-18T20:52:20","modified_gmt":"2025-11-18T20:52:20","slug":"el-actor-liev-schreiber-ingresado-en-un-hospital-tras-un-susto-de-salud-tenia-fuertes-dolores-de-cabeza","status":"publish","type":"post","link":"https:\/\/www.europesays.com\/es\/243395\/","title":{"rendered":"El actor Liev Schreiber, ingresado en un hospital tras un susto de salud: \u201cTen\u00eda fuertes dolores de cabeza\u201d"},"content":{"rendered":"<p class=\"\">El famoso actor <b>Liev Schreiber <\/b>ha generado preocupaci\u00f3n entre sus seguidores debido a<b> su ingreso en un hospital de Nueva York a ra\u00edz de un susto de salud<\/b>.<\/p>\n<p class=\"\">El protagonista de proyectos como \u2018Ray Donovan\u2019 acudi\u00f3 al m\u00e9dico porque no se encontraba bien. De hecho, le dijo al doctor que <b>estaba sintiendo \u201cfuertes dolores de cabeza\u201d<\/b>, y tal y como informa el medio estadounidense \u2018TMZ\u2019, le hicieron un chequeo y unas pruebas.<\/p>\n<p class=\"\"><b>Esto hizo que el int\u00e9rprete pasara la noche en observaci\u00f3n y permaneciese ingresado en el hospital<\/b>, donde ha podido hablar y caminar sin ning\u00fan problema, como han se\u00f1alado fuentes cercanas al actor.<\/p>\n<p class=\"\">Su representante confirm\u00f3 a trav\u00e9s de un comunicado a la revista \u2018People\u2019 que la decisi\u00f3n de <b>haberle ingresado fue \u201cpor precauci\u00f3n\u201d<\/b>, y a\u00f1adi\u00f3 que<b> ya \u201cha recibido autorizaci\u00f3n para regresar al trabajo\u201d<\/b>.<\/p>\n<p class=\"\">Respecto a las pruebas realizadas, <b>por el momento no se conocen m\u00e1s detalles<\/b> ni ha salido a la luz ning\u00fan diagn\u00f3stico que esclarezca el verdadero estado de salud del int\u00e9rprete.<\/p>\n<p>En 2024 le diagnosticaron amnesia global transitoria<\/p>\n<p class=\"\">Cabe recordar que el actor de 58 a\u00f1os ya atraves\u00f3 otro bache de salud hace poco m\u00e1s de un a\u00f1o, en abril de 2024, cuando <b>confes\u00f3 que ten\u00eda un fuerte dolor de cabeza que le provoc\u00f3 un episodio de amnesia temporal mientras protagonizaba la obra de teatro \u2018Doubt: A Parable in Broadway\u2019<\/b>, y no se acordaba ni siquiera del nombre de Amy Ryan, quien era su compa\u00f1era de reparto entonces.<\/p>\n<p class=\"\">En ese momento,<b> los m\u00e9dicos le hicieron pruebas y pudieron descartar que se tratase de una enfermedad grave<\/b>, aunque s\u00ed que<b> le diagnosticaron una amnesia global transitoria<\/b>, que precisamente fue lo que provoc\u00f3 la p\u00e9rdida de memoria y confusi\u00f3n.<\/p>\n<p>Noticias relacionadas<a href=\"https:\/\/as.com\/tikitakas\/famosos\/richard-gere-aparca-su-amor-por-espana-durante-un-momento-para-sincerarse-esto-es-lo-unico-que-echo-de-menos-de-nueva-york-f202511-n\/\" class=\"s_m_w _rt-16x9\" title=\"El actor ha sido preguntado por su estancia en Madrid, y tambi\u00e9n por su regreso a Estados Unidos.\" data-tb-link=\"\" rel=\"nofollow noopener\" target=\"_blank\"><img decoding=\"async\" src=\"https:\/\/www.europesays.com\/es\/wp-content\/uploads\/2025\/11\/NDW523WMB5ORFLWK3BOAEAHGXA.jpg\" alt=\"Richard Gere aparca su amor por Espa\u00f1a durante un momento para sincerarse: \u201cEsto es lo \u00fanico que echo de menos de Nueva York\u201d\" class=\"\" height=\"9\" width=\"16\"   loading=\"lazy\" data-tb-thumbnail=\"\"\/><\/a><a href=\"https:\/\/as.com\/tikitakas\/famosos\/la-nueva-vida-de-wentworth-miller-el-actor-de-prison-break-que-paso-por-una-depresion-y-desaparecio-de-la-television-f202511-n\/\" class=\"s_m_w _rt-16x9\" title=\"Una serie inolvidable y un cambio total de rumbo el que tom\u00f3 su actor protagonista.\" data-tb-link=\"\" rel=\"nofollow noopener\" target=\"_blank\"><img decoding=\"async\" src=\"https:\/\/www.europesays.com\/es\/wp-content\/uploads\/2025\/11\/NE5X42JGXRE73AVRJ3RPDQPSPQ.jpg\" alt=\"La nueva vida de Wentworth Miller, el actor de \u2018Prison Break\u2019 que pas\u00f3 por una depresi\u00f3n y desapareci\u00f3 de la televisi\u00f3n\" class=\"\" height=\"9\" width=\"16\"   loading=\"lazy\" data-tb-thumbnail=\"\"\/><\/a><\/p>\n<p class=\"\">Ahora, se est\u00e1 barajando la posibilidad de que le haya podido ocurrir una situaci\u00f3n similar en el presente.<\/p>\n<p class=\"\"><b>\u00a1Tus opiniones importan!<\/b> Comenta en los art\u00edculos y suscr\u00edbete gratis a nuestra <a href=\"https:\/\/asfan.as.com\/newsletters\/\" target=\"_blank\" rel=\"nofollow noopener\" title=\"https:\/\/asfan.as.com\/newsletters\/\">newsletter<\/a> y a las alertas informativas en la <a href=\"https:\/\/as.com\/aplicacion-de-as-n\/\" target=\"_blank\" rel=\"nofollow noopener\" title=\"https:\/\/as.com\/aplicacion-de-as-n\/\">App<\/a> o el canal de <a href=\"https:\/\/www.whatsapp.com\/channel\/0029VaAasdA7j6g745nz9M10\" target=\"_blank\" rel=\"nofollow noopener\" title=\"https:\/\/www.whatsapp.com\/channel\/0029VaAasdA7j6g745nz9M10\">WhatsApp<\/a>. \u00bfBuscas licenciar contenido? Haz clic <a href=\"https:\/\/profesional.elpais.com\/soluciones-sindicacion?utm_medium=interno&amp;utm_source=crosslinking&amp;utm_campaign=sindicacion_as_pie_articulos\" target=\"_blank\" rel=\"nofollow noopener\" title=\"https:\/\/profesional.elpais.com\/soluciones-sindicacion?utm_medium=interno&amp;utm_source=crosslinking&amp;utm_campaign=sindicacion_as_pie_articulos\">aqu\u00ed<\/a><\/p>\n","protected":false},"excerpt":{"rendered":"El famoso actor Liev Schreiber ha generado preocupaci\u00f3n entre sus seguidores debido a su ingreso en un hospital&hellip;\n","protected":false},"author":2,"featured_media":243396,"comment_status":"","ping_status":"","sticky":false,"template":"","format":"standard","meta":{"footnotes":""},"categories":[174],"tags":[255,146,147,25,24,256,23],"class_list":{"0":"post-243395","1":"post","2":"type-post","3":"status-publish","4":"format-standard","5":"has-post-thumbnail","7":"category-famosos","8":"tag-celebrities","9":"tag-entertainment","10":"tag-entretenimiento","11":"tag-es","12":"tag-espana","13":"tag-famosos","14":"tag-spain"},"share_on_mastodon":{"url":"https:\/\/pubeurope.com\/@es\/115572688474039786","error":""},"_links":{"self":[{"href":"https:\/\/www.europesays.com\/es\/wp-json\/wp\/v2\/posts\/243395","targetHints":{"allow":["GET"]}}],"collection":[{"href":"https:\/\/www.europesays.com\/es\/wp-json\/wp\/v2\/posts"}],"about":[{"href":"https:\/\/www.europesays.com\/es\/wp-json\/wp\/v2\/types\/post"}],"author":[{"embeddable":true,"href":"https:\/\/www.europesays.com\/es\/wp-json\/wp\/v2\/users\/2"}],"replies":[{"embeddable":true,"href":"https:\/\/www.europesays.com\/es\/wp-json\/wp\/v2\/comments?post=243395"}],"version-history":[{"count":0,"href":"https:\/\/www.europesays.com\/es\/wp-json\/wp\/v2\/posts\/243395\/revisions"}],"wp:featuredmedia":[{"embeddable":true,"href":"https:\/\/www.europesays.com\/es\/wp-json\/wp\/v2\/media\/243396"}],"wp:attachment":[{"href":"https:\/\/www.europesays.com\/es\/wp-json\/wp\/v2\/media?parent=243395"}],"wp:term":[{"taxonomy":"category","embeddable":true,"href":"https:\/\/www.europesays.com\/es\/wp-json\/wp\/v2\/categories?post=243395"},{"taxonomy":"post_tag","embeddable":true,"href":"https:\/\/www.europesays.com\/es\/wp-json\/wp\/v2\/tags?post=243395"}],"curies":[{"name":"wp","href":"https:\/\/api.w.org\/{rel}","templated":true}]}}