{"id":243406,"date":"2025-11-18T21:02:46","date_gmt":"2025-11-18T21:02:46","guid":{"rendered":"https:\/\/www.europesays.com\/es\/243406\/"},"modified":"2025-11-18T21:02:46","modified_gmt":"2025-11-18T21:02:46","slug":"oncologos-avisan-del-aumento-del-cancer-de-pulmon-en-no-fumadores-2","status":"publish","type":"post","link":"https:\/\/www.europesays.com\/es\/243406\/","title":{"rendered":"Onc\u00f3logos avisan del aumento del c\u00e1ncer de pulm\u00f3n en no fumadores"},"content":{"rendered":"<p>\n        La <strong>Sociedad Andaluza de Oncolog\u00eda M\u00e9dica (SAOM)<\/strong> ha alertado, con motivo del <strong>D\u00eda Mundial contra el <\/strong><a href=\"https:\/\/www.noticiasdealava.eus\/tags\/cancer-de-pulmon\/\" title=\"C\u00e1ncer de Pulm\u00f3n\" class=\"link copy\" rel=\"nofollow noopener\" target=\"_blank\">C\u00e1ncer de Pulm\u00f3n<\/a>, sobre el aumento <strong>sostenido<\/strong> de casos de <strong>c\u00e1ncer de pulm\u00f3n en personas que nunca han fumado<\/strong>, un fen\u00f3meno creciente pero a\u00fan poco visible. Aunque el <strong>tabaco<\/strong> sigue siendo el principal factor de riesgo, representando alrededor del 80% de los casos, hasta <strong>uno de cada cinco diagn\u00f3sticos<\/strong> se da en <strong>no fumadores<\/strong>, con un perfil distinto: <strong>mayor incidencia en mujeres, pacientes m\u00e1s j\u00f3venes y tumores con alteraciones moleculares espec\u00edficas<\/strong>.\n<\/p>\n<p class=\"article-body__text \">\n        El <strong>c\u00e1ncer de pulm\u00f3n<\/strong> sigue siendo la <strong>primera causa de muerte por c\u00e1ncer en Andaluc\u00eda y en el Estado<\/strong>, con cerca de 3.000 nuevos casos anuales en Andaluc\u00eda, casi 1.000 en la provincia de Sevilla. Entre los factores de riesgo no vinculados al tabaco destacan la <strong>exposici\u00f3n prolongada a contaminantes atmosf\u00e9ricos, gas rad\u00f3n y ciertos riesgos laborales<\/strong> (asbestos, s\u00edlice, hidrocarburos o disolventes). Adem\u00e1s, se han identificado <strong>mutaciones gen\u00e9ticas espec\u00edficas<\/strong> como EGFR, ALK o ROS1, m\u00e1s frecuentes en no fumadores, que condicionan la evoluci\u00f3n y respuesta al tratamiento.\n<\/p>\n<p>            <a href=\"https:\/\/www.noticiasdealava.eus\/sociedad\/2025\/11\/12\/sanidad-comunidades-compartir-cancer-cribados-10340716.html\" title=\"Sanidad y las comunidades acuerdan compartir por ahora los datos b\u00e1sicos de los cribados de c\u00e1ncer\" class=\"new__media\" rel=\"nofollow noopener\" target=\"_blank\"><\/p>\n<p>                <img alt=\"Sanidad y las comunidades acuerdan compartir por ahora los datos b\u00e1sicos de los cribados de c\u00e1ncer\" data-src=\"https:\/\/www.europesays.com\/es\/wp-content\/uploads\/2025\/11\/61d38796-d99f-4775-b791-f01bbdcaabdb_16-9-aspect-ratio_default_0.jpg\" class=\"lozad\"\/><\/p>\n<p>        <\/a><\/p>\n<p>        <a href=\"https:\/\/www.noticiasdealava.eus\/sociedad\/2025\/11\/12\/sanidad-comunidades-compartir-cancer-cribados-10340716.html\" title=\"Sanidad y las comunidades acuerdan compartir por ahora los datos b\u00e1sicos de los cribados de c\u00e1ncer\" class=\"new__headline\" rel=\"nofollow noopener\" target=\"_blank\"><br \/>\n            Sanidad y las comunidades acuerdan compartir por ahora los datos b\u00e1sicos de los cribados de c\u00e1ncer<br \/>\n        <\/a><\/p>\n<p class=\"article-body__text \">\n        A pesar de los avances terap\u00e9uticos, m\u00e1s del <strong>60% de los diagn\u00f3sticos<\/strong> en<a href=\"https:\/\/www.noticiasdealava.eus\/tags\/junta-de-andalucia\/\" title=\"Andaluc\u00eda\" class=\"link copy\" rel=\"nofollow noopener\" target=\"_blank\"> Andaluc\u00eda<\/a> se producen en <strong>fases avanzadas<\/strong>, por lo que la SAOM insiste en la <strong>detecci\u00f3n temprana<\/strong> y en la implantaci\u00f3n homog\u00e9nea de <strong>programas de cribado con TAC de baja dosis<\/strong> coordinados entre oncolog\u00eda, neumolog\u00eda, radiolog\u00eda y Atenci\u00f3n Primaria. Tambi\u00e9n se destaca la necesidad de <strong>circuitos r\u00e1pidos hacia el diagn\u00f3stico especializado<\/strong>, especialmente en zonas rurales o con menor dotaci\u00f3n tecnol\u00f3gica.\n<\/p>\n<p class=\"article-body__text \">\n        Los <strong>s\u00edntomas iniciales<\/strong> suelen confundirse con afecciones respiratorias menores, por lo que la sensibilizaci\u00f3n de la Atenci\u00f3n Primaria es clave.\n<\/p>\n<p>  Perspectiva medioambiental<\/p>\n<p class=\"article-body__text \">\n        La <strong>introducci\u00f3n de terapias dirigidas e inmunoterapia<\/strong> ha mejorado el pron\u00f3stico incluso en estadios avanzados, pero la SAOM reclama <strong>equidad en el acceso<\/strong> y que todos los hospitales cuenten con <strong>comit\u00e9s moleculares multidisciplinares y laboratorios de diagn\u00f3stico gen\u00f3mico<\/strong>. Finalmente, la SAOM subraya la importancia de incorporar la <strong>perspectiva medioambiental<\/strong> en la prevenci\u00f3n, controlando la <strong>calidad del aire<\/strong>, reduciendo emisiones industriales y de tr\u00e1fico urbano, y ventilando adecuadamente las viviendas con <strong>rad\u00f3n<\/strong>, ya que estos factores aumentan el riesgo de c\u00e1ncer de pulm\u00f3n incluso en <strong>no fumadores<\/strong>.<\/p>\n","protected":false},"excerpt":{"rendered":"La Sociedad Andaluza de Oncolog\u00eda M\u00e9dica (SAOM) ha alertado, con motivo del D\u00eda Mundial contra el C\u00e1ncer de&hellip;\n","protected":false},"author":2,"featured_media":241644,"comment_status":"","ping_status":"","sticky":false,"template":"","format":"standard","meta":{"footnotes":""},"categories":[92],"tags":[5609,62050,1066,25,24,165,60800,3256,166,23],"class_list":{"0":"post-243406","1":"post","2":"type-post","3":"status-publish","4":"format-standard","5":"has-post-thumbnail","7":"category-salud","8":"tag-aumento","9":"tag-avisan","10":"tag-cancer","11":"tag-es","12":"tag-espana","13":"tag-health","14":"tag-oncologos","15":"tag-pulmon","16":"tag-salud","17":"tag-spain"},"share_on_mastodon":{"url":"https:\/\/pubeurope.com\/@es\/115572725737823791","error":""},"_links":{"self":[{"href":"https:\/\/www.europesays.com\/es\/wp-json\/wp\/v2\/posts\/243406","targetHints":{"allow":["GET"]}}],"collection":[{"href":"https:\/\/www.europesays.com\/es\/wp-json\/wp\/v2\/posts"}],"about":[{"href":"https:\/\/www.europesays.com\/es\/wp-json\/wp\/v2\/types\/post"}],"author":[{"embeddable":true,"href":"https:\/\/www.europesays.com\/es\/wp-json\/wp\/v2\/users\/2"}],"replies":[{"embeddable":true,"href":"https:\/\/www.europesays.com\/es\/wp-json\/wp\/v2\/comments?post=243406"}],"version-history":[{"count":0,"href":"https:\/\/www.europesays.com\/es\/wp-json\/wp\/v2\/posts\/243406\/revisions"}],"wp:featuredmedia":[{"embeddable":true,"href":"https:\/\/www.europesays.com\/es\/wp-json\/wp\/v2\/media\/241644"}],"wp:attachment":[{"href":"https:\/\/www.europesays.com\/es\/wp-json\/wp\/v2\/media?parent=243406"}],"wp:term":[{"taxonomy":"category","embeddable":true,"href":"https:\/\/www.europesays.com\/es\/wp-json\/wp\/v2\/categories?post=243406"},{"taxonomy":"post_tag","embeddable":true,"href":"https:\/\/www.europesays.com\/es\/wp-json\/wp\/v2\/tags?post=243406"}],"curies":[{"name":"wp","href":"https:\/\/api.w.org\/{rel}","templated":true}]}}