{"id":243416,"date":"2025-11-18T21:10:09","date_gmt":"2025-11-18T21:10:09","guid":{"rendered":"https:\/\/www.europesays.com\/es\/243416\/"},"modified":"2025-11-18T21:10:09","modified_gmt":"2025-11-18T21:10:09","slug":"comparecencia-ante-los-medios-de-comunicacion-del-presidente-del-gobierno-pedro-sanchez-junto-al-presidente-de-ucrania-volodimir-zelenski","status":"publish","type":"post","link":"https:\/\/www.europesays.com\/es\/243416\/","title":{"rendered":"Comparecencia ante los medios de comunicaci\u00f3n del presidente del Gobierno, Pedro S\u00e1nchez, junto al presidente de Ucrania, Volod\u00edmir Zelenski"},"content":{"rendered":"<p class=\"news-location\">Moncloa, Madrid (Espa\u00f1a)<\/p>\n<p class=\"Centrado\"><strong>INTERVENCI\u00d3N DEL PRESIDENTE DEL GOBIERNO, PEDRO S\u00c1NCHEZ<\/strong><\/p>\n<p class=\"Justificado\">Buenas tardes a todos y a todas. Gracias a los medios de comunicaci\u00f3n por atender esta comparecencia. Y gracias tambi\u00e9n, l\u00f3gicamente, a la Delegaci\u00f3n del Gobierno de Espa\u00f1a y la delegaci\u00f3n del Gobierno ucraniano por el \u00e9xito de esta visita oficial del presidente Zelenski a Espa\u00f1a.<\/p>\n<p class=\"Justificado\">Quiero comenzar por ah\u00ed. Por darte la bienvenida, querido amigo, querido Volod\u00edmir, querido presidente Zelenski, a Espa\u00f1a, un pa\u00eds que es aliado, que es socio y que es amigo de Ucrania.<\/p>\n<p class=\"Justificado\">Y para m\u00ed es un honor recibir al presidente Zelenski en el Palacio de la Moncloa y transmitirle, en nombre de la sociedad espa\u00f1ola, en su amplio espectro, la admiraci\u00f3n y el afecto que sentimos por el pueblo ucraniano, por el Gobierno de Ucrania y tambi\u00e9n por el presidente Zelenski.<\/p>\n<p class=\"Justificado\">As\u00ed que, quiero comenzar esta breve intervenci\u00f3n en primer lugar, expresando el apoyo total y firme del Gobierno de Espa\u00f1a con el Gobierno de Ucrania y con su presidente al frente, con el presidente Zelenski.<\/p>\n<p class=\"Justificado\">Lo hemos comentado en muchas ocasiones cuando hemos hablado de la guerra en Ucrania, aqu\u00ed en Espa\u00f1a, querido Volod\u00edmir. Y es que es verdad que, geogr\u00e1ficamente, Espa\u00f1a est\u00e1 muy lejos de Ucrania. Desde aqu\u00ed no se pueden ver ni se pueden escuchar los bombardeos que aterrorizan a la poblaci\u00f3n ucraniana d\u00eda tras d\u00eda, despu\u00e9s de muchos a\u00f1os de guerra, pero quiero que sepas, y quiero que sepan tambi\u00e9n los ciudadanos y ciudadanas de Ucrania, que los corazones de los espa\u00f1oles y espa\u00f1olas est\u00e1n con vosotros y que en nuestras manos tambi\u00e9n lo estar\u00e1n hasta que se alcance una paz justa y duradera. Y, por supuesto, tambi\u00e9n el horizonte europeo de Ucrania, su pertenencia a la Uni\u00f3n Europea, a la familia a la que quieren pertenecer.<\/p>\n<p class=\"Justificado\">Lo hacemos, primero, por solidaridad. Segundo, por coherencia. Y tercero, por responsabilidad. Porque sabemos que la guerra que est\u00e1 librando Ucrania contra el neoimperialismo de Putin es tambi\u00e9n una guerra que trata de debilitar el proyecto europeo y lo que representa el proyecto europeo por el que tanto hemos trabajado tambi\u00e9n desde Espa\u00f1a desde hace ya 40 a\u00f1os de nuestro ingreso en la hoy conocida como Uni\u00f3n Europea.<\/p>\n<p class=\"Justificado\">En la reuni\u00f3n que hemos mantenido, quisiera decirles a los medios de comunicaci\u00f3n, tanto el presidente Zelenski como yo mismo y las delegaciones de ambos Gobiernos, nos han informado de la situaci\u00f3n sobre el terreno. Nos han solicitado tambi\u00e9n, como no puede ser de otra manera, esa solidaridad urgente para poder afrontar este invierno y proteger a su poblaci\u00f3n del fr\u00edo, de los cortes de suministro y de las bombas rusas.<\/p>\n<p class=\"Justificado\">Y les he asegurado, al Gobierno de Ucrania y al presidente Zelenski, que Espa\u00f1a acudir\u00e1 a esa llamada, como venimos haciendo desde el inicio de esta invasi\u00f3n.<\/p>\n<p class=\"Justificado\">Y le he transmitido dos anuncios importantes que ahora me gustar\u00eda tambi\u00e9n compartir con los medios de comunicaci\u00f3n y con la opini\u00f3n p\u00fablica espa\u00f1ola y, por supuesto, tambi\u00e9n con la ucraniana.<\/p>\n<p class=\"Justificado\">En primer lugar, he compartido con el presidente Zelenski que, a lo largo del pr\u00f3ximo mes, Espa\u00f1a va a movilizar un nuevo paquete de apoyo militar a Ucrania por un importe de 615 millones de euros.<\/p>\n<p class=\"Justificado\">Este paquete incluir\u00e1, en primer lugar, el env\u00edo de nuevo equipamiento defensivo por un valor aproximado de 300 millones de euros y como parte de nuestro acuerdo bilateral de seguridad, que, como recordar\u00e1n, son 1.000 millones de euros que hemos comprometido tambi\u00e9n este a\u00f1o en materia de seguridad con Ucrania.<\/p>\n<p class=\"Justificado\">En segundo lugar, junto con esos 300 millones de euros, la transferencia de 100 millones de euros al programa PURL de la OTAN, que servir\u00e1n para financiar la adquisici\u00f3n urgente, acelerada, de sistemas de defensa que necesitan las Fuerzas Armadas ucranianas. Y, finalmente, la transferencia de 215 millones de euros a trav\u00e9s del instrumento SAFE que cre\u00f3 la Comisi\u00f3n Europea, recordar\u00e1n los medios de comunicaci\u00f3n aqu\u00ed presentes, y que van a permitir costear la producci\u00f3n que permitir\u00e1 la producci\u00f3n de sistemas antidrones, radares de exploraci\u00f3n, vigilancia a\u00e9rea, muchos de ellos desarrollados, como saben, por empresas espa\u00f1olas.<\/p>\n<p class=\"Justificado\">Junto con este paquete de 615 millones de euros que acabo de compartir con ustedes, he comunicado al presidente Zelenski que nuestro pa\u00eds desplegar\u00e1 a partir de hoy mismo un nuevo instrumento de apoyo financiero dotado con 200 millones de euros para impulsar la reconstrucci\u00f3n de Ucrania.<\/p>\n<p class=\"Justificado\">Este instrumento estar\u00e1 coordinado por la nueva Oficina Espa\u00f1ola de Reconstrucci\u00f3n para Ucrania, que, como saben, se abri\u00f3 hace dos meses y permitir\u00e1 a nuestras empresas participar de forma directa, tambi\u00e9n competitiva, en la reconstrucci\u00f3n, en la modernizaci\u00f3n, en la ampliaci\u00f3n de las infraestructuras da\u00f1adas por esta invasi\u00f3n, haciendo un especial \u00e9nfasis en sectores que son muy cr\u00edticos ahora mismo para la sociedad ucraniana, como es la energ\u00eda, como es el agua y como es el transporte.<\/p>\n<p class=\"Justificado\">Adem\u00e1s, quiero tambi\u00e9n compartir con los medios de comunicaci\u00f3n que Espa\u00f1a pondr\u00e1 en marcha un proyecto conjunto que nos hace particular ilusi\u00f3n, con las Naciones Unidas, para reconstruir el sistema central de calefacci\u00f3n de la localidad ucraniana de Sumy, duramente golpeada por la guerra, con el objetivo de restablecer la calefacci\u00f3n a m\u00e1s de 28.000 vecinos y vecinas de esta localidad, algo que tendr\u00e1 un coste aproximado de 2 millones de euros.<\/p>\n<p class=\"Justificado\">En total, estamos hablando, por tanto, de que Espa\u00f1a va a movilizar 817 millones de euros, primero, para apoyar al ej\u00e9rcito ucraniano en su defensa por la libertad y la integridad territorial de Ucrania frente al invasor.<\/p>\n<p class=\"Justificado\">En segundo lugar, para proteger a su poblaci\u00f3n civil.<\/p>\n<p class=\"Justificado\">Y, finalmente, para impulsar ese horizonte de reconstrucci\u00f3n y de modernizaci\u00f3n de las infraestructuras da\u00f1adas por el neoimperialismo de Putin.<\/p>\n<p class=\"Justificado\">As\u00ed se defiende la soberan\u00eda europea y as\u00ed se demuestra el compromiso, la coherencia y la solidaridad del conjunto de la sociedad espa\u00f1ola.<\/p>\n<p class=\"Justificado\">Antes de acabar, s\u00ed quisiera hacer una breve reflexi\u00f3n con el presidente Zelenski, con la delegaci\u00f3n ucraniana y tambi\u00e9n con la sociedad espa\u00f1ola.<\/p>\n<p class=\"Justificado\">Porque, antes de reunirnos bilateralmente, hemos estado el presidente Zelenski y yo mismo en el Museo Reina Sof\u00eda para mostrarle y compartir una imagen que creo que es muy poderosa, que es el Guernica, de Picasso. Un s\u00edmbolo universal, universal de la barbarie, de la guerra, y un canto a la paz.<\/p>\n<p class=\"Justificado\">All\u00ed hemos recordado que fue la voluntad de su autor, del pintor, del gran pintor Picasso, que el Guernica solo fuera expuesto en Espa\u00f1a cuando nuestro pa\u00eds recuperara la libertad y la democracia. Una meta que desgraciadamente se tard\u00f3 mucho, tardaron cuatro d\u00e9cadas en alcanzarse, y cuyo aniversario empezamos a celebrar este a\u00f1o.<\/p>\n<p class=\"Justificado\">Y recuerdo, precisamente, que en la primera intervenci\u00f3n que tuvo el presidente Zelenski ante el Parlamento de Espa\u00f1a al inicio de la guerra, \u00e9l mismo habl\u00f3 del Guernica. Habl\u00f3 del bombardeo en la ciudad de Guernica.<\/p>\n<p class=\"Justificado\">Bueno, pues, tras medio siglo de dictadura, Espa\u00f1a pudo convertirse en una democracia pr\u00f3spera, abierta, y encontrar su lugar donde le correspond\u00eda, que era en Europa.<\/p>\n<p class=\"Justificado\">Y yo estoy convencido, querido amigo, de que eso ocurrir\u00e1 m\u00e1s pronto que tarde tambi\u00e9n con Ucrania. Que m\u00e1s pronto que tarde nuestros dos pa\u00edses compartir\u00e1n el privilegio de la paz, del desarrollo econ\u00f3mico, de la prosperidad y del proyecto europeo.<\/p>\n<p class=\"Justificado\">Hasta entonces, querido presidente, querido amigo Volod\u00edmir, los espa\u00f1oles y espa\u00f1olas estaremos contigo, con el Gobierno ucraniano y con la gente de Ucrania.<\/p>\n<p class=\"Justificado\">As\u00ed que gracias por tu coraje, por tu determinaci\u00f3n, por la tuya personal, por la de tu Gobierno y tambi\u00e9n por la del conjunto del pueblo ucraniano que hoy se bate con dignidad y entereza por su libertad.<\/p>\n<p class=\"Justificado\">Tu lucha, vuestra lucha, es la nuestra y vuestra victoria ser\u00e1 la de todos aquellos que creemos en la libertad, en la justicia, en el multilateralismo y en un orden internacional basado en reglas, que son las que est\u00e1 hoy violando Putin en Ucrania.<\/p>\n<p class=\"Justificado\">Nada m\u00e1s, y muchas gracias. Y le cedo la palabra a mi amigo Volod\u00edmir Zelenski.<\/p>\n<p class=\"Justificado\"><strong>[Intervenci\u00f3n del presidente Zelenski]<\/strong><\/p>\n<p class=\"Justificado\"><strong>Presidente.-<\/strong> Bueno, muchas gracias, Volod\u00edmir. Y ahora, tenemos algunas preguntas de la prensa.<\/p>\n<p class=\"Justificado\"><strong>P.- [Marta Moreno, 20 Minutos] Hola, buenas tardes. Le traslado las preguntas de la prensa espa\u00f1ola.<\/strong><\/p>\n<p class=\"Justificado\"><strong>En primer lugar, querr\u00eda saber qu\u00e9 parte del material militar anunciado se va a comprar a Estados Unidos. Y, ya si me permite, en clave nacional, la UCO constata en su informe que tanto Santos Cerd\u00e1n como su familia se beneficiaron de los contratos que el Ministerio de Transporte adjudicaba a la empresa Acciona y que incluso hubo viajes oficiales fuera de Espa\u00f1a.<\/strong><\/p>\n<p class=\"Justificado\"><strong>Tambi\u00e9n confirma que la vinculaci\u00f3n de su ex n\u00famero dos viene de su etapa en Navarra. \u00bfC\u00f3mo es posible que nadie supiese nada en todo este tiempo?<\/strong><\/p>\n<p class=\"Justificado\"><strong>Y, por otra parte, si mantiene que tanto el Gobierno como el partido han asumido todas las responsabilidades. Muchas gracias.<\/strong><\/p>\n<p class=\"Justificado\"><strong>Presidente.-<\/strong> Bueno, muchas gracias, Marta, por sus preguntas. En relaci\u00f3n con la primera de las cuestiones, he dicho antes que, del paquete de 615 millones de euros, 100 millones de euros van a estar destinados a este programa PURL de la OTAN y, por tanto, a la adquisici\u00f3n de material urgente que ha solicitado Ucrania y que solamente est\u00e1 accesible por parte de la industria de la defensa estadounidense.<\/p>\n<p class=\"Justificado\">Con lo cual, simplemente por responder a su pregunta, son esos 100 millones de euros los que vamos a situar en el marco de la OTAN y de ese programa PURL.<\/p>\n<p class=\"Justificado\">Y, en relaci\u00f3n con la segunda de las cuestiones, yo creo que el Gobierno de Espa\u00f1a, y tambi\u00e9n la organizaci\u00f3n que yo lidero, desde el primer minuto que se conocieron todo este tipo de situaciones, este caso, lo que hemos hecho ha sido, uno: colaborar con la Justicia, dos: actuar con contundencia.<\/p>\n<p class=\"Justificado\">Y, por tanto, eso es lo que estamos haciendo. Ahora tenemos que dejar a la Justicia trabajar y es el tiempo de la Justicia. Nosotros hemos asumido esa responsabilidad pol\u00edtica, hemos actuado de manera contundente y vamos a esperar, efectivamente, al desarrollo de esas investigaciones judiciales.<\/p>\n<p class=\"Justificado\"><strong>P.- [Vitaliy Syzov,<\/strong> <strong>UA TV UCRANIA<\/strong><strong>] Muchas gracias, Freedom Ukraine.<\/strong><\/p>\n<p class=\"Justificado\"><strong>Mi pregunta va dirigida a los dos presidentes.<\/strong><\/p>\n<p class=\"Justificado\"><strong>Ayer la Comisi\u00f3n Europea finalmente ha presentado las opciones para apoyar a Ucrania en los a\u00f1os 2026 y 2027. Una de ellas supone la financiaci\u00f3n por parte de los activos congelados rusos.<\/strong><\/p>\n<p class=\"Justificado\"><strong>Me gustar\u00eda preguntar a ambos presidentes por cu\u00e1l de las dos opciones propuestas por la Comisi\u00f3n se inclina. Y, al se\u00f1or presidente del Gobierno de Espa\u00f1a, porque es el que tendr\u00e1 que tomar esa decisi\u00f3n posiblemente ya en el mes de diciembre, cu\u00e1l de las opciones apoyar\u00eda de las que proporcion\u00f3 la Comisi\u00f3n Europea.<\/strong><\/p>\n<p class=\"Justificado\"><strong>Presidente.-<\/strong> Bueno, muchas gracias por sus preguntas.<\/p>\n<p class=\"Justificado\">En primer lugar, yo creo que no hay que olvidar lo importante, y lo importante es que Ucrania necesita la solidaridad de todos los pa\u00edses de la comunidad internacional, empezando por la Uni\u00f3n Europea. Esto es creo que lo m\u00e1s importante, lo m\u00e1s relevante hoy.<\/p>\n<p class=\"Justificado\">Tambi\u00e9n desde Espa\u00f1a estamos trasladando ese mensaje a la comunidad internacional y tambi\u00e9n al pueblo ucraniano, respaldado por el pueblo espa\u00f1ol. Y es que Ucrania necesita urgentemente de la solidaridad del conjunto de la comunidad internacional, porque est\u00e1 defendiendo valores, principios por los cuales tambi\u00e9n hay un amplio respaldo por parte de la comunidad internacional y de la sociedad espa\u00f1ola, que son los principios de la libertad, del respeto a la integridad territorial, de un orden basado en reglas, del derecho internacional, tambi\u00e9n del derecho internacional humanitario y de un sistema multilateral, que nada m\u00e1s y nada menos que un pa\u00eds miembro del Consejo de Seguridad de Naciones Unidas, un miembro permanente como es Rusia, est\u00e1 violando desde hace ya cuatro a\u00f1os. Con lo cual este es el marco en el que tenemos que tomar la decisi\u00f3n.<\/p>\n<p class=\"Justificado\">Dos, acabamos de conocer la propuesta, el men\u00fa de distintas opciones que ha planteado la Comisi\u00f3n Europea. Las estamos discutiendo internamente dentro del Gobierno de Espa\u00f1a, pero desde el principio s\u00ed que le puedo trasladar que el Gobierno de Espa\u00f1a siempre ha mantenido la misma posici\u00f3n. Y es que, efectivamente, los activos rusos congelados tienen que ser utilizados para la reconstrucci\u00f3n del pa\u00eds que est\u00e1 siendo invadido por parte, en este caso, de Rusia y de su presidente Putin.<\/p>\n<p class=\"Justificado\">Creo que con esto respondo a su pregunta.<\/p>\n<p class=\"Justificado\"><strong>P.- [Ra\u00fal Pi\u00f1a, El Mundo] Hola, buenas tardes. Al presidente Zelenski quer\u00eda preguntarle. Viaja ma\u00f1ana a Turqu\u00eda para relanzar junto a Estados Unidos un di\u00e1logo con Rusia. \u00bfQu\u00e9 resultados concretos espera de esta visita a Turqu\u00eda? \u00bfDebe Estados Unidos elevar la presi\u00f3n sobre Putin? Y, si es as\u00ed, \u00bfc\u00f3mo debe hacerse?<\/strong><\/p>\n<p class=\"Justificado\"><strong>Y, al presidente S\u00e1nchez, si me permite, en clave nacional. Esta semana hemos conocido que la se\u00f1ora Leire D\u00edaz sit\u00faa en una reuni\u00f3n en Ferraz a Antonio Hernando, que entonces era miembro de su Gabinete.<\/strong><\/p>\n<p class=\"Justificado\"><strong>Quer\u00eda preguntarle si en alg\u00fan momento el se\u00f1or Hernando le report\u00f3 a usted sobre esa reuni\u00f3n o qu\u00e9 conocimiento ten\u00eda usted de que miembros de Moncloa acud\u00edan a estas citas.<\/strong><\/p>\n<p class=\"Justificado\"><strong>Gracias.<\/strong><\/p>\n<p class=\"Justificado\"><strong>Presidente.-<\/strong> Muchas gracias, Ra\u00fal.<\/p>\n<p class=\"Justificado\">La respuesta es bien sencilla: no.<\/p>\n<p class=\"Justificado\">Bueno, muchas gracias a los medios de comunicaci\u00f3n. Y, por supuesto, gracias de nuevo a las delegaciones, tanto del Gobierno de Espa\u00f1a como del Gobierno de Ucrania. Y gracias, Volod\u00edm\u00edr, por tu visita oficial.<\/p>\n<p class=\"Derecha\">(Transcripci\u00f3n editada por la Secretar\u00eda de Estado de Comunicaci\u00f3n)<br \/>(Intervenci\u00f3n original en ingl\u00e9s y en espa\u00f1ol)<\/p>\n","protected":false},"excerpt":{"rendered":"Moncloa, Madrid (Espa\u00f1a) INTERVENCI\u00d3N DEL PRESIDENTE DEL GOBIERNO, PEDRO S\u00c1NCHEZ Buenas tardes a todos y a todas. Gracias&hellip;\n","protected":false},"author":2,"featured_media":153856,"comment_status":"","ping_status":"","sticky":false,"template":"","format":"standard","meta":{"footnotes":""},"categories":[5],"tags":[17,18,25,24,13,14,11,3481,19,20,9,10,15,16,1461,23,12,21,22],"class_list":{"0":"post-243416","1":"post","2":"type-post","3":"status-publish","4":"format-standard","5":"has-post-thumbnail","7":"category-titulares","8":"tag-breaking-news","9":"tag-breakingnews","10":"tag-es","11":"tag-espana","12":"tag-featured-news","13":"tag-featurednews","14":"tag-headlines","15":"tag-intervenciones","16":"tag-latest-news","17":"tag-latestnews","18":"tag-news","19":"tag-noticias","20":"tag-noticias-destacadas","21":"tag-noticiasdestacadas","22":"tag-presidente","23":"tag-spain","24":"tag-titulares","25":"tag-ultimas-noticias","26":"tag-ultimasnoticias"},"share_on_mastodon":{"url":"https:\/\/pubeurope.com\/@es\/115572757144682340","error":""},"_links":{"self":[{"href":"https:\/\/www.europesays.com\/es\/wp-json\/wp\/v2\/posts\/243416","targetHints":{"allow":["GET"]}}],"collection":[{"href":"https:\/\/www.europesays.com\/es\/wp-json\/wp\/v2\/posts"}],"about":[{"href":"https:\/\/www.europesays.com\/es\/wp-json\/wp\/v2\/types\/post"}],"author":[{"embeddable":true,"href":"https:\/\/www.europesays.com\/es\/wp-json\/wp\/v2\/users\/2"}],"replies":[{"embeddable":true,"href":"https:\/\/www.europesays.com\/es\/wp-json\/wp\/v2\/comments?post=243416"}],"version-history":[{"count":0,"href":"https:\/\/www.europesays.com\/es\/wp-json\/wp\/v2\/posts\/243416\/revisions"}],"wp:featuredmedia":[{"embeddable":true,"href":"https:\/\/www.europesays.com\/es\/wp-json\/wp\/v2\/media\/153856"}],"wp:attachment":[{"href":"https:\/\/www.europesays.com\/es\/wp-json\/wp\/v2\/media?parent=243416"}],"wp:term":[{"taxonomy":"category","embeddable":true,"href":"https:\/\/www.europesays.com\/es\/wp-json\/wp\/v2\/categories?post=243416"},{"taxonomy":"post_tag","embeddable":true,"href":"https:\/\/www.europesays.com\/es\/wp-json\/wp\/v2\/tags?post=243416"}],"curies":[{"name":"wp","href":"https:\/\/api.w.org\/{rel}","templated":true}]}}