{"id":243417,"date":"2025-11-18T21:15:09","date_gmt":"2025-11-18T21:15:09","guid":{"rendered":"https:\/\/www.europesays.com\/es\/243417\/"},"modified":"2025-11-18T21:15:09","modified_gmt":"2025-11-18T21:15:09","slug":"una-cafrada-de-moutet-le-cuesta-la-eliminacion-a-francia-me-siento-un-payaso","status":"publish","type":"post","link":"https:\/\/www.europesays.com\/es\/243417\/","title":{"rendered":"Una cafrada de Moutet le cuesta la eliminaci\u00f3n a Francia: \u201cMe siento un payaso\u201d"},"content":{"rendered":"<p class=\"\">Para lo bueno y para lo malo, <b>Corentin Moutet siempre ser\u00e1 fiel a su esencia.<\/b> Eso significa que el franc\u00e9s, independientemente del escenario y de lo que haya en juego, competir\u00e1 como el tenista d\u00edscolo que es. En ocasiones saldr\u00e1 cara, y en muchas otras tocar\u00e1 cruz, como le sucedi\u00f3 este martes, aunque en esta ocasi\u00f3n, claro, arrastr\u00f3 con \u00e9l a toda una selecci\u00f3n. <b>B\u00e9lgica se carg\u00f3 a Francia por 2-0 <\/b>para convertirse en el primer semifinalista de la Final a 8 de la <a href=\"https:\/\/as.com\/tenis\/copa_davis\/\" target=\"_blank\" rel=\"noreferrer nofollow noopener\" title=\"https:\/\/as.com\/tenis\/copa_davis\/\">Copa Davis<\/a> en Bolonia, gracias en parte a las meteduras de pata de Moutet, que fue remontado por Raphael Collingon (2-6, 7-5 y 7-5 en 2h30), y poco despu\u00e9s remat\u00f3 la faena Zizou Bergs al imponerse a Arthur Rinderknech (6-3 y 7-6 (4) en 1h32).<\/p>\n<p class=\"\">Moutet, que dominaba a placer a Collignon tras llevarse el primer set con holgura, andaba 5-6 en el segundo parcial, cerca de la victoria y con la necesidad de forzar el tie-break cuando, con 15-15, <b>intent\u00f3 una excentricidad, un golpe en la red entre las piernas<\/b> con todo de cara que no pas\u00f3 la red. Perdi\u00f3 ese punto y dos de los tres siguientes, por lo que le entreg\u00f3 a Collignon el segundo set. Tambi\u00e9n colaps\u00f3 de alg\u00fan modo en el tercero, porque, de nuevo con 5-6, lleg\u00f3 a colocarse 40-15, pero se enred\u00f3 en los errores y, en la primera pelota de partido que tuvo el belga, cometi\u00f3 una doble falta. Puro Moutet.<\/p>\n<p class=\"\">\u201cMe esperaba esta pregunta, pero no la primera\u201d, dijo luego en rueda de prensa al ser cuestionado por ese punto. \u201c\u00bfQu\u00e9 quer\u00e9is que diga? \u00bfFue el mejor golpe? No estoy seguro, tampoco de si fue la mejor opci\u00f3n con esa bola. Lo he hecho muchas veces, y la gente dice que soy un genio cuando lo hago. <b>Ahora probablemente dir\u00e1n que soy un payaso. As\u00ed me siento ahora mismo.<\/b> Creo que por la tensi\u00f3n del partido, la emoci\u00f3n, as\u00ed lo he expresado. Ha sido ajustado, y creo que por eso lo hice. Era un punto importante, habr\u00eda sido mucho m\u00e1s inteligente acabarlo con una volea. Ya he dicho que no puedo jugar de nuevo este golpe. <b>Si tuviese que jugarlo de nuevo, lo har\u00eda diferente, eso seguro.<\/b> A la vez, es f\u00e1cil criticarlo cuando no sale bien, y decir que es un golpe genial cuando me sale. As\u00ed que trato de no ser duro conmigo mismo. A la vez, intento ser honesto, podr\u00eda haber escogido mejores opciones en ese golpe\u00bb, fue la explicaci\u00f3n que dio Corentin.<\/p>\n<p class=\"\">Con Francia contra las cuerdas, quien no estuvo a la altura fue <b>Arthur Rinderknech, 29\u00ba del ranking<\/b> y n\u00famero uno de los galos, que apenas tuvo opci\u00f3n contra un sensacional Zizou Bergs. B\u00e9lgica, en sus primeras semifinales desde 2017, se medir\u00e1 el viernes con el vencedor de la eliminatoria que <b>este mi\u00e9rcoles disputan Italia y Austria (16:00, M+)<\/b>. Los anfitriones, sin Jannik Sinner ni Lorenzo Musetti, tendr\u00e1n a Flavio Cobolli y Matteo Berrettini como l\u00edderes.<\/p>\n<p>Noticias relacionadas<\/p>\n<p class=\"\"><b>\u00a1Tus opiniones importan!<\/b> Comenta en los art\u00edculos y suscr\u00edbete gratis a nuestra <a href=\"https:\/\/asfan.as.com\/newsletters\/\" target=\"_blank\" rel=\"nofollow noopener\" title=\"https:\/\/asfan.as.com\/newsletters\/\">newsletter<\/a> y a las alertas informativas en la <a href=\"https:\/\/as.com\/aplicacion-de-as-n\/\" target=\"_blank\" rel=\"nofollow noopener\" title=\"https:\/\/as.com\/aplicacion-de-as-n\/\">App<\/a> o el canal de <a href=\"https:\/\/www.whatsapp.com\/channel\/0029VaAasdA7j6g745nz9M10\" target=\"_blank\" rel=\"nofollow noopener\" title=\"https:\/\/www.whatsapp.com\/channel\/0029VaAasdA7j6g745nz9M10\">WhatsApp<\/a>. <\/p>\n<p class=\"\">\u00bfBuscas licenciar contenido? Haz clic <a href=\"https:\/\/profesional.elpais.com\/soluciones-sindicacion?utm_medium=interno&amp;utm_source=crosslinking&amp;utm_campaign=sindicacion_as_pie_articulos\" target=\"_blank\" rel=\"nofollow noopener\" title=\"https:\/\/profesional.elpais.com\/soluciones-sindicacion?utm_medium=interno&amp;utm_source=crosslinking&amp;utm_campaign=sindicacion_as_pie_articulos\">aqu\u00ed<\/a><\/p>\n","protected":false},"excerpt":{"rendered":"Para lo bueno y para lo malo, Corentin Moutet siempre ser\u00e1 fiel a su esencia. Eso significa que&hellip;\n","protected":false},"author":2,"featured_media":243418,"comment_status":"","ping_status":"","sticky":false,"template":"","format":"standard","meta":{"footnotes":""},"categories":[274],"tags":[168,25,24,23,167,327,326],"class_list":{"0":"post-243417","1":"post","2":"type-post","3":"status-publish","4":"format-standard","5":"has-post-thumbnail","7":"category-tenis","8":"tag-deportes","9":"tag-es","10":"tag-espana","11":"tag-spain","12":"tag-sports","13":"tag-tenis","14":"tag-tennis"},"share_on_mastodon":{"url":"https:\/\/pubeurope.com\/@es\/115572776940157227","error":""},"_links":{"self":[{"href":"https:\/\/www.europesays.com\/es\/wp-json\/wp\/v2\/posts\/243417","targetHints":{"allow":["GET"]}}],"collection":[{"href":"https:\/\/www.europesays.com\/es\/wp-json\/wp\/v2\/posts"}],"about":[{"href":"https:\/\/www.europesays.com\/es\/wp-json\/wp\/v2\/types\/post"}],"author":[{"embeddable":true,"href":"https:\/\/www.europesays.com\/es\/wp-json\/wp\/v2\/users\/2"}],"replies":[{"embeddable":true,"href":"https:\/\/www.europesays.com\/es\/wp-json\/wp\/v2\/comments?post=243417"}],"version-history":[{"count":0,"href":"https:\/\/www.europesays.com\/es\/wp-json\/wp\/v2\/posts\/243417\/revisions"}],"wp:featuredmedia":[{"embeddable":true,"href":"https:\/\/www.europesays.com\/es\/wp-json\/wp\/v2\/media\/243418"}],"wp:attachment":[{"href":"https:\/\/www.europesays.com\/es\/wp-json\/wp\/v2\/media?parent=243417"}],"wp:term":[{"taxonomy":"category","embeddable":true,"href":"https:\/\/www.europesays.com\/es\/wp-json\/wp\/v2\/categories?post=243417"},{"taxonomy":"post_tag","embeddable":true,"href":"https:\/\/www.europesays.com\/es\/wp-json\/wp\/v2\/tags?post=243417"}],"curies":[{"name":"wp","href":"https:\/\/api.w.org\/{rel}","templated":true}]}}