{"id":243420,"date":"2025-11-18T21:18:13","date_gmt":"2025-11-18T21:18:13","guid":{"rendered":"https:\/\/www.europesays.com\/es\/243420\/"},"modified":"2025-11-18T21:18:13","modified_gmt":"2025-11-18T21:18:13","slug":"reencuentro-con-morbo-en-el-partido-de-euroliga-ante-estrella-roja","status":"publish","type":"post","link":"https:\/\/www.europesays.com\/es\/243420\/","title":{"rendered":"Reencuentro con morbo en el partido de Euroliga ante Estrella Roja"},"content":{"rendered":"<p class=\"ft-text\"><a class=\"ft-link ft-link--decoration\" href=\"https:\/\/www.superdeporte.es\/valencia-basket\/2025\/11\/13\/valencia-basket-deja-escapar-triunfo-paris-basketball-123700723.html\" rel=\"nofollow noopener\" target=\"_blank\">Tras la dolorosa derrota encajada el pasado jueves en Euroliga ante el Paris Basketball<\/a>, que no pudo dar continuidad a la <a class=\"ft-link ft-link--decoration themonetise\" href=\"https:\/\/www.euroleaguebasketball.net\/es\/euroleague\/standings\/\" rel=\"nofollow sponsored noopener\" target=\"_blank\"><strong>gran victoria frente al Real Madrid<\/strong><\/a><strong> dos d\u00edas antes, Valencia Basket ya preprara su pr\u00f3ximo partido de competici\u00f3n europea, el que le enfrentar\u00e1 al Estrella Roja en la jornada 12 de la competici\u00f3n.<\/strong><\/p>\n<p class=\"ft-text\">Ser\u00e1 en el Roig Arena, donde <a class=\"ft-link ft-link--decoration\" href=\"https:\/\/www.superdeporte.es\/valencia-basket\/2025\/11\/17\/valencia-basket-convierte-roig-arena-123831760.html\" rel=\"nofollow noopener\" target=\"_blank\">el conjunto taronja solo conoce una derrota esta temporada<\/a> y fue sin p\u00fablico ante el Hapoel, y <strong>con el morbo a\u00f1adido del reencuentro con dos exjugadores de Valencia Basket: Semi Ojeleye y Nikola Kalinic. El reencuentro podr\u00eda haber sido triple pero Jasiel Rivero, que tambi\u00e9n milita en las filas del conjunto serbio<\/strong>, no podr\u00e1 participal por lesi\u00f3n.<\/p>\n<p><img decoding=\"async\" src=\"https:\/\/www.europesays.com\/es\/wp-content\/uploads\/2025\/11\/81f1fd01-5379-45c0-98f0-e73d6611fa2d_alta-libre-aspect-ratio_default_0.jpg\" width=\"1200\" height=\"800\" alt=\"Semi Ojeleye y Justin Anderson, en el partido de la pasada temporada en Barcelona\" class=\"ft-helper-img-rd\" loading=\"lazy\"\/><\/p>\n<p class=\"ft-helper-fontColor-quaternary ft-helper-fontSize-body-S ft-helper-spacer-t-xxs\">Semi Ojeleye y Justin Anderson, en el partido de la pasada temporada en Barcelona  \/ acb Photo \/ Marc Graupera<\/p>\n<p>Primera vez contra Semi desde su salida<\/p>\n<p class=\"ft-text\"><a class=\"ft-link ft-link--decoration\" href=\"https:\/\/www.superdeporte.es\/valencia-basket\/2025\/06\/30\/ojeleye-marcha-estrella-roja-119205643.html\" rel=\"nofollow noopener\" target=\"_blank\">En el caso de Ojeleye<\/a>, ser\u00e1 la primera vez que Valencia Basket se enfrente al alero estadounidense desde que el pasado mes de junio el club y el jugador llegaran a un acuerdo para rescindir el contrato que les un\u00eda hasta junio de 2026. <strong>Semi, por el que el Valencia hab\u00eda pagado unos trescientos mil euros al Virtus Bolonia en 2023, tuvo un protagonismo decreciente en el equipo y, de hecho, la pasada campa\u00f1a, fue el descarte t\u00e9cnico de Pedro Mart\u00ednez en los dos \u00faltimos partidos de la final de la acb ante el Real Madrid.<\/strong><\/p>\n<p class=\"ft-text\">A\u00fan as\u00ed, su primera temporada en Valencia fue de un impacto considerable, gan\u00e1ndose el cari\u00f1o de toda la afici\u00f3n taronja. <strong>Lleg\u00f3 a promediar 12,8 puntos y 3,9 rebotes en 22:34 minutos de media en Liga Endesa adem\u00e1s de 13,3 puntos y 4,4 rebotes en 22 minutos de media en Euroliga.<\/strong><\/p>\n<p><img decoding=\"async\" src=\"https:\/\/www.europesays.com\/es\/wp-content\/uploads\/2025\/11\/e672c377-b5fe-477d-b652-bed859d75300_alta-libre-aspect-ratio_default_0_x1546y963.jpg\" width=\"1200\" height=\"696\" alt=\"Josep Puerto, el extaronja Kalinic y Chris Jones, en un precedente en La Fonteta\" class=\"ft-helper-img-rd\" loading=\"lazy\"\/><\/p>\n<p class=\"ft-helper-fontColor-quaternary ft-helper-fontSize-body-S ft-helper-spacer-t-xxs\">Josep Puerto, el extaronja Kalinic y Chris Jones, en un precedente en La Fonteta  \/ Francisco Calabuig<\/p>\n<p>Kalinic, un habitual<\/p>\n<p class=\"ft-text\">En cambio, el conjunto &#8216;taronja&#8217; ya se ha enfrentado desde que salieron del club tanto al cubano Rivero, <strong>que dej\u00f3 el club tras la campa\u00f1a 2022-23 y que fich\u00f3 por el Maccabi Tel Aviv, <\/strong><a class=\"ft-link ft-link--decoration\" href=\"https:\/\/www.superdeporte.es\/baloncesto\/2024\/02\/10\/increible-racha-kalinic-triple-98009759.html\" rel=\"nofollow noopener\" target=\"_blank\"><strong>como al serbio Kalinic<\/strong><\/a><strong>, que lo hizo al finalizar la 2021-22 con rumbo al Barcelona.<\/strong><\/p>\n<p class=\"ft-text\">En el \u00faltimo partido del Estrella Roja en la Euroliga, contra el M\u00f3naco, tanto Kalinic como Ojeleye fueron piezas clave de su equipo. <strong>Ambos jugaron m\u00e1s de 31 minutos y el alero serbio sum\u00f3 once puntos, siete rebotes y cuatro asistencias; mientras que el americano logr\u00f3 catorce puntos, cinco rebotes y dos asistencias.<\/strong><\/p>\n<p class=\"ft-text\"><a class=\"ft-link ft-link--decoration\" href=\"https:\/\/www.superdeporte.es\/valencia-basket\/2025\/11\/10\/euroliga-recluta-ex-nba-manimal-123575435.html\" rel=\"nofollow noopener\" target=\"_blank\">El equipo serbio es una de las &#8216;revelaciones&#8217; de la Euroliga<\/a> y <strong>ocupa actualmente la segunda posici\u00f3n con un balance de ocho victorias y tres derrotas<\/strong>, frente a las seis victorias del Valencia.<\/p>\n","protected":false},"excerpt":{"rendered":"Tras la dolorosa derrota encajada el pasado jueves en Euroliga ante el Paris Basketball, que no pudo dar&hellip;\n","protected":false},"author":2,"featured_media":243421,"comment_status":"","ping_status":"","sticky":false,"template":"","format":"standard","meta":{"footnotes":""},"categories":[269],"tags":[299,1918,298,26701,168,25,24,833,1421,3048,62437,23,167,235,2916,3842],"class_list":{"0":"post-243420","1":"post","2":"type-post","3":"status-publish","4":"format-standard","5":"has-post-thumbnail","7":"category-baloncesto","8":"tag-baloncesto","9":"tag-basket","10":"tag-basketball","11":"tag-conocidos","12":"tag-deportes","13":"tag-es","14":"tag-espana","15":"tag-euroliga","16":"tag-publico","17":"tag-real-madrid","18":"tag-reencontrara","19":"tag-spain","20":"tag-sports","21":"tag-valencia","22":"tag-valencia-basket","23":"tag-viejos"},"share_on_mastodon":{"url":"https:\/\/pubeurope.com\/@es\/115572789120559163","error":""},"_links":{"self":[{"href":"https:\/\/www.europesays.com\/es\/wp-json\/wp\/v2\/posts\/243420","targetHints":{"allow":["GET"]}}],"collection":[{"href":"https:\/\/www.europesays.com\/es\/wp-json\/wp\/v2\/posts"}],"about":[{"href":"https:\/\/www.europesays.com\/es\/wp-json\/wp\/v2\/types\/post"}],"author":[{"embeddable":true,"href":"https:\/\/www.europesays.com\/es\/wp-json\/wp\/v2\/users\/2"}],"replies":[{"embeddable":true,"href":"https:\/\/www.europesays.com\/es\/wp-json\/wp\/v2\/comments?post=243420"}],"version-history":[{"count":0,"href":"https:\/\/www.europesays.com\/es\/wp-json\/wp\/v2\/posts\/243420\/revisions"}],"wp:featuredmedia":[{"embeddable":true,"href":"https:\/\/www.europesays.com\/es\/wp-json\/wp\/v2\/media\/243421"}],"wp:attachment":[{"href":"https:\/\/www.europesays.com\/es\/wp-json\/wp\/v2\/media?parent=243420"}],"wp:term":[{"taxonomy":"category","embeddable":true,"href":"https:\/\/www.europesays.com\/es\/wp-json\/wp\/v2\/categories?post=243420"},{"taxonomy":"post_tag","embeddable":true,"href":"https:\/\/www.europesays.com\/es\/wp-json\/wp\/v2\/tags?post=243420"}],"curies":[{"name":"wp","href":"https:\/\/api.w.org\/{rel}","templated":true}]}}