{"id":243424,"date":"2025-11-18T21:20:13","date_gmt":"2025-11-18T21:20:13","guid":{"rendered":"https:\/\/www.europesays.com\/es\/243424\/"},"modified":"2025-11-18T21:20:13","modified_gmt":"2025-11-18T21:20:13","slug":"la-secuela-de-heat-tiene-como-favoritos-estos-dos-actores-ganadores-de-oscar-para-suceder-a-de-niro-y-al-pacino","status":"publish","type":"post","link":"https:\/\/www.europesays.com\/es\/243424\/","title":{"rendered":"La secuela de \u2018Heat\u2019 tiene como favoritos estos dos actores ganadores de \u00d3scar para suceder a De Niro y Al Pacino"},"content":{"rendered":"<p class=\"\">Entre <a href=\"https:\/\/as.com\/meristation\/cine\/este-thriller-de-culto-tiene-el-tiroteo-mas-impactante-del-cine-y-los-marines-lo-usan-como-entrenamiento-f202511-n\/\" target=\"_self\" rel=\"nofollow noopener\" title=\"https:\/\/as.com\/meristation\/cine\/este-thriller-de-culto-tiene-el-tiroteo-mas-impactante-del-cine-y-los-marines-lo-usan-como-entrenamiento-f202511-n\/\">los cl\u00e1sicos de culto del cine de acci\u00f3n<\/a>, \u2018Heat\u2019 se encuentra ocupando los puestos m\u00e1s altos. La obra de <b>Michael Mann<\/b> <a href=\"https:\/\/as.com\/meristation\/cine\/heat-2-sigue-vigente-michael-mann-confirma-la-duracion-de-la-pelicula-y-donde-se-rodara-el-film-n\/\" target=\"_self\" rel=\"nofollow noopener\" title=\"https:\/\/as.com\/meristation\/cine\/heat-2-sigue-vigente-michael-mann-confirma-la-duracion-de-la-pelicula-y-donde-se-rodara-el-film-n\/\">ya se prepara para una secuela<\/a> que comenzar\u00e1 a producirse en 2026. Medios como Variety filtran los dos nombres de peso que actualmente son favoritos para encarnar a los protagonistas.<\/p>\n<p><b>Dos ganadores al \u00d3scar son los actores favoritos para ser protagonistas en \u2018Heat 2\u2032<\/b><\/p>\n<p class=\"\">Fuentes <a href=\"https:\/\/variety.com\/2025\/film\/news\/heat-2-christian-bale-michael-mann-sequel-1236583854\/\" target=\"_self\" rel=\"nofollow noopener\" title=\"https:\/\/variety.com\/2025\/film\/news\/heat-2-christian-bale-michael-mann-sequel-1236583854\/\">de Variety<\/a> desde dentro del equipo de Amazon MGM se\u00f1alan a los dos favoritos para sumarse al cartel protagonista de \u2018Heat 2\u2032. Los elegidos en estos momentos <b>son Christian Bale y Leonardo DiCaprio<\/b>. Los dos actores tendr\u00edan la responsabilidad de suceder a Robert de Niro y Al Pacino al frente de la licencia. Sobre DiCaprio no nos toma por sorpresa, ya que <a href=\"https:\/\/as.com\/meristation\/cine\/leonardo-dicaprio-apunta-a-protagonizar-heat-2-y-demuestra-ser-el-sucesor-de-robert-de-niro-y-al-pacino-n\/\" target=\"_self\" rel=\"nofollow noopener\" title=\"https:\/\/as.com\/meristation\/cine\/leonardo-dicaprio-apunta-a-protagonizar-heat-2-y-demuestra-ser-el-sucesor-de-robert-de-niro-y-al-pacino-n\/\">no es la primera vez que su nombre sale bien colocado<\/a> en la lista para trabajar en la cinta.<\/p>\n<p><img decoding=\"async\" src=\"https:\/\/www.europesays.com\/es\/wp-content\/uploads\/2025\/11\/HGGOCG5LINF4ZFKXBPUXSI4HJ4.jpg\" alt=\"La secuela de \u2018Heat\u2019 tiene como favoritos estos dos actores ganadores de \u00d3scar para suceder a De Niro y Al Pacino\" height=\"4814\" width=\"7221\"   loading=\"lazy\"\/>LONDON, ENGLAND &#8211; SEPTEMBER 21: Christian Bale attends the \u00abAmsterdam\u00bb European Premiere at Odeon Luxe Leicester Square on September 21, 2022 in London, England. (Photo by Samir Hussein\/WireImage)Samir Hussein<\/p>\n<p class=\"\">Por el momento no ha trascendido el guion exacto que buscar\u00e1 trasladar con la pel\u00edcula. Lo que s\u00ed sabemos es que el plan de Mann pasa por adaptar la novela que public\u00f3 en 2022 junto a Meg Gardiner. <b>El libro es de facto una secuela que tambi\u00e9n act\u00faa como precuela de los acontecimientos de \u2018Heat\u2019 (1995)<\/b>. \u00bfC\u00f3mo lo hace? Pues muy sencillo: tirando por dos l\u00edneas temporales que conviven de manera alterna.<\/p>\n<p><img decoding=\"async\" src=\"https:\/\/www.europesays.com\/es\/wp-content\/uploads\/2025\/11\/V5QQNQNDXVH33FPH73CGN45AME.jpg\" alt=\"La secuela de \u2018Heat\u2019 tiene como favoritos estos dos actores ganadores de \u00d3scar para suceder a De Niro y Al Pacino\" height=\"709\" width=\"1260\"   loading=\"lazy\"\/><\/p>\n<p class=\"\">La primera pone el foco en los a\u00f1os 1988 y 1989, en concreto en la vida criminal de Neil McCauley, el personaje que interpret\u00f3 De Niro. Durante este tramo lidera una banda de criminales altamente profesional y se ve envuelto con un brutal cartel de M\u00e9xico. Mientras tanto, <b>Vincent Hanna (Al Pacino) investiga una serie de cr\u00edmenes violentos en Chicago<\/b>, que le encamina sin saberlo hacia McCauley.<\/p>\n<p class=\"\">El segundo arco narrativo se traslada hasta el a\u00f1o 2000. <b>Chris Shiherlis (Val Kilmer) huye de Los \u00c1ngeles herido tras el famoso tiroteo en el distrito financiero<\/b> (<a href=\"https:\/\/as.com\/meristation\/cine\/nolan-confiesa-que-heat-inspiro-una-de-las-escenas-mas-intensas-de-el-caballero-oscuro-la-gran-pelicula-sobre-batman-f202510-n\/\" target=\"_self\" rel=\"nofollow noopener\" title=\"https:\/\/as.com\/meristation\/cine\/nolan-confiesa-que-heat-inspiro-una-de-las-escenas-mas-intensas-de-el-caballero-oscuro-la-gran-pelicula-sobre-batman-f202510-n\/\">de la que Nolan se fij\u00f3 para una de sus pel\u00edculas<\/a>). Poco a poco va reconstruyendo su vida mientras lidia con nuevos enemigos en el mundo criminal. Hanna no le olvida, y sigue su pista enfrent\u00e1ndose a criminales de todo tipo hasta dar con \u00e9l.<\/p>\n<p>Noticias relacionadas<\/p>\n<p class=\"\">Suscr\u00edbete al <a href=\"https:\/\/www.youtube.com\/@meristation\" target=\"_self\" rel=\"nofollow noopener\" title=\"https:\/\/www.youtube.com\/@meristation\">canal de MeriStation en YouTube<\/a>, tu web de videojuegos y entretenimiento para conocer todas las noticias y novedades sobre el mundo del videojuego, cine, series, manga y anime. An\u00e1lisis, entrevistas, tr\u00e1ileres, gameplays, p\u00f3dcast y mucho m\u00e1s. Tambi\u00e9n te animamos a seguir <a href=\"https:\/\/www.tiktok.com\/@meristation\" rel=\"nofollow noopener\" title=\"https:\/\/www.tiktok.com\/@meristation\" target=\"_blank\">nuestra cuenta de TikTok<\/a>. <\/p>\n<p class=\"\">\u00a1S\u00edguenos en ambas y, si est\u00e1s interesado en licenciar este contenido, pincha <a href=\"https:\/\/profesional.elpais.com\/soluciones-sindicacion?utm_medium=interno&amp;utm_source=crosslinking&amp;utm_campaign=sindicacion_as_pie_articulos\" target=\"_blank\" rel=\"nofollow noopener\" title=\"https:\/\/profesional.elpais.com\/soluciones-sindicacion?utm_medium=interno&amp;utm_source=crosslinking&amp;utm_campaign=sindicacion_as_pie_articulos\">aqu\u00ed<\/a>!<\/p>\n<p><script async src=\"\/\/www.tiktok.com\/embed.js\"><\/script><\/p>\n","protected":false},"excerpt":{"rendered":"Entre los cl\u00e1sicos de culto del cine de acci\u00f3n, \u2018Heat\u2019 se encuentra ocupando los puestos m\u00e1s altos. La&hellip;\n","protected":false},"author":2,"featured_media":243425,"comment_status":"","ping_status":"","sticky":false,"template":"","format":"standard","meta":{"footnotes":""},"categories":[174],"tags":[255,146,147,25,24,256,23],"class_list":{"0":"post-243424","1":"post","2":"type-post","3":"status-publish","4":"format-standard","5":"has-post-thumbnail","7":"category-famosos","8":"tag-celebrities","9":"tag-entertainment","10":"tag-entretenimiento","11":"tag-es","12":"tag-espana","13":"tag-famosos","14":"tag-spain"},"share_on_mastodon":{"url":"https:\/\/pubeurope.com\/@es\/115572796891226447","error":""},"_links":{"self":[{"href":"https:\/\/www.europesays.com\/es\/wp-json\/wp\/v2\/posts\/243424","targetHints":{"allow":["GET"]}}],"collection":[{"href":"https:\/\/www.europesays.com\/es\/wp-json\/wp\/v2\/posts"}],"about":[{"href":"https:\/\/www.europesays.com\/es\/wp-json\/wp\/v2\/types\/post"}],"author":[{"embeddable":true,"href":"https:\/\/www.europesays.com\/es\/wp-json\/wp\/v2\/users\/2"}],"replies":[{"embeddable":true,"href":"https:\/\/www.europesays.com\/es\/wp-json\/wp\/v2\/comments?post=243424"}],"version-history":[{"count":0,"href":"https:\/\/www.europesays.com\/es\/wp-json\/wp\/v2\/posts\/243424\/revisions"}],"wp:featuredmedia":[{"embeddable":true,"href":"https:\/\/www.europesays.com\/es\/wp-json\/wp\/v2\/media\/243425"}],"wp:attachment":[{"href":"https:\/\/www.europesays.com\/es\/wp-json\/wp\/v2\/media?parent=243424"}],"wp:term":[{"taxonomy":"category","embeddable":true,"href":"https:\/\/www.europesays.com\/es\/wp-json\/wp\/v2\/categories?post=243424"},{"taxonomy":"post_tag","embeddable":true,"href":"https:\/\/www.europesays.com\/es\/wp-json\/wp\/v2\/tags?post=243424"}],"curies":[{"name":"wp","href":"https:\/\/api.w.org\/{rel}","templated":true}]}}