{"id":243426,"date":"2025-11-18T21:21:13","date_gmt":"2025-11-18T21:21:13","guid":{"rendered":"https:\/\/www.europesays.com\/es\/243426\/"},"modified":"2025-11-18T21:21:13","modified_gmt":"2025-11-18T21:21:13","slug":"las-cabezas-de-albacete-robadas-en-el-louvre","status":"publish","type":"post","link":"https:\/\/www.europesays.com\/es\/243426\/","title":{"rendered":"Las cabezas de Albacete robadas en el Louvre"},"content":{"rendered":"<p>El Museo Arqueol\u00f3gico Nacional (MAN), museo de titularidad estatal dependiente del Ministerio de Cultura, ha presentado este martes las dos cabezas del Cerro de los Santos (Albacete) robadas en el Museo del Louvre en 1907, pertenecientes a la colecci\u00f3n de Pablo Picasso, que devolvi\u00f3 las piezas al peri\u00f3dico Par\u00eds Journal.<\/p>\n<p>Estas dos piezas forman parte de la exposici\u00f3n temporal \u2018Di\u00e1logos de escultura ib\u00e9rica\u00bb, que recoge diez \u00abobras maestras\u00bb procedentes del Museo del Louvre, y que se podr\u00e1 visitar en el MAN hasta el pr\u00f3ximo 10 de mayo de 2026<\/p>\n<p>\u00abEs una muestra \u00fanica y memorable, de las que se recordar\u00e1n\u00bb, ha asegurado la directora del Museo Arqueol\u00f3gico Nacional, Isabel Izquierdo, a los medios de comunicaci\u00f3n. La muestra, est\u00e1 comisariada por la conservadora jefe del departamento de Protohistoria y Colonizaciones del MAN, Alicia Rodero, y la conservadora del D\u00e9partement des Antiquit\u00e9s orientales del Museo del Louvre, H\u00e9l\u00e8ne Le Meaux.<\/p>\n<p>Tal y como ha explicado H\u00e9l\u00e8ne Le Meaux, las dos cabezas fueron robadas de la sala ib\u00e9rica del Louvre en 1907 por G\u00e9ry Pi\u00e9ret, secretario de Guillaume Apollinaire, que las ofreci\u00f3 a Picasso, a quien sirvi\u00f3 de inspiraci\u00f3n.<\/p>\n<p>\u00abPicasso no sab\u00eda que fueron robadas, pero estaba muy interesado en las piezas por lo bien representadas que estaban las orejas. El espa\u00f1ol en cuanto supo que eran robadas las devolvi\u00f3 a un peri\u00f3dico franc\u00e9s que las dio al Louvre\u00bb, ha se\u00f1alado la comisaria.<\/p>\n<p>Las diez obras procedentes de Francia se presentan de forma integrada en las salas de la exposici\u00f3n permanente del MAN. Esta ampliaci\u00f3n temporal de la colecci\u00f3n de escultura ib\u00e9rica ofrece una oportunidad \u00ab\u00fanica\u00bb para la comprensi\u00f3n de su contexto hist\u00f3rico.<\/p>\n<p><img loading=\"lazy\" decoding=\"async\" width=\"1200\" height=\"800\" src=\"https:\/\/www.europesays.com\/es\/wp-content\/uploads\/2025\/11\/EuropaPress_7108640_fundacion_ibercaja_man_museo_louvre_presentan_nueva_exposicion_dialogo.jpg\" alt=\"\" class=\"wp-image-1095931\"  \/><\/p>\n<p>La exposici\u00f3n re\u00fane por primera vez el conjunto de obras expuestas en Par\u00eds hasta 1936, lo que permite, seg\u00fan las comisarias Alicia Rodero y H\u00e9l\u00e8ne Le Meaux, reflexionar sobre el proceso de monumentalizaci\u00f3n de la escultura en piedra en el mundo ib\u00e9rico. Los arque\u00f3logos franceses Arthus Engel y Pierre Paris adquirieron para el Louvre esculturas emblem\u00e1ticas procedentes del Llano de la Consolaci\u00f3n (Montelalegre del Castillo, Albacete), el Cerro de los Santos (Montelalegre del Castillo, Albacete) u Osuna (Sevilla), entre otros.<\/p>\n<p>En 1941, como han explicado las comisarias e Isabel Izquierdo, gracias a un intercambio de obras de arte entre Francia y Espa\u00f1a, algunas de estas esculturas regresaron al MAN y ahora estar\u00e1n acompa\u00f1adas por las esculturas francesas invitadas.<\/p>\n<p>Tambi\u00e9n destacan los monumentos de Osuna (Sevilla) que, como ha explicado Isabel Izquierdo, son el \u00abtotum revolutum\u00bb y una referencia imprescindible para ilustrar la transici\u00f3n entre las t\u00e9cnicas y los gustos de la tradici\u00f3n escult\u00f3rica ib\u00e9rica y las adaptaciones y cambios introducidos por la presencia romana en la pen\u00ednsula ib\u00e9rica.<\/p>\n<p>Asimismo, la muestra contiene animales fant\u00e1sticos como las esfinges, con cuerpo de le\u00f3n, alas de ave y cabeza de mujer. \u00abEsas esfinges asum\u00edan una funci\u00f3n protectora sobre los difuntos en los viajes al m\u00e1s all\u00e1\u00bb, ha se\u00f1alado Izquierdo. En este sentido, destacan la Esfinge de El Salobral (Albacete), cedida por el Louvre, o las Esfinges de Agost (Alicante), descubiertas en 1893 en un terreno conocido como \u2018Campo de escultor\u2019, como ejemplos de im\u00e1genes protectoras, propias de la cultura ib\u00e9rica y asociadas a enterramientos.<\/p>\n<p>La exposici\u00f3n est\u00e1 organizada por el Ministerio de Cultura, el Museo Arqueol\u00f3gico Nacional, el Museo del Louvre y la Fundaci\u00f3n Ibercaja.<\/p>\n","protected":false},"excerpt":{"rendered":"El Museo Arqueol\u00f3gico Nacional (MAN), museo de titularidad estatal dependiente del Ministerio de Cultura, ha presentado este martes&hellip;\n","protected":false},"author":2,"featured_media":243427,"comment_status":"","ping_status":"","sticky":false,"template":"","format":"standard","meta":{"footnotes":""},"categories":[173],"tags":[2545,229,233,231,230,232,234,146,147,25,24,23],"class_list":{"0":"post-243426","1":"post","2":"type-post","3":"status-publish","4":"format-standard","5":"has-post-thumbnail","7":"category-arte-y-diseno","8":"tag-albacete","9":"tag-arte","10":"tag-arte-y-diseno","11":"tag-arts","12":"tag-arts-and-design","13":"tag-design","14":"tag-diseno","15":"tag-entertainment","16":"tag-entretenimiento","17":"tag-es","18":"tag-espana","19":"tag-spain"},"share_on_mastodon":{"url":"https:\/\/pubeurope.com\/@es\/115572800539291613","error":""},"_links":{"self":[{"href":"https:\/\/www.europesays.com\/es\/wp-json\/wp\/v2\/posts\/243426","targetHints":{"allow":["GET"]}}],"collection":[{"href":"https:\/\/www.europesays.com\/es\/wp-json\/wp\/v2\/posts"}],"about":[{"href":"https:\/\/www.europesays.com\/es\/wp-json\/wp\/v2\/types\/post"}],"author":[{"embeddable":true,"href":"https:\/\/www.europesays.com\/es\/wp-json\/wp\/v2\/users\/2"}],"replies":[{"embeddable":true,"href":"https:\/\/www.europesays.com\/es\/wp-json\/wp\/v2\/comments?post=243426"}],"version-history":[{"count":0,"href":"https:\/\/www.europesays.com\/es\/wp-json\/wp\/v2\/posts\/243426\/revisions"}],"wp:featuredmedia":[{"embeddable":true,"href":"https:\/\/www.europesays.com\/es\/wp-json\/wp\/v2\/media\/243427"}],"wp:attachment":[{"href":"https:\/\/www.europesays.com\/es\/wp-json\/wp\/v2\/media?parent=243426"}],"wp:term":[{"taxonomy":"category","embeddable":true,"href":"https:\/\/www.europesays.com\/es\/wp-json\/wp\/v2\/categories?post=243426"},{"taxonomy":"post_tag","embeddable":true,"href":"https:\/\/www.europesays.com\/es\/wp-json\/wp\/v2\/tags?post=243426"}],"curies":[{"name":"wp","href":"https:\/\/api.w.org\/{rel}","templated":true}]}}