{"id":243436,"date":"2025-11-18T21:27:18","date_gmt":"2025-11-18T21:27:18","guid":{"rendered":"https:\/\/www.europesays.com\/es\/243436\/"},"modified":"2025-11-18T21:27:18","modified_gmt":"2025-11-18T21:27:18","slug":"hay-que-preocuparse-si-la-fiebre-alta-dura-mas-de-3-dias","status":"publish","type":"post","link":"https:\/\/www.europesays.com\/es\/243436\/","title":{"rendered":"Hay que preocuparse si la fiebre alta dura m\u00e1s de 3 d\u00edas"},"content":{"rendered":"<p class=\"paragraph\" id=\"paragraph_1\">La gripe ha llegado antes de tiempo a A Coru\u00f1a: la Conseller\u00eda de Sanidade ha confirmado el<strong> inicio precoz de la onda epid\u00e9mica de gripe<\/strong>, con m\u00e1s de 60 pacientes ingresados en el CHUAC por este virus.<\/p>\n<p class=\"paragraph\" id=\"paragraph_2\">Ayer lunes hab\u00eda 58 pacientes ingresados por gripe en la Unidad de Neumolog\u00eda, cifra que este martes ha aumentado hasta los 63. Este dato supone alcanzar <strong>un mes y medio antes de lo previsto el pico de la gripe<\/strong>, que en la campa\u00f1a pasada se alcanz\u00f3 a principios de enero.<\/p>\n<p>La gripe llega antes de tiempo a A Coru\u00f1a<\/p>\n<p class=\"paragraph\" id=\"paragraph_3\">\u00bfA qu\u00e9 se debe que la gripe haya comenzado antes de lo habitual este a\u00f1o en A Coru\u00f1a?<strong> \u00bfEste adelanto implica una mayor intensidad o duraci\u00f3n de los casos en invierno?<\/strong> Para salir de dudas, hablamos con Pedro Marcos Rodr\u00edguez, jefe del Servicio de Neumolog\u00eda del \u00c1rea Sanitaria de A Coru\u00f1a y Cee.<\/p>\n<blockquote class=\"content__blockquote\">\n<p>\u00abLa gripe se ha adelantado unas 5 o 6 semanas\u00bb<\/p>\n<p class=\"blockquote__author\"><strong>Pedro Marcos Rodr\u00edguez<\/strong>, jefe del Servicio de Neumolog\u00eda del \u00c1rea Sanitaria de A Coru\u00f1a y Cee<\/p>\n<\/blockquote>\n<p class=\"paragraph\" id=\"paragraph_4\">\u00abA veces los movimientos de los virus no son tan previsibles y por eso, <strong>vemos como se ha adelantado unas 5 o 6 semanas<\/strong>. Hab\u00eda datos de que por Asia, sobre todo en Jap\u00f3n, se anticipaba la gripe\u00bb, explica el sanitario.<\/p>\n<p class=\"paragraph\" id=\"paragraph_5\"><strong>\u00abNo hay dos temporadas de gripe iguales\u00bb<\/strong>, sostiene Pedro Marcos. En una conversaci\u00f3n telef\u00f3nica con este medio, indica que \u00aba veces se adelanta un poquito y otras veces se retrasa un poco, a veces hace un pico muy alto y baja r\u00e1pido y otras veces se mantiene en meseta\u00bb.<\/p>\n<p class=\"paragraph\" id=\"paragraph_6\">De esta forma, <strong>no se puede confirmar que este adelanto pueda implicar una mayor intensidad o duraci\u00f3n de los casos en invierno<\/strong>. \u00abEs dif\u00edcil. Yogi Berra dec\u00eda que \u00abEs dif\u00edcil hacer predicciones, especialmente sobre el futuro\u00bb; bueno, pues aqu\u00ed es lo mismo\u00bb. <\/p>\n<p class=\"paragraph\" id=\"paragraph_7\">\u00abImaginamos que pueda ser una gripe larga, que nos exija muchas semanas de curso de trabajo, incluso pacientes ingresados, pero que no haya un pico dram\u00e1tico, que son los que, a veces, dan m\u00e1s problemas asistenciales\u00bb. <\/p>\n<p>S\u00edntomas y cu\u00e1ndo acudir a urgencias<\/p>\n<p><img decoding=\"async\" alt=\"La gripe llega antes de tiempo a A Coru\u00f1a\" data-imgm=\"true\" height=\"180\" loading=\"lazy\"  src=\"https:\/\/s3.elespanol.com\/2025\/02\/06\/aragon\/actualidad\/922168647_252911454_1024x576.png\"  width=\"320\"\/><\/p>\n<p>                                                            La gripe llega antes de tiempo a A Coru\u00f1a<\/p>\n<p>                    Hospital Clinic de Barcelona<\/p>\n<p class=\"paragraph\" id=\"paragraph_9\">Los s\u00edntomas de la gripe son los cl\u00e1sicos e incluyen fiebre y escalofr\u00edos, dolor de garganta, congesti\u00f3n nasal, dolores musculares y dolor de cabeza.<strong> \u00abEs como si te hubiera pasado un cami\u00f3n por encima\u00bb<\/strong>, pone como ejemplo el neum\u00f3logo del CHUAC.<\/p>\n<p class=\"paragraph\" id=\"paragraph_10\">A diferencia de un catarro com\u00fan, \u00abla gripe lleva una afectaci\u00f3n del estado general muy importante, con una fiebre muy alta\u00bb. \u00abSe maneja con reposo y una buena hidrataci\u00f3n, pero<strong> tenemos que preocuparnos si la fiebre alta persiste durante m\u00e1s de 3 d\u00edas o se asocia a otros s\u00edntomas, como puede ser la falta de aire<\/strong>\u00ab, advierte Pedro Marcos. <\/p>\n<p class=\"paragraph\" id=\"paragraph_11\">En estos casos,<strong> \u00abhay que consultarlo pronto en el m\u00e9dico\u00bb<\/strong>. \u00abMuchos de nuestros pacientes ya tienen pulsiox\u00edmetros y se miden la saturaci\u00f3n; cuando \u00e9sta baja de una manera sostenida, hay que acudir al centro de salud\u00bb, recomienda, antes de a\u00f1adir: <strong>\u00abSi el paciente est\u00e1 un poco m\u00e1s apurado, al PAC y si todav\u00eda est\u00e1 m\u00e1s grave, a urgencias\u00bb<\/strong>.<\/p>\n<p class=\"paragraph\" id=\"paragraph_12\">Ante el incremento de la demanda asistencial, Pedro Marcos manda un mensaje de tranquilidad a la poblaci\u00f3n coru\u00f1esa: \u00abContamos con un plan de invierno, donde ya prevemos por d\u00f3nde pueden ir las complicaciones y, en ese sentido, se trata de estar muy pendientes\u00bb. <\/p>\n<p class=\"paragraph\" id=\"paragraph_13\">Para evitar complicaciones, <strong>el sanitario del CHUAC pide a los pacientes con gripe que haya \u00abuna buena hidrataci\u00f3n\u00bb<\/strong>. \u00abNo es infrecuente que gente mayor durante los d\u00edas de gripe no haya bebido suficiente l\u00edquido, lo cual es un problema a\u00f1adido\u00bb, asevera.<\/p>\n<p class=\"paragraph\" id=\"paragraph_14\">\u00abHay que adelantarse a los s\u00edntomas para evitar que los problemas se escalen. Para ello, hay que hacer una autovigilancia m\u00e1s intensiva\u00bb, concluye el jefe del Servicio de Neumolog\u00eda del \u00c1rea Sanitaria de A Coru\u00f1a y Cee.<\/p>\n","protected":false},"excerpt":{"rendered":"La gripe ha llegado antes de tiempo a A Coru\u00f1a: la Conseller\u00eda de Sanidade ha confirmado el inicio&hellip;\n","protected":false},"author":2,"featured_media":243437,"comment_status":"","ping_status":"","sticky":false,"template":"","format":"standard","meta":{"footnotes":""},"categories":[92],"tags":[5843,39615,62439,6689,25,24,7749,165,6016,33127,62438,166,1811,23],"class_list":{"0":"post-243436","1":"post","2":"type-post","3":"status-publish","4":"format-standard","5":"has-post-thumbnail","7":"category-salud","8":"tag-a-coruna","9":"tag-a-coruna-ciudad","10":"tag-chuac-complexo-hospitalario-universitario-a-coruna","11":"tag-comarca-de-a-coruna","12":"tag-es","13":"tag-espana","14":"tag-gripe","15":"tag-health","16":"tag-medicos","17":"tag-neumologia","18":"tag-personal-sanitario","19":"tag-salud","20":"tag-sanidad","21":"tag-spain"},"share_on_mastodon":{"url":"https:\/\/pubeurope.com\/@es\/115572824321960934","error":""},"_links":{"self":[{"href":"https:\/\/www.europesays.com\/es\/wp-json\/wp\/v2\/posts\/243436","targetHints":{"allow":["GET"]}}],"collection":[{"href":"https:\/\/www.europesays.com\/es\/wp-json\/wp\/v2\/posts"}],"about":[{"href":"https:\/\/www.europesays.com\/es\/wp-json\/wp\/v2\/types\/post"}],"author":[{"embeddable":true,"href":"https:\/\/www.europesays.com\/es\/wp-json\/wp\/v2\/users\/2"}],"replies":[{"embeddable":true,"href":"https:\/\/www.europesays.com\/es\/wp-json\/wp\/v2\/comments?post=243436"}],"version-history":[{"count":0,"href":"https:\/\/www.europesays.com\/es\/wp-json\/wp\/v2\/posts\/243436\/revisions"}],"wp:featuredmedia":[{"embeddable":true,"href":"https:\/\/www.europesays.com\/es\/wp-json\/wp\/v2\/media\/243437"}],"wp:attachment":[{"href":"https:\/\/www.europesays.com\/es\/wp-json\/wp\/v2\/media?parent=243436"}],"wp:term":[{"taxonomy":"category","embeddable":true,"href":"https:\/\/www.europesays.com\/es\/wp-json\/wp\/v2\/categories?post=243436"},{"taxonomy":"post_tag","embeddable":true,"href":"https:\/\/www.europesays.com\/es\/wp-json\/wp\/v2\/tags?post=243436"}],"curies":[{"name":"wp","href":"https:\/\/api.w.org\/{rel}","templated":true}]}}