{"id":243438,"date":"2025-11-18T21:28:11","date_gmt":"2025-11-18T21:28:11","guid":{"rendered":"https:\/\/www.europesays.com\/es\/243438\/"},"modified":"2025-11-18T21:28:11","modified_gmt":"2025-11-18T21:28:11","slug":"la-muerte-de-otra-residente-vuelve-a-poner-bajo-la-lupa-al-centro-donde-murio-encarnita-polo","status":"publish","type":"post","link":"https:\/\/www.europesays.com\/es\/243438\/","title":{"rendered":"La muerte de otra residente vuelve a poner bajo la lupa al centro donde muri\u00f3 Encarnita Polo"},"content":{"rendered":"<p class=\"c-paragraph\">En la residencia Decanos de \u00c1vila se ha registrado un segundo fallecimiento en el transcurso de pocos d\u00edas, lo que ha encendido todas las alarmas sobre <b>la calidad de los cuidados en el recinto<\/b>.\u00a0<\/p>\n<p class=\"c-paragraph\">La v\u00edctima, identificada \u00fanicamente como Paquita, habr\u00eda sido atendida por el mismo establecimiento donde apenas <b>48 horas antes hab\u00eda muerto la famosa cantante y actriz Encarnita Polo<\/b>, un deceso que que guarda relaci\u00f3n con una supuesta estrangulaci\u00f3n a manos de otro interno.<\/p>\n<p class=\"c-paragraph\">La hija de Paquita ha concedido declaraciones exclusivas a Directo al Grano, en las que ha denunciado que durante la \u00faltima estancia de su madre, esta fue sometida a actuaciones que ella<b> considera impropias e inaceptables.\u00a0<\/b><\/p>\n<p class=\"c-paragraph\">Seg\u00fan el relato de la entrevistada, el centro <b>carec\u00eda de recursos adecuados<\/b> para garantizar una atenci\u00f3n digna a sus habitantes: \u00abNo ten\u00edan un gotero para colgar el suero y lo pusieron en un gancho de la pared\u00bb.\u00a0<\/p>\n<p class=\"c-paragraph\">Asimismo ha explicado que el personal sanitario intent\u00f3 sin \u00e9xito localizar venas en los brazos de su madre y, ante esa dificultad, <b>opt\u00f3 por administrarle el suero en la zona abdominal<\/b>.<\/p>\n","protected":false},"excerpt":{"rendered":"En la residencia Decanos de \u00c1vila se ha registrado un segundo fallecimiento en el transcurso de pocos d\u00edas,&hellip;\n","protected":false},"author":2,"featured_media":243439,"comment_status":"","ping_status":"","sticky":false,"template":"","format":"standard","meta":{"footnotes":""},"categories":[91],"tags":[61345,146,147,25,24,6038,6385,5425,10827,23],"class_list":{"0":"post-243438","1":"post","2":"type-post","3":"status-publish","4":"format-standard","5":"has-post-thumbnail","7":"category-entretenimiento","8":"tag-encarnita","9":"tag-entertainment","10":"tag-entretenimiento","11":"tag-es","12":"tag-espana","13":"tag-fallecida","14":"tag-otra","15":"tag-polo","16":"tag-residencia","17":"tag-spain"},"share_on_mastodon":{"url":"https:\/\/pubeurope.com\/@es\/115572828112269061","error":""},"_links":{"self":[{"href":"https:\/\/www.europesays.com\/es\/wp-json\/wp\/v2\/posts\/243438","targetHints":{"allow":["GET"]}}],"collection":[{"href":"https:\/\/www.europesays.com\/es\/wp-json\/wp\/v2\/posts"}],"about":[{"href":"https:\/\/www.europesays.com\/es\/wp-json\/wp\/v2\/types\/post"}],"author":[{"embeddable":true,"href":"https:\/\/www.europesays.com\/es\/wp-json\/wp\/v2\/users\/2"}],"replies":[{"embeddable":true,"href":"https:\/\/www.europesays.com\/es\/wp-json\/wp\/v2\/comments?post=243438"}],"version-history":[{"count":0,"href":"https:\/\/www.europesays.com\/es\/wp-json\/wp\/v2\/posts\/243438\/revisions"}],"wp:featuredmedia":[{"embeddable":true,"href":"https:\/\/www.europesays.com\/es\/wp-json\/wp\/v2\/media\/243439"}],"wp:attachment":[{"href":"https:\/\/www.europesays.com\/es\/wp-json\/wp\/v2\/media?parent=243438"}],"wp:term":[{"taxonomy":"category","embeddable":true,"href":"https:\/\/www.europesays.com\/es\/wp-json\/wp\/v2\/categories?post=243438"},{"taxonomy":"post_tag","embeddable":true,"href":"https:\/\/www.europesays.com\/es\/wp-json\/wp\/v2\/tags?post=243438"}],"curies":[{"name":"wp","href":"https:\/\/api.w.org\/{rel}","templated":true}]}}