{"id":243459,"date":"2025-11-18T21:44:11","date_gmt":"2025-11-18T21:44:11","guid":{"rendered":"https:\/\/www.europesays.com\/es\/243459\/"},"modified":"2025-11-18T21:44:11","modified_gmt":"2025-11-18T21:44:11","slug":"una-disenadora-transforma-una-casa-tradicional-en-blanes-y-la-reinterpreta-desde-la-alegria-con-madera-de-roble-volta-catalana-y-toques-de-color","status":"publish","type":"post","link":"https:\/\/www.europesays.com\/es\/243459\/","title":{"rendered":"Una dise\u00f1adora transforma una casa tradicional en Blanes y la reinterpreta (desde la alegr\u00eda) con madera de roble, \u2018volta\u2019 catalana y toques de color"},"content":{"rendered":"<p><img decoding=\"async\" alt=\"Un poster de David Shrigley preside la zona de juegos y la llena de color.\" loading=\"lazy\" class=\"ResponsiveImageContainer-eNxvmU cfBbTk responsive-image__image\"   src=\"https:\/\/www.europesays.com\/es\/wp-content\/uploads\/2025\/11\/Cubro-Mar-013W.jpg\"\/><\/p>\n<p>Un poster de David Shrigley preside la zona de juegos y la llena de color.@sergio_pradana<\/p>\n<p>\u201cPara poder modificar la distribuci\u00f3n y conservar las b\u00f3vedas originales, f<strong>ue necesario apuntalar toda la casa<\/strong> e incorporar nuevas vigas estructurales, tanto en la parte superior como en la inferior. Adem\u00e1s, se decidi\u00f3 <strong>abrir lucernarios<\/strong> en la planta superior, un gesto que a\u00f1adi\u00f3 un nivel extra de complejidad, ya que el techo original presentaba una estructura antigua y delicada\u201d, contin\u00faa Torrent\u00f3.<\/p>\n<p>Para hacer realidad este equilibrio entre tradici\u00f3n, t\u00e9cnica y sostenibilidad, contaron con dos aliados locales con gran experiencia en rehabilitaciones y reformas sostenibles, el estudio de arquitectura <a data-offer-url=\"https:\/\/www.taller17300.com\/\" class=\"external-link\" data-event-click=\"{&quot;element&quot;:&quot;ExternalLink&quot;,&quot;outgoingURL&quot;:&quot;https:\/\/www.taller17300.com\/&quot;}\" href=\"https:\/\/www.taller17300.com\/\" rel=\"nofollow noopener\" target=\"_blank\"><strong>Taller 17300<\/strong><\/a> y la constructora <a data-offer-url=\"https:\/\/www.juanjocons.com\/\" class=\"external-link\" data-event-click=\"{&quot;element&quot;:&quot;ExternalLink&quot;,&quot;outgoingURL&quot;:&quot;https:\/\/www.juanjocons.com\/&quot;}\" href=\"https:\/\/www.juanjocons.com\/\" rel=\"nofollow noopener\" target=\"_blank\"><strong>Juanjo<\/strong><\/a>.<\/p>\n<p>Un regalo inesperado<\/p>\n<p>Las dificultades trajeron tambi\u00e9n algunas alegr\u00edas, como <strong>el descubrimiento de los preciosos techos originales abovedados<\/strong>. \u201cLos ladrillos estaban en excelente condici\u00f3n y, en algunos, incluso aparecieron inscripciones de la \u00e9poca de su construcci\u00f3n, un hallazgo lleno de historia y encanto\u201d, explica la directora de Salat Studio.<\/p>\n<p><img decoding=\"async\" alt=\"Entre la cocina y el sal\u00f3n al fondo se dej\u00f3 un gran espacio difano que funciona de espacio de juegos para las ni\u00f1as.\" loading=\"lazy\" class=\"ResponsiveImageContainer-eNxvmU cfBbTk responsive-image__image\"   src=\"https:\/\/www.europesays.com\/es\/wp-content\/uploads\/2025\/11\/Cubro-Mar-011W.jpg\"\/><\/p>\n<p>Entre la cocina y el sal\u00f3n, al fondo, se dej\u00f3 un gran espacio di\u00e1fano que funciona de espacio de juegos para las ni\u00f1as.@sergio_pradana<\/p>\n<p><img decoding=\"async\" alt=\"El sal\u00f3n se ubic\u00f3 en la zona original de la vivienda ms sombr\u00eda donde el tipo de luz favorece la relajaci\u00f3n y el descanso.\" loading=\"lazy\" class=\"ResponsiveImageContainer-eNxvmU cfBbTk responsive-image__image\"   src=\"https:\/\/www.europesays.com\/es\/wp-content\/uploads\/2025\/11\/Cubro-Mar-014W.jpg\"\/><\/p>\n<p>El sal\u00f3n se ubic\u00f3 en la zona original de la vivienda, m\u00e1s sombr\u00eda, donde el tipo de luz favorece la relajaci\u00f3n y el descanso.@sergio_pradana<\/p>\n<p>Toda la vivienda es un equilibrio sereno del hoy y del ayer. <strong>En la planta baja se dio forma a un espacio di\u00e1fano y flexible<\/strong> que alberga la cocina y el comedor, junto al patio, y el sal\u00f3n en la zona m\u00e1s sombr\u00eda, donde la luz entra con m\u00e1s suavidad. El car\u00e1cter de las b\u00f3vedas y los arcos se contrarresta, por ejemplo, con detalles como las ventanas y vigas verdes que la llenan de personalidad. <strong>La combinaci\u00f3n de suelo de hormig\u00f3n pulido, techos de ladrillo visto &#8211; la tradicional volta catalana &#8211; y madera en la cocina llena de riqueza el lienzo.<\/strong><\/p>\n<p>\u201cElegimos <a data-offer-url=\"https:\/\/cubrodesign.com\/\" class=\"external-link\" data-event-click=\"{&quot;element&quot;:&quot;ExternalLink&quot;,&quot;outgoingURL&quot;:&quot;https:\/\/cubrodesign.com\/&quot;}\" href=\"https:\/\/cubrodesign.com\/\" rel=\"nofollow noopener\" target=\"_blank\">CUBRO<\/a> por la amplia variedad de opciones de personalizaci\u00f3n y por su excelente equilibrio entre calidad y precio. <strong>En la cocina optamos por acabados en roble y el tirador Pill, por su atemporalidad, autenticidad y calidez.<\/strong> Su dise\u00f1o permite realzar otros elementos del espacio, como el verde de las ventanas, el terrazo de la encimera o el tono burdeos de las l\u00e1mparas\u201d, dice.<\/p>\n<p><img decoding=\"async\" alt=\"\u201cElegimos CUBRO por la amplia variedad de opciones de personalizaci\u00f3n \u2014medidas colores y acabados\u2014 y por su excelente...\" loading=\"lazy\" class=\"ResponsiveImageContainer-eNxvmU cfBbTk responsive-image__image\"   src=\"https:\/\/www.europesays.com\/es\/wp-content\/uploads\/2025\/11\/Cubro-Mar-001W.jpg\"\/><\/p>\n<p>\u201cElegimos CUBRO por la amplia variedad de opciones de personalizaci\u00f3n \u2014medidas, colores y acabados\u2014 y por su excelente equilibrio entre calidad y precio. Adem\u00e1s, la marca refleja un estilo de vida y una est\u00e9tica muy afines a los nuestros\u201d, a\u00f1ade Torrent\u00f3.@sergio_pradana<\/p>\n<p>El nuevo orden<\/p>\n<p>La planta superior fue la m\u00e1s compleja del proyecto, \u201cya que hubo que reorganizar todos los espacios, adem\u00e1s de realizar la ampliaci\u00f3n\u201d, a\u00f1ade Torrent\u00f3. Para ello, <strong>se separaron las zonas de noche de las de trabajo mediante un ba\u00f1o central y una zona de lavander\u00eda.<\/strong><\/p>\n","protected":false},"excerpt":{"rendered":"Un poster de David Shrigley preside la zona de juegos y la llena de color.@sergio_pradana \u201cPara poder modificar&hellip;\n","protected":false},"author":2,"featured_media":243460,"comment_status":"","ping_status":"","sticky":false,"template":"","format":"standard","meta":{"footnotes":""},"categories":[173],"tags":[229,233,231,230,1530,5055,232,234,146,147,25,24,23],"class_list":{"0":"post-243459","1":"post","2":"type-post","3":"status-publish","4":"format-standard","5":"has-post-thumbnail","7":"category-arte-y-diseno","8":"tag-arte","9":"tag-arte-y-diseno","10":"tag-arts","11":"tag-arts-and-design","12":"tag-casas-ad","13":"tag-cocina","14":"tag-design","15":"tag-diseno","16":"tag-entertainment","17":"tag-entretenimiento","18":"tag-es","19":"tag-espana","20":"tag-spain"},"share_on_mastodon":{"url":"https:\/\/pubeurope.com\/@es\/115572891246752716","error":""},"_links":{"self":[{"href":"https:\/\/www.europesays.com\/es\/wp-json\/wp\/v2\/posts\/243459","targetHints":{"allow":["GET"]}}],"collection":[{"href":"https:\/\/www.europesays.com\/es\/wp-json\/wp\/v2\/posts"}],"about":[{"href":"https:\/\/www.europesays.com\/es\/wp-json\/wp\/v2\/types\/post"}],"author":[{"embeddable":true,"href":"https:\/\/www.europesays.com\/es\/wp-json\/wp\/v2\/users\/2"}],"replies":[{"embeddable":true,"href":"https:\/\/www.europesays.com\/es\/wp-json\/wp\/v2\/comments?post=243459"}],"version-history":[{"count":0,"href":"https:\/\/www.europesays.com\/es\/wp-json\/wp\/v2\/posts\/243459\/revisions"}],"wp:featuredmedia":[{"embeddable":true,"href":"https:\/\/www.europesays.com\/es\/wp-json\/wp\/v2\/media\/243460"}],"wp:attachment":[{"href":"https:\/\/www.europesays.com\/es\/wp-json\/wp\/v2\/media?parent=243459"}],"wp:term":[{"taxonomy":"category","embeddable":true,"href":"https:\/\/www.europesays.com\/es\/wp-json\/wp\/v2\/categories?post=243459"},{"taxonomy":"post_tag","embeddable":true,"href":"https:\/\/www.europesays.com\/es\/wp-json\/wp\/v2\/tags?post=243459"}],"curies":[{"name":"wp","href":"https:\/\/api.w.org\/{rel}","templated":true}]}}