{"id":24346,"date":"2025-08-04T05:29:07","date_gmt":"2025-08-04T05:29:07","guid":{"rendered":"https:\/\/www.europesays.com\/es\/24346\/"},"modified":"2025-08-04T05:29:07","modified_gmt":"2025-08-04T05:29:07","slug":"menos-pac-mas-vox-la-aritmetica-del-campo","status":"publish","type":"post","link":"https:\/\/www.europesays.com\/es\/24346\/","title":{"rendered":"Menos PAC, m\u00e1s Vox: la aritm\u00e9tica del campo"},"content":{"rendered":"<p>\t\t\t\t\t\t\t\t\t\t\t<strong>La semana pasada se produjo en Bruselas un movimiento s\u00edsmico de mediana intensidad<\/strong>. <strong>La Comisi\u00f3n Europea anunciaba un recorte de la Pol\u00edtica Agraria Com\u00fan (PAC) del 20% en los pr\u00f3ximos presupuestos de la UE para el periodo 2028-2035<\/strong>. El importe total de los compromisos de la PAC hasta 2027 se sit\u00faa en 386.602,9 millones de euros. La PAC es la segunda pol\u00edtica m\u00e1s importante en materia de financiaci\u00f3n europea. Significa el 25% del presupuesto actual. S\u00f3lo las pol\u00edticas de cohesi\u00f3n se sit\u00faan por encima. La PAC forma parte de la columna vertebral de la UE. Aun as\u00ed, su porcentaje relativo ha ido disminuyendo constantemente a lo largo de los a\u00f1os, como resultado de nuevas reformas y la aparici\u00f3n de nuevas prioridades pol\u00edticas, entre ellas, la \u00faltima ha sido el rearme militar que pretende cristalizar en la autonom\u00eda estrat\u00e9gica europea y un nuevo acuerdo arancelario con EEUU que ha significado, de facto, una estocada para la Presidenta de la Comisi\u00f3n Europea, Ursula von der Leyen.\u00a0<\/p>\n<blockquote><p>\u00abLa UE comienza a desarrollar su propia defensa com\u00fan en detrimento del campo, la ganader\u00eda y la pesca\u00bb<\/p><\/blockquote>\n<p>La sombra de la \u00faltima cumbre de la OTAN es alargada. El compromiso de los estados con la aportaci\u00f3n financiera del 5% comienza a surtir sus efectos. La guerra arancelaria de Donald Trump, tambi\u00e9n. En el fondo, son las dos caras de una misma moneda. La UE comienza a desarrollar su propia defensa com\u00fan en detrimento del campo, la ganader\u00eda y la pesca. <strong>El recorte anunciado se convertir\u00e1, probablemente, en gasolina para Vox, en Espa\u00f1a, para el Frente Nacional en Francia o para Alternativa para Alemania en el pa\u00eds con mayor inversi\u00f3n en gasto militar de los \u00faltimos a\u00f1os<\/strong>, quiz\u00e1 porque se tarda menos de 2 horas y media en volar desde Mosc\u00fa a Berl\u00edn. La Comisi\u00f3n Europea ha impulsado el plan \u00abReArm Europe\/Readiness 2030\u00bb, que busca movilizar 800.000 millones de euros para reforzar la defensa de la UE, permitiendo a los estados miembros destinar hasta el 1.5% de su PIB a defensa sin ser penalizados por d\u00e9ficits presupuestarios.\u00a0<\/p>\n<p><strong>Puede que a partir del pr\u00f3ximo a\u00f1o, nos acostumbremos a escuchar el rugir de los Leopards desde las factor\u00edas de \u00c1ngel Escribano en Gij\u00f3n pero tambi\u00e9n a los tractores de la Espa\u00f1a rural rodando en direcci\u00f3n a Madrid desde cualquier punto de la geograf\u00eda<\/strong>. Bruselas pone sobre la mesa un fondo generalista en el que la agricultura deja de ser una prioridad, pierde recursos y pierde protagonismo. Esta nueva PAC, de aprobarse, supondr\u00eda un antes y un despu\u00e9s para el medio rural. <strong>Menos PAC es menos seguridad alimentaria y menos soberan\u00eda para Europa<\/strong>.\u00a0<\/p>\n<blockquote><p>\u00ab2026 ser\u00e1 un a\u00f1o dif\u00edcil, ser\u00e1 un a\u00f1o agrario, con elecciones en dos comunidades aut\u00f3nomas. El campo vota y tambi\u00e9n decide\u00bb<\/p><\/blockquote>\n<p>Las organizaciones agrarias ya han dado la voz de alarma. 2026 ser\u00e1 un a\u00f1o dif\u00edcil, ser\u00e1 un a\u00f1o agrario, con elecciones en dos comunidades aut\u00f3nomas. El campo vota y tambi\u00e9n decide. <strong>Ser\u00e1 un buen examen de la UE en Castilla y Le\u00f3n y Andaluc\u00eda, donde uno es el mayor granero de Espa\u00f1a y el otro el mayor productor de aceite del mundo<\/strong>. Conviene recordar que el presidente de Andaluc\u00eda, Juan Manuel Moreno Bonilla, preside tambi\u00e9n el Comit\u00e9 de las Regiones. Se han levantado banderas rojas en el PSOE y el PP. Han sonado las alertas.<br \/>La Europa que pas\u00f3 la prueba en el Parlamento Europeo hace menos de un a\u00f1o, se someter\u00e1 tambi\u00e9n al escrutinio entre ganaderos, agricultores y pescadores al inicio del pr\u00f3ximo ciclo electoral. <strong>El partido se juega en Bruselas, pero tambi\u00e9n en Madrid, Valladolid y Sevilla<\/strong>. El secretario general del PSOE-CyL, Carlos Mart\u00ednez, se ha comprometido a trabajar para alcanzar \u00abun frente com\u00fan\u00bb que elabore una propuesta que permita modificar la presentada por Europa para la Pol\u00edtica Agraria Com\u00fan. <strong>No tardar\u00e1 en irrumpir un hombre veterano, experto en estas negociaciones, PSOE caoba, dentro del gobierno de S\u00e1nchez: el ministro de Agricultura, Ganader\u00eda y Alimentaci\u00f3n Luis Planas<\/strong>.<br \/>Los agricultores de Ja\u00e9n y Granada claman por la oliva. El campo segoviano tambi\u00e9n lo hace contra el recorte de la PAC por el desv\u00edo de fondos al rearme europeo. Esperan cada siete a\u00f1os, como los versos de Machado, un milagro en primavera. <strong>La contraofensiva de la PAC ha movilizado, incluso, al gobierno de Carlos Maz\u00f3n, que exigi\u00f3 a S\u00e1nchez la semana pasada la protecci\u00f3n del campo valenciano de la nueva reforma agraria<\/strong> a la que calific\u00f3 de \u00abgolpe letal\u00bb para el sector primario. Maz\u00f3n lament\u00f3 que la propuesta de la Comisi\u00f3n Europea pueda dejar a m\u00e1s de 15.500 productores jubilados sin ayudas. Precisamente, <strong>el secretario general del sindicato agrario UPA de Andaluc\u00eda record\u00f3 hace cuatro d\u00edas que en el Parlamento Europeo hay mayor\u00eda conservadora y que la propuesta de reforma parte de la Comisi\u00f3n, cuya presidenta, \u00darsula von der Leyen, es del Partido Popular Europeo<\/strong>.\u00a0<\/p>\n<blockquote><p>\u00abA buen seguro que S\u00e1nchez ya habr\u00e1 tomado nota de algo importante: los espa\u00f1oles m\u00e1s inflexibles con la inmigraci\u00f3n, hoy sintonizan con la protesta agraria\u00bb<\/p><\/blockquote>\n<p>Es demasiado pronto para poder anticipar un viraje de la Comisi\u00f3n Europea que intente frenar a los tractores pero supondr\u00eda un gesto inteligente, uno de esos gestos de flexibilidad que formaron parte de la cultura europea posterior a la II Guerra Mundial hasta la llegada de Donald Trump. Europa vuelve a Espa\u00f1a, cultiva drones marinos y trigo. A buen seguro que S\u00e1nchez ya habr\u00e1 tomado nota de algo importante: los espa\u00f1oles m\u00e1s inflexibles con la inmigraci\u00f3n, hoy sintonizan con la protesta agraria.<br \/>Al ministro de Agricultura le toca gestionar una crisis europea. <strong>El diario brit\u00e1nico<\/strong><strong>\u00a0&#8216;The Economist&#8217; dedicaba el pasado jueves un art\u00edculo a la supuesta \u00abpar\u00e1lisis\u00bb espa\u00f1ola. \u00abPara restaurar la confianza en la democracia espa\u00f1ola, el presidente del Gobierno deber\u00eda asumir la responsabilidad y dimitir. No existe una raz\u00f3n de peso para que contin\u00fae en el cargo\u00bb<\/strong>, afirmaba el texto, que esgrime que los buenos datos de la econom\u00eda no son excusa para ello. \u00abEl crecimiento econ\u00f3mico de Espa\u00f1a comenz\u00f3 antes que su mandato y se debe m\u00e1s a las reformas de su predecesor conservador, Mariano Rajoy, que a las suyas\u00bb. &#8216;The Economist&#8217;, revista que lleva apuntalando la gesti\u00f3n de S\u00e1nchez desde hace varios a\u00f1os, esta semana se enmendaba a s\u00ed misma. Curioso.<br \/><strong>Agua, infraestructuras, riesgo de grandes incendios en verano, precio de los alimentos, incertidumbre ante el futuro, ansiedad pol\u00edtica, polarizaci\u00f3n, inmigraci\u00f3n, escuadrismo, razzias, Vox. Todo est\u00e1 resumido en una reducci\u00f3n del 20% del presupuesto de la PAC<\/strong>. Razones suficientes para pensar que la propuesta de von der Leyen puede alimentar el voto de la extrema derecha en las elecciones generales de 2027 en Espa\u00f1a y tambi\u00e9n en las presidenciales de Francia, donde Macron ya no estar\u00e1 presente para prestar un \u00faltimo servicio a la patria.<\/p>\n<blockquote><p>\u00abAbascal y Le Pen pueden hacer\u00a0ticket para asaltar los campos de una cuarta parte de la geograf\u00eda pol\u00edtica comunitaria\u00bb<\/p><\/blockquote>\n<p>Francia y Espa\u00f1a ocupan cerca del 24% del territorio de la UE juntas. Abascal y Le Pen pueden hacer ticket para asaltar los campos de una cuarta parte de la geograf\u00eda pol\u00edtica comunitaria. <strong>En Espa\u00f1a, los agricultores representan aproximadamente el 3,6% de la poblaci\u00f3n activa<\/strong>. <strong>En Francia, la agricultura emplea a alrededor del 2,2%<\/strong>. En ambos pa\u00edses, la agricultura tiene un porcentaje relativamente peque\u00f1o. Los agricultores s\u00f3lo representan el 2% de la poblaci\u00f3n de la UE y el 1,4% del PIB europeo, pero son influyentes, porque hay en ellos algo at\u00e1vico que enlaza con el coraz\u00f3n de Europa y la diosa Ceres, enterrada bajo redes y conexiones en la era digital. Sin embargo, la tecnificaci\u00f3n y las pol\u00edticas de sostenibilidad medioambiental de la vieja Europa no han acabado con los ritos y la esencia de los or\u00edgenes de la UE: vino, aceite, cereal, las verdades \u00faltimas del campo.\u00a0<br \/>Y mientras tanto, <strong>en el despacho del Ministerio de Agricultura, Pesca y Alimentaci\u00f3n, un hombre trabaja. Luis Planas Puchades (Valencia, 1956)<\/strong>. Consejero de Agricultura en Andaluc\u00eda, representante de Espa\u00f1a ante la Uni\u00f3n Europea, seis a\u00f1os embajador en Marruecos, <strong>Planas es un hombre resolutivo, dialogante, sereno y pragm\u00e1tico, un pol\u00edtico con experiencia, sin estridencias<\/strong>. Una de las primeras medidas que ha propiciado tras conocerse la nueva PAC para el periodo 2028-2024 ha sido el pago adicional de 100 millones de euros en concepto de ayuda b\u00e1sica a la renta para la sostenibilidad (ABRS) correspondiente a la campa\u00f1a de la PAC 2024. Sacar la chequera genera siempre confianza y calma los \u00e1nimos.\u00a0<\/p>\n<blockquote><p>\u00abEl ministro Luis Planas tiene un ojo puesto en Bruselas y otro en Torre-Pacheco. El sector desaparecer\u00eda sin inmigrantes\u00bb<\/p><\/blockquote>\n<p>Planas, astuto, buen conocedor de la mec\u00e1nica de los gobiernos, se ha colocado del lado de los agricultores, pescadores y ganaderos y ha tachado de \u00abins\u00f3litas\u00bb algunas de las propuestas recogidas en el borrador del presupuesto presentado por la Comisi\u00f3n. <strong>La PAC no es un privilegio sino una necesidad para el campo, ha dicho en entrevista a EFE<\/strong>. Sabe que el ambiente se va a calentar. A partir de septiembre, Planas se reunir\u00e1 con los sectores agrario y pesquero, y con las comunidades aut\u00f3nomas para buscar una posici\u00f3n com\u00fan de cara a las negociaciones que se abren en Bruselas. El ministro tiene un ojo puesto en Bruselas y otro en Torre-Pacheco. El sector desaparecer\u00eda sin inmigrantes. <strong>En junio pasado, el 40% de las personas afiliadas al r\u00e9gimen especial agrario de los trabajadores por cuenta ajena eran extranjeros<\/strong>. Vox y el neofranquismo vuelven siempre como \u00e9poca. Prep\u00e1rense a verlo esta vez subido a un tractor. Atentos.<\/p>\n","protected":false},"excerpt":{"rendered":"La semana pasada se produjo en Bruselas un movimiento s\u00edsmico de mediana intensidad. La Comisi\u00f3n Europea anunciaba un&hellip;\n","protected":false},"author":2,"featured_media":24347,"comment_status":"","ping_status":"","sticky":false,"template":"","format":"standard","meta":{"footnotes":""},"categories":[5],"tags":[4876,2077,3214,13834,17,18,1708,1616,95,25,24,13,14,11,590,891,19,20,892,9,10,15,16,13835,23,12,21,22,1617,1707,624],"class_list":{"0":"post-24346","1":"post","2":"type-post","3":"status-publish","4":"format-standard","5":"has-post-thumbnail","7":"category-titulares","8":"tag-agenda-publica","9":"tag-agricultura","10":"tag-alimentacion","11":"tag-autonomia-estrategica","12":"tag-breaking-news","13":"tag-breakingnews","14":"tag-comision-europea","15":"tag-defensa","16":"tag-economia","17":"tag-es","18":"tag-espana","19":"tag-featured-news","20":"tag-featurednews","21":"tag-headlines","22":"tag-inmigracion","23":"tag-inmigrantes","24":"tag-latest-news","25":"tag-latestnews","26":"tag-migracion","27":"tag-news","28":"tag-noticias","29":"tag-noticias-destacadas","30":"tag-noticiasdestacadas","31":"tag-prespuestos-ue-2028-2034","32":"tag-spain","33":"tag-titulares","34":"tag-ultimas-noticias","35":"tag-ultimasnoticias","36":"tag-union-europea","37":"tag-ursula-von-der-leyen","38":"tag-vox"},"share_on_mastodon":{"url":"","error":""},"_links":{"self":[{"href":"https:\/\/www.europesays.com\/es\/wp-json\/wp\/v2\/posts\/24346","targetHints":{"allow":["GET"]}}],"collection":[{"href":"https:\/\/www.europesays.com\/es\/wp-json\/wp\/v2\/posts"}],"about":[{"href":"https:\/\/www.europesays.com\/es\/wp-json\/wp\/v2\/types\/post"}],"author":[{"embeddable":true,"href":"https:\/\/www.europesays.com\/es\/wp-json\/wp\/v2\/users\/2"}],"replies":[{"embeddable":true,"href":"https:\/\/www.europesays.com\/es\/wp-json\/wp\/v2\/comments?post=24346"}],"version-history":[{"count":0,"href":"https:\/\/www.europesays.com\/es\/wp-json\/wp\/v2\/posts\/24346\/revisions"}],"wp:featuredmedia":[{"embeddable":true,"href":"https:\/\/www.europesays.com\/es\/wp-json\/wp\/v2\/media\/24347"}],"wp:attachment":[{"href":"https:\/\/www.europesays.com\/es\/wp-json\/wp\/v2\/media?parent=24346"}],"wp:term":[{"taxonomy":"category","embeddable":true,"href":"https:\/\/www.europesays.com\/es\/wp-json\/wp\/v2\/categories?post=24346"},{"taxonomy":"post_tag","embeddable":true,"href":"https:\/\/www.europesays.com\/es\/wp-json\/wp\/v2\/tags?post=24346"}],"curies":[{"name":"wp","href":"https:\/\/api.w.org\/{rel}","templated":true}]}}