{"id":243461,"date":"2025-11-18T21:46:12","date_gmt":"2025-11-18T21:46:12","guid":{"rendered":"https:\/\/www.europesays.com\/es\/243461\/"},"modified":"2025-11-18T21:46:12","modified_gmt":"2025-11-18T21:46:12","slug":"el-diagnostico-medico-que-compromete-el-futuro-de-anabel-pantoja-en-bailando-con-las-estrellas","status":"publish","type":"post","link":"https:\/\/www.europesays.com\/es\/243461\/","title":{"rendered":"El diagn\u00f3stico m\u00e9dico que compromete el futuro de Anabel Pantoja en &#8216;Bailando con las estrellas&#8217;"},"content":{"rendered":"<p id=\"ew6g18GY90\" data-wc=\"59\">El 2025 est\u00e1 siendo un aut\u00e9ntico torbellino para Anabel Pantoja. La sevillana comenz\u00f3 el a\u00f1o enfrent\u00e1ndose a los <strong>problemas m\u00e9dicos de su hija<\/strong> y a todo el revuelo legal que se gener\u00f3 a ra\u00edz de ello, y lo termina volcada en su <a class=\"hm-link ho-link\" href=\"https:\/\/www.hola.com\/actualidad\/20251107866351\/anabel-pantoja-al-borde-del-colapso-en-bailando-con-las-estrellas-estoy-amargada\/\" data-mrf-recirculation=\"article-body-link\" rel=\"nofollow noopener\" target=\"_blank\"><strong>participaci\u00f3n en Bailando con las estrellas<\/strong><\/a>, donde lleva semanas entreg\u00e1ndose por completo.\u00a0<\/p>\n<p> <img src=\"https:\/\/www.europesays.com\/es\/wp-content\/uploads\/2025\/11\/bc92aacec923-anabel-pantoja06.jpg\"   width=\"1024\" height=\"586\" loading=\"lazy\" decoding=\"async\" alt=\"Anabel Pantoja junto al bailar\u00edn profesional \u00c1lvaro Cuenca, en &quot;Bailando con las Estrellas&quot;\" fetchpriority=\"auto\" class=\"image ho-image\"\/>\u00a9 TelecincoAnabel Pantoja junto al bailar\u00edn profesional \u00c1lvaro Cuenca, en \u00abBailando con las Estrellas\u00bb<\/p>\n<p id=\"eyyf9C9te9J\" data-wc=\"57\">La colaboradora se ha dejado la piel en cada gala, respaldada por su bailar\u00edn, que se ha convertido en su principal apoyo dentro del concurso. Aunque ha vivido momentos complicados y siempre ha logrado recomponerse, ahora atraviesa un nuevo obst\u00e1culo: una lesi\u00f3n que podr\u00eda alejarla temporalmente del programa, tal y como ha contado en sus redes sociales.\u00a0<\/p>\n<p>El parte m\u00e9dico que preocupa a sus seguidores<\/p>\n<p id=\"elcbH9dPv33\" data-wc=\"56\">El s\u00e1bado pasado, Pantoja consigui\u00f3 <strong>clasificarse en la semifinal del talent show\u00a0<\/strong>gracias al apoyo masivo del p\u00fablico, pese a que el jurado la situ\u00f3 en el \u00faltimo puesto. Pero su continuidad est\u00e1 en el aire: Anabel confirm\u00f3 que su rodilla le ha jugado una mala pasada y que quiz\u00e1s no pueda preparar la pr\u00f3xima coreograf\u00eda.\u00a0<\/p>\n<p> <img src=\"https:\/\/www.europesays.com\/es\/wp-content\/uploads\/2025\/11\/b36878e9a313-img0482.jpg\"   width=\"670\" height=\"1024\" loading=\"lazy\" decoding=\"async\" alt=\"Anabel Pantoja\" fetchpriority=\"auto\" class=\"image ho-image\"\/>\u00a9 @anabelpantoja00<\/p>\n<p id=\"ewUJ6zRbk_d\" data-wc=\"60\">En un v\u00eddeo que ha compartido con sus seguidores, se la ve en la camilla de un fisioterapeuta recibiendo tratamiento en ambas rodillas. \u00abPues s\u00ed, despu\u00e9s de casi 3 meses en el programa me lleg\u00f3 la hora\u00bb, anunci\u00f3, ya continuaci\u00f3n explic\u00f3 que el domingo amaneci\u00f3 con una <strong>inflamaci\u00f3n considerable tras semanas haciendo coreograf\u00edas que exig\u00edan mucho trabajo en el suelo.<\/strong><\/p>\n<p id=\"eQ3n5kWoAEB\" data-wc=\"68\">Anabel declar\u00f3 que, tras un d\u00eda entero guardando reposo y aplicando hielo en la zona pero sin rastro de ninguna mejora, decidi\u00f3 acudir al especialista: \u00a0<strong>\u00abEn la ecograf\u00eda han visto que tengo un esguince de ligamento interno\u00bb,<\/strong> cont\u00f3, dejando claro que ahora deber\u00e1 centrarse en recuperarse y esperar para ver c\u00f3mo evoluciona la lesi\u00f3n, algo que la propia Anabel, a\u00f1adiendo al mensaje el emoticono de un coraz\u00f3n roto.<\/p>\n<p>Su respuesta a las cr\u00edticas<\/p>\n<p id=\"e-Zvs5obRWs\" data-wc=\"76\">La influencer\u00a0tambi\u00e9n quiso pronunciarse sobre las <a class=\"hm-link ho-link\" href=\"https:\/\/www.hola.com\/actualidad\/20251117867879\/anabel-pantoja-afronta-la-polemica-tras-pasar-a-la-semifinal-de-bailando-con-las-estrellas-no-me-siento-bien-respecto-a-mis-companeras\/\" data-mrf-recirculation=\"article-body-link\" rel=\"nofollow noopener\" target=\"_blank\">cr\u00edticas recibidas por permanecer en el concurso.<\/a> \u00abAlgunos no entender\u00e1n porque sigo en el programa, cuando hay compa\u00f1eros que bailan el triple mejor que yo. Ayer me fui muy triste a casa, porque me doli\u00f3 ver a mi amiga @taniamedinnna mal, tambi\u00e9n a @nonasobo, no me gustar\u00eda joder el sue\u00f1o de alguien, por ocupar un lugar que muchos pensaran que no me corresponde\u00bb, apunt\u00f3 la sobrina de Isabel Pantoja.<\/p>\n<p> <img src=\"https:\/\/www.europesays.com\/es\/wp-content\/uploads\/2025\/11\/fbc82d0616d1-50302091211468255505458534596978332760728281n.jpg\"   width=\"576\" height=\"1024\" loading=\"lazy\" decoding=\"async\" alt=\"Anabel Pantoja, posando con un traje blanco en verano\" fetchpriority=\"auto\" class=\"image ho-image\"\/>\u00a9 @anabelpantoja00Anabel Pantoja, posando con un traje blanco en verano<\/p>\n<p id=\"eubttlUD2ZO\" data-wc=\"79\">A\u00fan as\u00ed, record\u00f3 que no es ella quien decide y que es el p\u00fablico el que la mantiene dentro semana tras semana: \u00abOs juro, que si por mi fuera yo estar\u00eda ya vi\u00e9ndolo todo desde casa, pero quiero creer, que <strong>los votos que nunca me ha dado el jurado, me los est\u00e9 dando al p\u00fablico que nos ve desde casa cada s\u00e1bado.<\/strong> Tambi\u00e9n habr\u00e1 gente que opinar\u00e1 que los votos del p\u00fablico est\u00e1n manipulados y que es mentira\u00bb, se\u00f1al\u00f3.\u00a0<\/p>\n<p id=\"eN3v6JbZjDV\" data-wc=\"71\">Para terminar, reivindic\u00f3 su esfuerzo y la oportunidad de vivir esta experiencia: \u00abBueno, ya eso son guerras de cada uno, solo quer\u00eda aclarar que no me siento bien respecto a mis compa\u00f1eras pero tambi\u00e9n me gustar\u00eda sentirme feliz por mi, y ver que de no saber bailar estoy llegando tan lejos con la ayuda del p\u00fablico. Gracias @bailandoest por regalarme esta aventura, que creo como cualquier otro compa\u00f1ero tambi\u00e9n merezco vivirla\u00bb.<\/p>\n","protected":false},"excerpt":{"rendered":"El 2025 est\u00e1 siendo un aut\u00e9ntico torbellino para Anabel Pantoja. La sevillana comenz\u00f3 el a\u00f1o enfrent\u00e1ndose a los&hellip;\n","protected":false},"author":2,"featured_media":243462,"comment_status":"","ping_status":"","sticky":false,"template":"","format":"standard","meta":{"footnotes":""},"categories":[171],"tags":[517,4476,146,147,25,24,23,214],"class_list":{"0":"post-243461","1":"post","2":"type-post","3":"status-publish","4":"format-standard","5":"has-post-thumbnail","7":"category-tv","8":"tag-actualidad","9":"tag-anabel-pantoja","10":"tag-entertainment","11":"tag-entretenimiento","12":"tag-es","13":"tag-espana","14":"tag-spain","15":"tag-tv"},"share_on_mastodon":{"url":"https:\/\/pubeurope.com\/@es\/115572899704041581","error":""},"_links":{"self":[{"href":"https:\/\/www.europesays.com\/es\/wp-json\/wp\/v2\/posts\/243461","targetHints":{"allow":["GET"]}}],"collection":[{"href":"https:\/\/www.europesays.com\/es\/wp-json\/wp\/v2\/posts"}],"about":[{"href":"https:\/\/www.europesays.com\/es\/wp-json\/wp\/v2\/types\/post"}],"author":[{"embeddable":true,"href":"https:\/\/www.europesays.com\/es\/wp-json\/wp\/v2\/users\/2"}],"replies":[{"embeddable":true,"href":"https:\/\/www.europesays.com\/es\/wp-json\/wp\/v2\/comments?post=243461"}],"version-history":[{"count":0,"href":"https:\/\/www.europesays.com\/es\/wp-json\/wp\/v2\/posts\/243461\/revisions"}],"wp:featuredmedia":[{"embeddable":true,"href":"https:\/\/www.europesays.com\/es\/wp-json\/wp\/v2\/media\/243462"}],"wp:attachment":[{"href":"https:\/\/www.europesays.com\/es\/wp-json\/wp\/v2\/media?parent=243461"}],"wp:term":[{"taxonomy":"category","embeddable":true,"href":"https:\/\/www.europesays.com\/es\/wp-json\/wp\/v2\/categories?post=243461"},{"taxonomy":"post_tag","embeddable":true,"href":"https:\/\/www.europesays.com\/es\/wp-json\/wp\/v2\/tags?post=243461"}],"curies":[{"name":"wp","href":"https:\/\/api.w.org\/{rel}","templated":true}]}}