{"id":243489,"date":"2025-11-18T22:05:14","date_gmt":"2025-11-18T22:05:14","guid":{"rendered":"https:\/\/www.europesays.com\/es\/243489\/"},"modified":"2025-11-18T22:05:14","modified_gmt":"2025-11-18T22:05:14","slug":"catalunya-se-vuelca-con-palestina-en-un-partido-que-va-mas-alla-del-futbol-ante-30-018-espectadores","status":"publish","type":"post","link":"https:\/\/www.europesays.com\/es\/243489\/","title":{"rendered":"Catalunya se vuelca con Palestina en un partido que va m\u00e1s all\u00e1 del f\u00fatbol ante 30.018 espectadores"},"content":{"rendered":"<p class=\"ft-text ft-helper-closenews\">Los jugadores de la <strong>selecci\u00f3n catalana<\/strong> y los de la <strong>selecci\u00f3n palestina<\/strong> disputaron este martes un partido hist\u00f3rico (2-1) sobre el mismo c\u00e9sped que hasta este lunes pisaban en sus partidos oficiales los jugadores del <strong>FC Barcelona<\/strong>. Tras su marcha, por fin, al <strong>Spotify Camp Nou<\/strong>, el <strong>Estadi Ol\u00edmpic <\/strong>todav\u00eda no descansa y acogi\u00f3, bajo la atenta mirada de <strong>Hansi Flick <\/strong>en las gradas, un encuentro que fue <a class=\"ft-link ft-link--decoration\" href=\"https:\/\/www.elperiodico.com\/es\/deportes\/20251110\/entradas-partido-catalunya-palestina-saldran-123555966\" rel=\"nofollow noopener\" target=\"_blank\">mucho m\u00e1s all\u00e1 del f\u00fatbol<\/a> y que se convirti\u00f3 desde el primer minuto en un acto in\u00e9dito de lucha, solidaridad y apoyo al pueblo palestino.<\/p>\n<p class=\"ft-text\">En las gradas se fund\u00edan las camisetas cuatribarradas y las esteladas con las banderas palestinas. Se escuchaban c\u00e1nticos y consignas de<strong> &#8216;Free Palestine&#8217; <\/strong>y <strong>&#8216;Puta Espa\u00f1a y Puta Israel&#8217;,<\/strong> y entre los presentes, daba igual a qu\u00e9 afici\u00f3n pertenecieran, abundaban las &#8216;kufiyas&#8217;, las pancartas con mensajes de resistencia para el pueblo de Gaza e incluso se aplaudi\u00f3 la quema de una bandera espa\u00f1ola.<\/p>\n<p class=\"ft-text\">Lo que se vivi\u00f3 en el Estadi Ol\u00edmpic de Monju\u00efc iba mucho m\u00e1s all\u00e1 de los goles de la selecci\u00f3n local. Ya fuera el primero de <strong>Ilie S\u00e1nchez<\/strong> o el que se marcaron poco despu\u00e9s en propia puerta los palestinos. Fue, sin embargo, el primer tanto elaborado del equipo visitante, el de <strong>Zeidan<\/strong>, el que se celebr\u00f3 por la afici\u00f3n catalana como propio.<\/p>\n<p><img decoding=\"async\" src=\"https:\/\/www.europesays.com\/es\/wp-content\/uploads\/2025\/11\/5a4e3e50-d240-4d9b-9c62-9a946fd2bd9d_alta-libre-aspect-ratio_default_0.jpg\" width=\"1200\" height=\"800\" alt=\"Pau V\u00edctor pelea un bal\u00f3n en el Estadi Ol\u00edmpic.\" class=\"ft-helper-img-rd\" loading=\"lazy\"\/><\/p>\n<p class=\"ft-helper-fontColor-quaternary ft-helper-fontSize-body-S ft-helper-spacer-t-xxs\">Pau V\u00edctor pelea un bal\u00f3n en el Estadi Ol\u00edmpic.  \/ Marc Asensio<\/p>\n<p>Folclore y reivindicaci\u00f3n pol\u00edtica<\/p>\n<p class=\"ft-text\">El folclore inicial que desplegaron cantantes locales, los bailes de sardanas y los castellers o el mosaico que realizaron los espectadores con las cartulinas de sus asientos dio paso a un ejercicio m\u00e1s intenso de<strong> significaci\u00f3n pol\u00edtica<\/strong> para alzar la voz por el pueblo palestino y denunciar el genocidio israel\u00ed sobre Gaza. Una reivindicaci\u00f3n, adem\u00e1s, abanderada por activistas como <strong>Greta Thunberg y \u00d2scar Camps, el president del Parlament, Josep Rull, el alcalde de Barcelona, Jaume Collboni, o el Conseller d&#8217;Esports de la Generalitat de Catalunya, Berni \u00c1lvarez<\/strong> presentes en el estadio.<\/p>\n<p class=\"ft-text\">La <strong>Federaci\u00f3 Catalana de Futbol (FCF)<\/strong> anunci\u00f3 por la tarde que en poco m\u00e1s de una semana desde que se abri\u00f3 la venta de entradas se hab\u00edan conseguido colocar un total de <a class=\"ft-link ft-link--decoration\" href=\"https:\/\/www.elperiodico.com\/es\/deportes\/20251110\/entradas-partido-catalunya-palestina-saldran-123555966\" rel=\"nofollow noopener\" target=\"_blank\">30.000 localidades para el encuentro<\/a>. Sin embargo, las gradas del Estadi Ol\u00edmpic luc\u00edan medio vac\u00edas al inicio del encuentro y se fueron llenando con el paso de los minutos, <strong>hasta llegar a la cifra total de 30.018 personas.<\/strong> La recaudaci\u00f3n del partido y todos los beneficios de la campa\u00f1a <strong>Act X Palestine<\/strong> se destinar\u00e1n \u00edntegramente a dar respuesta a las necesidades del pueblo palestino a trav\u00e9s de la ayuda humanitaria y reconstrucci\u00f3n en Gaza.<\/p>\n<p>Equipo titular de Primera<\/p>\n<p class=\"ft-text\">Las actuaciones musicales y culturales a cargo de grupos como Cute Mobb, Ginest\u00e0, Ovidi 4, Mohamad Bitari, La Maria, Ven&#8217;nus o los Castellers de Cornell\u00e0 y los de Barcelona amenizaron los instantes previos al encuentro. Y en la primera mitad, toda la representaci\u00f3n del <strong>RCD Espanyol, con Jofre Carreras, Ramon Terrats, Antoniu Roca y \u00c0ngel Fortu\u00f1o, del FC Barcelona, con Marc Bernal y del Girona, con Joel Roca, <\/strong>pis\u00f3 el c\u00e9sped cumpliendo la palabra del presidente de la Federaci\u00f3 Catalana de Futbol, <strong>Joan Soteras<\/strong>, en la presentaci\u00f3n del encuentro. En la segunda mitad con la salida de la mayor\u00eda de jugadores se fueron tambi\u00e9n la mayor\u00eda de ocasiones.<\/p>\n<p>Ficha t\u00e9cnica<\/p>\n<p class=\"ft-text\"><strong>Catalunya 2<\/strong>: Arnau Tenas; Adri\u00e0 Altimira, Ilie S\u00e1nchez, Marc Bombard\u00f3, Sergio G\u00f3mez; Ramon Terrats, Marc Bernal; Jofre Carreras, Antoniu Roca, Joel Roca; y Pau V\u00edctor. Tambi\u00e9n jugaron \u00c0ngel Fortu\u00f1o, Arnau Campeny, \u00c0lex Cano, Mart\u00ed Vil\u00e0, Marc Dom\u00e8nech, Albert Orriols, David Astals y Jordi Cano (min. 46) y Marc Montalvo, Alberto Garc\u00eda y Jaume Jard\u00ed (min. 60).<\/p>\n<p class=\"ft-text\"><strong>Palestina 1<\/strong>: Rami Hamadeh; Emilio Saba, Michel Termanini, Ameed Mahajneh, Ahmed Taha; Oday Kharoub, Hamed Hamdan; Ahmad Al-Qaq, Zaid Qunbar, Mostafa Zeidan; y Oday Dabbagh. Tambi\u00e9n jugaron Abed Yassin, Mosab Battat y Ameed Sawafta (min. 46), Ali Rabaei, Wajdi Nabhan y Khaled Al-Nabris (min. 64) y Khalid Abu El Haija y Bader Mousa (min. 74).<\/p>\n<p class=\"ft-text\"><strong>Goles:<\/strong> 1-0, min. 4: Ilie S\u00e1nchez. 2-0, min. 27: Ameed Mahajneh en propia porter\u00eda. 2-1, min. 30: Mostafa Zeiadan.<\/p>\n<p class=\"ft-text\"><strong>\u00c1rbitro:<\/strong> Victor Garcia Verdura. Amonest\u00f3 al visitante (min. 88).<\/p>\n<p class=\"ft-text\"><strong>Incidencias:<\/strong> Partido amistoso y ben\u00e9fico en solidaridad con Palestina disputado en el Estadio Ol\u00edmpico Llu\u00eds Companys ante 30.018 espectadores.<\/p>\n<p data-close=\"closedContent\" class=\"subscribeHideForDisplay\">Suscr\u00edbete para seguir leyendo<\/p>\n","protected":false},"excerpt":{"rendered":"Los jugadores de la selecci\u00f3n catalana y los de la selecci\u00f3n palestina disputaron este martes un partido hist\u00f3rico&hellip;\n","protected":false},"author":2,"featured_media":243490,"comment_status":"","ping_status":"","sticky":false,"template":"","format":"standard","meta":{"footnotes":""},"categories":[268],"tags":[7800,168,25,24,280,282,76,1045,62444,281,23,167,29377],"class_list":{"0":"post-243489","1":"post","2":"type-post","3":"status-publish","4":"format-standard","5":"has-post-thumbnail","7":"category-futbol","8":"tag-catalunya","9":"tag-deportes","10":"tag-es","11":"tag-espana","12":"tag-football","13":"tag-futbol","14":"tag-palestina","15":"tag-partido","16":"tag-seleccion-de-catalunya-de-futbol","17":"tag-soccer","18":"tag-spain","19":"tag-sports","20":"tag-vuelca"},"share_on_mastodon":{"url":"https:\/\/pubeurope.com\/@es\/115572973852587024","error":""},"_links":{"self":[{"href":"https:\/\/www.europesays.com\/es\/wp-json\/wp\/v2\/posts\/243489","targetHints":{"allow":["GET"]}}],"collection":[{"href":"https:\/\/www.europesays.com\/es\/wp-json\/wp\/v2\/posts"}],"about":[{"href":"https:\/\/www.europesays.com\/es\/wp-json\/wp\/v2\/types\/post"}],"author":[{"embeddable":true,"href":"https:\/\/www.europesays.com\/es\/wp-json\/wp\/v2\/users\/2"}],"replies":[{"embeddable":true,"href":"https:\/\/www.europesays.com\/es\/wp-json\/wp\/v2\/comments?post=243489"}],"version-history":[{"count":0,"href":"https:\/\/www.europesays.com\/es\/wp-json\/wp\/v2\/posts\/243489\/revisions"}],"wp:featuredmedia":[{"embeddable":true,"href":"https:\/\/www.europesays.com\/es\/wp-json\/wp\/v2\/media\/243490"}],"wp:attachment":[{"href":"https:\/\/www.europesays.com\/es\/wp-json\/wp\/v2\/media?parent=243489"}],"wp:term":[{"taxonomy":"category","embeddable":true,"href":"https:\/\/www.europesays.com\/es\/wp-json\/wp\/v2\/categories?post=243489"},{"taxonomy":"post_tag","embeddable":true,"href":"https:\/\/www.europesays.com\/es\/wp-json\/wp\/v2\/tags?post=243489"}],"curies":[{"name":"wp","href":"https:\/\/api.w.org\/{rel}","templated":true}]}}