{"id":243493,"date":"2025-11-18T22:07:10","date_gmt":"2025-11-18T22:07:10","guid":{"rendered":"https:\/\/www.europesays.com\/es\/243493\/"},"modified":"2025-11-18T22:07:10","modified_gmt":"2025-11-18T22:07:10","slug":"dos-tiktokers-belgas-burlaron-la-seguridad-del-louvre-y-colgaron-un-cuadro-en-la-sala-de-la-gioconda","status":"publish","type":"post","link":"https:\/\/www.europesays.com\/es\/243493\/","title":{"rendered":"Dos tiktokers belgas burlaron la seguridad del Louvre y colgaron un cuadro en la sala de La Gioconda"},"content":{"rendered":"<p class=\"com-paragraph   --s\"><strong>En una nueva burla a la seguridad del museo Louvre, dos influencers belgas lograron colgar un cuadro con una foto de ambos en la sala en la que se expone <\/strong><strong>La Gioconda<\/strong><strong>, de Leonardo Da Vinci, <\/strong>seg\u00fan informaron medios franceses.<\/p>\n<p><img class=\"image flex com-image --cover\" decoding=\"async\" fetchpriority=\"high\" loading=\"eager\" src=\"https:\/\/www.europesays.com\/es\/wp-content\/uploads\/2025\/11\/https:\/\/cdn.jwplayer.com\/v2\/media\/cO6rgUD1\/poster.jpg\" alt=\"Irrupci\u00f3n en el museo Louvre\"\/>Irrupci\u00f3n en el museo Louvre<\/p>\n<p class=\"com-paragraph   --s\">Los tiktokers Neal y Senne, conocidos en las redes sociales de su pa\u00eds por sus bromas, difundieron el hecho en sus redes y el video se viraliz\u00f3 r\u00e1pidamente. As\u00ed, el <a href=\"https:\/\/www.lanacion.com.ar\/el-mundo\/robo-en-el-louvre-se-llevaron-joyas-de-napoleon-y-francia-cerro-el-museo-por-24-horas-nid19102025\/\" target=\"_self\" title=\"https:\/\/www.lanacion.com.ar\/el-mundo\/robo-en-el-louvre-se-llevaron-joyas-de-napoleon-y-francia-cerro-el-museo-por-24-horas-nid19102025\/\" class=\"com-link break-word\" data-mrf-recirculation=\"n_link_parrafo\" rel=\"nofollow noopener\">museo m\u00e1s famoso del mundo, que recientemente sufri\u00f3 el robo de valiosas joyas de su acervo, <\/a> volvi\u00f3 a hacer blanco de cr\u00edticas y de burlas en las redes. <\/p>\n<p class=\"com-paragraph   --s\">En sus redes sociales, los j\u00f3venes detallaron el plan y los pasos que siguieron para lograr su objetivo en una sala s\u00faper custodiada y en un museo que supuestamente ha reforzado las medidas de seguridad desde la irrupci\u00f3n de ladrones el 19 de octubre. El bot\u00edn robado, joyas de la Corona de Francia, tiene un valor patrimonial incalculable.<\/p>\n<p>Una vez m\u00e1s, la seguridad del Louvre fue burladaEmma Da Silva &#8211; AP<\/p>\n<p class=\"com-paragraph   --s\">Seg\u00fan los propios intrusos, el cuadro compuesto por piezas de Lego entr\u00f3 desmontado y la l\u00e1mina con la foto enrollada. Una vez adentro del museo, lo pegaron en la pared, cerca de la Mona Lisa, y se fueron antes de que los guardias de seguridad pudieran descubrir lo que hab\u00edan hecho.<\/p>\n<p>Intervenci\u00f3n de los tiktokers Neal y Senne en el Louvre<\/p>\n<p class=\"com-paragraph   --s\">En su video cuenta que ingresaron al museo una hora antes del cierre y colgaron el lienzo a toda velocidad. Como no pudieron acercarse a la obra cumbre de Leonardo porque \u201chab\u00eda demasiados guardias\u201d, lo colocaron a unos metros de distancia \u201cen la misma sala\u201d.<\/p>\n<p class=\"com-paragraph   --s\">\u201cSab\u00edamos que era arriesgado. Una vez colgada la obra, nos marchamos inmediatamente. No quer\u00edamos provocar a la seguridad ni esperar su reacci\u00f3n\u201d, explicaron los belgas que ya hab\u00edan llevado a cabo con \u00e9xito una operaci\u00f3n similar en el Museo de Bellas Artes de Gante (B\u00e9lgica).<\/p>\n<p class=\"com-paragraph   --s\">Los medios franceses revelaron el suceso el mismo d\u00eda en que <a href=\"https:\/\/www.lanacion.com.ar\/agencias\/el-museo-del-louvre-cierra-oficinas-y-una-galeria-por-preocupaciones-de-fragilidad-estructural-nid17112025\/\" target=\"_self\" title=\"https:\/\/www.lanacion.com.ar\/agencias\/el-museo-del-louvre-cierra-oficinas-y-una-galeria-por-preocupaciones-de-fragilidad-estructural-nid17112025\/\" class=\"com-link break-word\" data-mrf-recirculation=\"n_link_parrafo\" rel=\"nofollow noopener\">el Museo del Louvre anunci\u00f3 el cierre de un espacio de oficinas y, por precauci\u00f3n, de una galer\u00eda de antig\u00fcedades griegas que se encuentra debajo, tras haber detectado problemas de fragilidad en algunas de las vigas de esa zona del edificio.<\/a><\/p>\n<p class=\"com-paragraph   --s\">El museo se encuentra en el ojo de la tormenta por sus problemas estructurales y sus deficiencias de seguridad. Las joyas de la Corona francesa todav\u00eda no pudieron ser recuperadas. <\/p>\n","protected":false},"excerpt":{"rendered":"En una nueva burla a la seguridad del museo Louvre, dos influencers belgas lograron colgar un cuadro con&hellip;\n","protected":false},"author":2,"featured_media":243494,"comment_status":"","ping_status":"","sticky":false,"template":"","format":"standard","meta":{"footnotes":""},"categories":[173],"tags":[229,7542,233,231,230,232,234,146,147,25,24,23],"class_list":{"0":"post-243493","1":"post","2":"type-post","3":"status-publish","4":"format-standard","5":"has-post-thumbnail","7":"category-arte-y-diseno","8":"tag-arte","9":"tag-arte-y-cultura","10":"tag-arte-y-diseno","11":"tag-arts","12":"tag-arts-and-design","13":"tag-design","14":"tag-diseno","15":"tag-entertainment","16":"tag-entretenimiento","17":"tag-es","18":"tag-espana","19":"tag-spain"},"share_on_mastodon":{"url":"https:\/\/pubeurope.com\/@es\/115572981560686791","error":""},"_links":{"self":[{"href":"https:\/\/www.europesays.com\/es\/wp-json\/wp\/v2\/posts\/243493","targetHints":{"allow":["GET"]}}],"collection":[{"href":"https:\/\/www.europesays.com\/es\/wp-json\/wp\/v2\/posts"}],"about":[{"href":"https:\/\/www.europesays.com\/es\/wp-json\/wp\/v2\/types\/post"}],"author":[{"embeddable":true,"href":"https:\/\/www.europesays.com\/es\/wp-json\/wp\/v2\/users\/2"}],"replies":[{"embeddable":true,"href":"https:\/\/www.europesays.com\/es\/wp-json\/wp\/v2\/comments?post=243493"}],"version-history":[{"count":0,"href":"https:\/\/www.europesays.com\/es\/wp-json\/wp\/v2\/posts\/243493\/revisions"}],"wp:featuredmedia":[{"embeddable":true,"href":"https:\/\/www.europesays.com\/es\/wp-json\/wp\/v2\/media\/243494"}],"wp:attachment":[{"href":"https:\/\/www.europesays.com\/es\/wp-json\/wp\/v2\/media?parent=243493"}],"wp:term":[{"taxonomy":"category","embeddable":true,"href":"https:\/\/www.europesays.com\/es\/wp-json\/wp\/v2\/categories?post=243493"},{"taxonomy":"post_tag","embeddable":true,"href":"https:\/\/www.europesays.com\/es\/wp-json\/wp\/v2\/tags?post=243493"}],"curies":[{"name":"wp","href":"https:\/\/api.w.org\/{rel}","templated":true}]}}