{"id":243503,"date":"2025-11-18T22:13:11","date_gmt":"2025-11-18T22:13:11","guid":{"rendered":"https:\/\/www.europesays.com\/es\/243503\/"},"modified":"2025-11-18T22:13:11","modified_gmt":"2025-11-18T22:13:11","slug":"reducir-las-brechas-en-el-diagnostico-de-cancer-de-pulmon-salva-vidas","status":"publish","type":"post","link":"https:\/\/www.europesays.com\/es\/243503\/","title":{"rendered":"Reducir las brechas en el diagn\u00f3stico de c\u00e1ncer de pulm\u00f3n salva vidas"},"content":{"rendered":"<p>Hoy martes, 17 de noviembre, se celebra el D\u00eda Mundial contra el C\u00e1ncer de Pulm\u00f3n. Una ocasi\u00f3n que A TU SALUD ha querido aprovechar para hablar con el jefe de Innovaci\u00f3n Terap\u00e9utica y Medicina de Precisi\u00f3n, Departamento de Oncolog\u00eda, del Hospital 12 de Octubre, de Madrid, Santiago Ponce, sobre las \u00faltimas investigaciones y los temas m\u00e1s urgentes relativos a este tipo de tumor, uno de los m\u00e1s prevalentes y que m\u00e1s muertes causa tanto en nuestro pa\u00eds como a nivel mundial.<\/p>\n<p><b>\u00bfQu\u00e9 reclamaciones considera m\u00e1s urgentes en este d\u00eda? <\/b><\/p>\n<p>Implantar ya un programa nacional de diagn\u00f3stico precoz con TAC de baja dosis para poblaci\u00f3n de alto riesgo, reforzar la lucha contra el tabaco (incluido el vapeo) con medidas efectivas y, finalmente, garantizar los tiempos m\u00e1ximos \u00absospecha-diagn\u00f3stico-tratamiento\u00bb homog\u00e9neos en todo el pa\u00eds. Se trata de tres decisiones de alto impacto inmediato y de una implantaci\u00f3n relativamente sencilla.<\/p>\n<p><b>Uno de los tipos de tumor de pulm\u00f3n con peor pron\u00f3stico es el de c\u00e9lula peque\u00f1a. \u00bfPor qu\u00e9 es as\u00ed?<\/b><\/p>\n<p>Porque es un tumor muy \u00abr\u00e1pido\u00bb: crece y se disemina pronto, responde al inicio pero recae con frecuencia y carece de dianas terap\u00e9uticas claras. Adem\u00e1s, su biolog\u00eda neuroendocrina y la alta carga mutacional explican esa agresividad.<\/p>\n<p><b>\u00bfQu\u00e9 incidencia tiene y qu\u00e9 tipo de pacientes encuentran en consulta?<\/b><\/p>\n<p>En Espa\u00f1a se estima que se producen unos 34.000 casos de c\u00e1ncer de pulm\u00f3n en 2025; de ellos, el c\u00e1ncer de pulm\u00f3n de c\u00e9lulas peque\u00f1as o microc\u00edtico supone alrededor del 13\u201315%. Predominan fumadores o exfumadores, a menudo mayores de 60 a\u00f1os, con comorbilidades asociadas al tabaquismo.<\/p>\n<p><b>En los \u00faltimos a\u00f1os se ha producido un incremento en el n\u00famero de casos entre las mujeres. \u00bfA qu\u00e9 cree que se debe este aumento?<\/b><\/p>\n<p>Es el reflejo del patr\u00f3n de tabaquismo femenino de d\u00e9cadas previas: empez\u00f3 m\u00e1s tarde que en hombres y ahora se traduce en m\u00e1s casos y mortalidad. En 2024, por primera vez, las muertes por pulm\u00f3n superaron a las de mama en mujeres en Espa\u00f1a.<\/p>\n<p><b>\u00bfQu\u00e9 barreras existen hoy para que los pacientes lleguen antes al diagn\u00f3stico o a tratamientos innovadores?<\/b><\/p>\n<p>La principal: no tenemos todav\u00eda programas de detecci\u00f3n precoz nacional con TAC de baja dosis. A esto a\u00f1ade s\u00edntomas inespec\u00edficos, diagn\u00f3stico tard\u00edo, y desigual acceso a ensayos y a circuitos r\u00e1pidos seg\u00fan comunidad. Reducir esas brechas salva vidas.<\/p>\n<blockquote class=\"blockquote\">\n<p class=\"blockquote__quote\">\u00abEl grupo que hasta ahora carec\u00eda de opci\u00f3n eficaz de mantenimiento tiene una oportunidad\u00bb<\/p>\n<\/blockquote>\n<p><b>La buena noticia es que este a\u00f1o, precisamente, se ha presentado en el Congreso Americano de Oncolog\u00eda M\u00e9dica (ASCO) el estudio IMforte, y la Agencia Americana del Medicamento (FDA) ha aprobado un f\u00e1rmaco espa\u00f1ol en combinaci\u00f3n con inmunoterapia frente a este tumor. \u00bfQu\u00e9 supone este avance?<\/b><\/p>\n<p>Por primera vez, un mantenimiento de primera l\u00ednea con un f\u00e1rmaco espa\u00f1ol e inmunoterapia mejora la supervivencia y el control de la enfermedad en esta enfermedad, y la FDA (agencia norteamericana) lo ha aprobado por este motivo. Es un cambio de est\u00e1ndar que impacta en la supervivencia de los pacientes<\/p>\n<p><b>\u00bfCu\u00e1ntas personas podr\u00edan beneficiarse de ello?<\/b><\/p>\n<p>Un n\u00famero nada desde\u00f1able de personas con c\u00e1ncer de pulm\u00f3n de c\u00e9lula peque\u00f1a en estadio extendido, es decir, en torno a unos 1.800 pacientes podr\u00edan beneficiarse. El impacto se ver\u00e1 en el total de pacientes tratados cada a\u00f1o; lo esencial es que este grupo, que hasta ahora carec\u00eda de una opci\u00f3n de mantenimiento eficaz, por fin tiene una oportunidad real de prolongar el control de la enfermedad.<\/p>\n<p><b>El laboratorio farmac\u00e9utico PharmaMar ha lanzado recientemente la campa\u00f1a Small Things Matter. Seg\u00fan su experiencia, \u00bfcu\u00e1les son las \u00abpeque\u00f1as cosas\u00bb que son importantes para los pacientes m\u00e1s all\u00e1 de los resultados?<\/b><\/p>\n<p>Seg\u00fan PharmaMar, el lema pone el foco en enfermedades minoritarias o con menos opciones, para darles visibilidad y mejorar su supervivencia. En esa l\u00ednea, 2SMALL, es el nombre de un estudio acad\u00e9mico dise\u00f1ado y hecho en nuestro pa\u00eds, que defini\u00f3 el esquema de tratamiento que IMforte ha validado, marcando que un peque\u00f1o estudio iniciado en un centro acad\u00e9mico puede mejorar la supervivencia de nuestros pacientes. En lo cotidiano, lo decisivo es la rapidez y la continuidad: cada d\u00eda que pasa desde la sospecha cuenta, y los itinerarios deben ser claros con equipos bien coordinados. Explicar con claridad y realismo los objetivos, poniendo a la persona en el centro y manteniendo siempre abierta la mirada, desde el inicio del diagn\u00f3stico, la opci\u00f3n de participar en ensayos cl\u00ednicos para continuar mejorando la calidad de vida y supervivencia de nuestros pacientes.<\/p>\n","protected":false},"excerpt":{"rendered":"Hoy martes, 17 de noviembre, se celebra el D\u00eda Mundial contra el C\u00e1ncer de Pulm\u00f3n. Una ocasi\u00f3n que&hellip;\n","protected":false},"author":2,"featured_media":243504,"comment_status":"","ping_status":"","sticky":false,"template":"","format":"standard","meta":{"footnotes":""},"categories":[92],"tags":[25,24,165,166,23],"class_list":{"0":"post-243503","1":"post","2":"type-post","3":"status-publish","4":"format-standard","5":"has-post-thumbnail","7":"category-salud","8":"tag-es","9":"tag-espana","10":"tag-health","11":"tag-salud","12":"tag-spain"},"share_on_mastodon":{"url":"https:\/\/pubeurope.com\/@es\/115573005043407350","error":""},"_links":{"self":[{"href":"https:\/\/www.europesays.com\/es\/wp-json\/wp\/v2\/posts\/243503","targetHints":{"allow":["GET"]}}],"collection":[{"href":"https:\/\/www.europesays.com\/es\/wp-json\/wp\/v2\/posts"}],"about":[{"href":"https:\/\/www.europesays.com\/es\/wp-json\/wp\/v2\/types\/post"}],"author":[{"embeddable":true,"href":"https:\/\/www.europesays.com\/es\/wp-json\/wp\/v2\/users\/2"}],"replies":[{"embeddable":true,"href":"https:\/\/www.europesays.com\/es\/wp-json\/wp\/v2\/comments?post=243503"}],"version-history":[{"count":0,"href":"https:\/\/www.europesays.com\/es\/wp-json\/wp\/v2\/posts\/243503\/revisions"}],"wp:featuredmedia":[{"embeddable":true,"href":"https:\/\/www.europesays.com\/es\/wp-json\/wp\/v2\/media\/243504"}],"wp:attachment":[{"href":"https:\/\/www.europesays.com\/es\/wp-json\/wp\/v2\/media?parent=243503"}],"wp:term":[{"taxonomy":"category","embeddable":true,"href":"https:\/\/www.europesays.com\/es\/wp-json\/wp\/v2\/categories?post=243503"},{"taxonomy":"post_tag","embeddable":true,"href":"https:\/\/www.europesays.com\/es\/wp-json\/wp\/v2\/tags?post=243503"}],"curies":[{"name":"wp","href":"https:\/\/api.w.org\/{rel}","templated":true}]}}