{"id":243505,"date":"2025-11-18T22:14:15","date_gmt":"2025-11-18T22:14:15","guid":{"rendered":"https:\/\/www.europesays.com\/es\/243505\/"},"modified":"2025-11-18T22:14:15","modified_gmt":"2025-11-18T22:14:15","slug":"el-suicidio-simultaneo-que-ha-conmocionado-a-alemania-e-italia","status":"publish","type":"post","link":"https:\/\/www.europesays.com\/es\/243505\/","title":{"rendered":"el suicidio simult\u00e1neo que ha conmocionado a Alemania e Italia"},"content":{"rendered":"<p>Las hermanas Alice y Ellen Kessler han vuelto a aparecer en escena como vivieron: sincronizadas, disciplinadas y convertidas en s\u00edmbolo. Las gemelas m\u00e1s c\u00e9lebres de la televisi\u00f3n italiana han fallecido a los 89 a\u00f1os en su residencia de Gr\u00fcnwald, a las afueras de M\u00fanich, tras recurrir a un suicidio asistido. Su muerte conjunta, confirmada por la Asociaci\u00f3n Alemana para una Muerte Digna (DGHS), ha provocado <strong>una intensa ola de reacciones en Italia<\/strong>, donde las artistas formaron parte de la memoria televisiva desde los a\u00f1os 60.<\/p>\n<p>Nada en el \u00faltimo acto de las Kessler ha sido improvisado. <strong>Viv\u00edan juntas desde hace d\u00e9cadas<\/strong> y, seg\u00fan la DGHS, llevaban a\u00f1os en contacto con la organizaci\u00f3n. Eran miembros desde hac\u00eda m\u00e1s de seis meses y hab\u00edan expresado en distintas ocasiones su voluntad de elegir una \u00abmuerte dulce\u00bb cuando llegara el momento.<\/p>\n<p>Autorizado en Alemania desde 2020<\/p>\n<p>La polic\u00eda b\u00e1vara acudi\u00f3 a la vivienda al mediod\u00eda del lunes. Solo pudo certificar el fallecimiento y descartar la intervenci\u00f3n de terceros. Seg\u00fan el protocolo descrito por la DGHS, <strong>el proceso se realiz\u00f3 a trav\u00e9s de una inyecci\u00f3n intravenosa de tiopental<\/strong>, un anest\u00e9sico de alta dosificaci\u00f3n que provoca un r\u00e1pido colapso cardiorrespiratorio. La persona debe abrir por s\u00ed misma la preparaci\u00f3n antes de la administraci\u00f3n. En su caso, las dos hermanas se habr\u00edan \u00absimplemente dormido\u00bb.<\/p>\n<p>La legislaci\u00f3n alemana permite este tipo de asistencia desde 2020, cuando el Tribunal Constitucional anul\u00f3 la prohibici\u00f3n previa y <strong>reconoci\u00f3 el derecho al suicidio asistido como una extensi\u00f3n de la autodeterminaci\u00f3n personal<\/strong>. Desde entonces, el pa\u00eds opera en un terreno sin regulaci\u00f3n definitiva: la eutanasia sigue siendo ilegal, y el Parlamento no ha logrado consensuar un marco espec\u00edfico que delimite el trabajo de las asociaciones de acompa\u00f1amiento al morir.<\/p>\n<p>De la RDA a Italia<\/p>\n<p>Nacidas en 1936 en Nerchau, en la antigua Alemania del Este, Alice y Ellen crecieron entre la disciplina de ballet y las ambiciones art\u00edsticas moldeadas por sus padres. Con 18 a\u00f1os emigraron a Alemania Occidental y pronto destacaron en escenarios y plat\u00f3s. Su gran salto lleg\u00f3<strong> en 1959, cuando representaron a Alemania Occidental en Eurovisi\u00f3n con Esta noche queremos ir a bailar<\/strong>. Obtuvieron un octavo puesto, pero ganaron una visibilidad que les abri\u00f3 el siguiente cap\u00edtulo.<\/p>\n<p><img loading=\"lazy\" decoding=\"async\" width=\"458\" height=\"660\" src=\"data:image\/svg+xml,%3Csvg%20xmlns=\" http:=\"\" alt=\"La portada de 'Playboy' protagonizada por las hermanas Kessler.\" class=\"wp-image-4349805\" data-lazy- data-lazy- data-lazy-src=\"https:\/\/www.europesays.com\/es\/wp-content\/uploads\/2025\/11\/playboy-kessler-458x660.jpg\"\/>La portada de &#8216;Playboy&#8217; protagonizada por las hermanas Kessler.<\/p>\n<p>Ese cap\u00edtulo fue Italia. A partir de 1960, Mil\u00e1n y Roma se convirtieron en su territorio natural: <strong>programas de variedades, cine, cabar\u00e9<\/strong> y una est\u00e9tica que encaj\u00f3 en la construcci\u00f3n medi\u00e1tica de la Dolce Vita. All\u00ed se consolidaron como iconos televisivos y como un espejo pop de la Alemania reconstruida del milagro econ\u00f3mico. A los 40 a\u00f1os <strong>protagonizaron la portada italiana de Playboy<\/strong>, convertida entonces en la m\u00e1s vendida de la historia de la revista en el pa\u00eds.<\/p>\n<p>Un testamento solidario<\/p>\n<p>Su fama nunca funcion\u00f3 por separado. Tampoco su legado. En su libro de memorias explicaron con precisi\u00f3n su destino patrimonial, elaborado en un testamento firmado hace dos d\u00e9cadas: <strong>no ten\u00edan hijos ni sobrinos, de modo que sus bienes se repartir\u00e1n entre varias organizaciones<\/strong> \u2013M\u00e9dicos sin Fronteras, la Misi\u00f3n Christoffel para ciegos, Gut Aiderbichl, Unicef y los Malteser\u2013. Tambi\u00e9n dejaron claro d\u00f3nde quer\u00edan descansar: juntas, en una \u00fanica urna, <strong>cerca de su madre Elsa y de su perro Yolli<\/strong>.<\/p>\n<p>Italia, que las convirti\u00f3 en parte de su paisaje cultural durante medio siglo, ha recibido la noticia con la mezcla de nostalgia y desconcierto que acompa\u00f1a a las figuras que envejecen en silencio pero siguen ocupando una esquina estable de la memoria colectiva. Las Kessler eligieron su final con la misma precisi\u00f3n con la que preparaban sus coreograf\u00edas. Y han vuelto a dejar una imagen final indisoluble: <strong>dos vidas paralelas que decidieron no romper su simetr\u00eda ni siquiera en el \u00faltimo gesto<\/strong>.<\/p>\n<p>PUBLICIDAD<\/p>\n","protected":false},"excerpt":{"rendered":"Las hermanas Alice y Ellen Kessler han vuelto a aparecer en escena como vivieron: sincronizadas, disciplinadas y convertidas&hellip;\n","protected":false},"author":2,"featured_media":243506,"comment_status":"","ping_status":"","sticky":false,"template":"","format":"standard","meta":{"footnotes":""},"categories":[91],"tags":[146,147,25,24,628,185,23,807],"class_list":{"0":"post-243505","1":"post","2":"type-post","3":"status-publish","4":"format-standard","5":"has-post-thumbnail","7":"category-entretenimiento","8":"tag-entertainment","9":"tag-entretenimiento","10":"tag-es","11":"tag-espana","12":"tag-italia","13":"tag-musica","14":"tag-spain","15":"tag-television"},"share_on_mastodon":{"url":"https:\/\/pubeurope.com\/@es\/115573008852165896","error":""},"_links":{"self":[{"href":"https:\/\/www.europesays.com\/es\/wp-json\/wp\/v2\/posts\/243505","targetHints":{"allow":["GET"]}}],"collection":[{"href":"https:\/\/www.europesays.com\/es\/wp-json\/wp\/v2\/posts"}],"about":[{"href":"https:\/\/www.europesays.com\/es\/wp-json\/wp\/v2\/types\/post"}],"author":[{"embeddable":true,"href":"https:\/\/www.europesays.com\/es\/wp-json\/wp\/v2\/users\/2"}],"replies":[{"embeddable":true,"href":"https:\/\/www.europesays.com\/es\/wp-json\/wp\/v2\/comments?post=243505"}],"version-history":[{"count":0,"href":"https:\/\/www.europesays.com\/es\/wp-json\/wp\/v2\/posts\/243505\/revisions"}],"wp:featuredmedia":[{"embeddable":true,"href":"https:\/\/www.europesays.com\/es\/wp-json\/wp\/v2\/media\/243506"}],"wp:attachment":[{"href":"https:\/\/www.europesays.com\/es\/wp-json\/wp\/v2\/media?parent=243505"}],"wp:term":[{"taxonomy":"category","embeddable":true,"href":"https:\/\/www.europesays.com\/es\/wp-json\/wp\/v2\/categories?post=243505"},{"taxonomy":"post_tag","embeddable":true,"href":"https:\/\/www.europesays.com\/es\/wp-json\/wp\/v2\/tags?post=243505"}],"curies":[{"name":"wp","href":"https:\/\/api.w.org\/{rel}","templated":true}]}}