{"id":243508,"date":"2025-11-18T22:17:08","date_gmt":"2025-11-18T22:17:08","guid":{"rendered":"https:\/\/www.europesays.com\/es\/243508\/"},"modified":"2025-11-18T22:17:08","modified_gmt":"2025-11-18T22:17:08","slug":"el-presidente-de-ecuador-cambia-a-medio-gabinete-tras-su-debacle-en-el-referendum","status":"publish","type":"post","link":"https:\/\/www.europesays.com\/es\/243508\/","title":{"rendered":"El presidente de Ecuador cambia a medio Gabinete tras su debacle en el refer\u00e9ndum"},"content":{"rendered":"<p>  Por&amp;nbsp<a href=\"https:\/\/es.euronews.com\/perfiles\/3518\" rel=\"nofollow noopener\" target=\"_blank\">Rafael Salido<\/a>&amp;nbspcon&amp;nbsp<b>AP<\/b><\/p>\n<p>\n                    Publicado                 18\/11\/2025 &#8211; 22:52 CET<br \/>\n                \u2022Ultima actualizaci\u00f3n<br \/>\n                                     23:00\n                                        <\/p>\n<p>El presidente ecuatoriano Daniel Noboa dispuso el martes cambios en seis de los 14 ministerios nacionales luego de <a href=\"https:\/\/es.euronews.com\/2025\/11\/17\/reves-noboa-ecuador-rechaza-referendum-bases-militares-extranjeras-constitucion-reforma\" rel=\"nofollow noopener\" target=\"_blank\">la derrota en el refer\u00e9ndum<\/a> propuesto por el Ejecutivo que buscaba la convocatoria a una Asamblea Constituyente <strong>para modificar la Carta Magna<\/strong> y la instalaci\u00f3n de bases militares extranjeras en el pa\u00eds. <\/p>\n<p>En un comunicado, la presidencia se\u00f1al\u00f3 que \u00abcon el objetivo de <strong>fortalecer la gesti\u00f3n p\u00fablica,<\/strong> el primer mandatario&#8230; ha dispuesto una serie de ajustes en el Gabinete\u00bb.<\/p>\n<p>Detall\u00f3 que quedaron fuera de sus cargos <strong>los ministros de Gobierno, de Desarrollo Humano, de Trabajo, de Salud, de Agricultura y de Educaci\u00f3n<\/strong>, y adicionalmente el titular de la Secretar\u00eda de Gesti\u00f3n de Riesgos. De inmediato anunci\u00f3 a sus reemplazos. La vocera presidencial, <strong>Carolina Jaramillo<\/strong>, <a href=\"https:\/\/x.com\/CarolJaramilloG\/status\/1990829996664066456\" target=\"_blank\" rel=\"noreferrer nofollow\">inform\u00f3<\/a> en X DE su renuncia, que fue aceptada poco despu\u00e9s por la Presidencia.<\/p>\n<p>Casi el 62% de los votantes del refer\u00e9ndum en <a href=\"https:\/\/es.euronews.com\/tag\/ecuador\" rel=\"nofollow noopener\" target=\"_blank\">Ecuador<\/a> rechazaron la instalaci\u00f3n de la Constituyente y <strong>m\u00e1s del 60% se opusieron a las bases militares extranjeras<\/strong>. En las otras dos propuestas planteadas en la consulta -eliminar el financiamiento p\u00fablico a los partidos pol\u00edticos y reducir la cantidad de miembros del Congreso- tambi\u00e9n gan\u00f3 ampliamente el \u00abno\u00bb.<\/p>\n<p>Tras el resultado, Noboa <a href=\"https:\/\/x.com\/DanielNoboaOk\/status\/1990242162236154350\" target=\"_blank\" rel=\"noreferrer nofollow\">reconoci\u00f3<\/a> en X el rechazo popular y dijo que \u00abrespetamos la voluntad del pueblo&#8230; seguiremos luchando sin descanso por el pa\u00eds que ustedes merecen con las herramientas que tenemos\u00bb.<\/p>\n","protected":false},"excerpt":{"rendered":"Por&amp;nbspRafael Salido&amp;nbspcon&amp;nbspAP Publicado 18\/11\/2025 &#8211; 22:52 CET \u2022Ultima actualizaci\u00f3n 23:00 El presidente ecuatoriano Daniel Noboa dispuso el martes&hellip;\n","protected":false},"author":2,"featured_media":243509,"comment_status":"","ping_status":"","sticky":false,"template":"","format":"standard","meta":{"footnotes":""},"categories":[42],"tags":[17,18,2622,13,14,582,11,61,62,63,64,19,20,9,10,15,16,952,61870,12,21,22,65,66,67],"class_list":{"0":"post-243508","1":"post","2":"type-post","3":"status-publish","4":"format-standard","5":"has-post-thumbnail","7":"category-internacional","8":"tag-breaking-news","9":"tag-breakingnews","10":"tag-ecuador","11":"tag-featured-news","12":"tag-featurednews","13":"tag-gobierno","14":"tag-headlines","15":"tag-internacional","16":"tag-international","17":"tag-international-news","18":"tag-internationalnews","19":"tag-latest-news","20":"tag-latestnews","21":"tag-news","22":"tag-noticias","23":"tag-noticias-destacadas","24":"tag-noticiasdestacadas","25":"tag-politica","26":"tag-referendum","27":"tag-titulares","28":"tag-ultimas-noticias","29":"tag-ultimasnoticias","30":"tag-world","31":"tag-world-news","32":"tag-worldnews"},"share_on_mastodon":{"url":"https:\/\/pubeurope.com\/@es\/115573020782680796","error":""},"_links":{"self":[{"href":"https:\/\/www.europesays.com\/es\/wp-json\/wp\/v2\/posts\/243508","targetHints":{"allow":["GET"]}}],"collection":[{"href":"https:\/\/www.europesays.com\/es\/wp-json\/wp\/v2\/posts"}],"about":[{"href":"https:\/\/www.europesays.com\/es\/wp-json\/wp\/v2\/types\/post"}],"author":[{"embeddable":true,"href":"https:\/\/www.europesays.com\/es\/wp-json\/wp\/v2\/users\/2"}],"replies":[{"embeddable":true,"href":"https:\/\/www.europesays.com\/es\/wp-json\/wp\/v2\/comments?post=243508"}],"version-history":[{"count":0,"href":"https:\/\/www.europesays.com\/es\/wp-json\/wp\/v2\/posts\/243508\/revisions"}],"wp:featuredmedia":[{"embeddable":true,"href":"https:\/\/www.europesays.com\/es\/wp-json\/wp\/v2\/media\/243509"}],"wp:attachment":[{"href":"https:\/\/www.europesays.com\/es\/wp-json\/wp\/v2\/media?parent=243508"}],"wp:term":[{"taxonomy":"category","embeddable":true,"href":"https:\/\/www.europesays.com\/es\/wp-json\/wp\/v2\/categories?post=243508"},{"taxonomy":"post_tag","embeddable":true,"href":"https:\/\/www.europesays.com\/es\/wp-json\/wp\/v2\/tags?post=243508"}],"curies":[{"name":"wp","href":"https:\/\/api.w.org\/{rel}","templated":true}]}}