{"id":243512,"date":"2025-11-18T22:19:18","date_gmt":"2025-11-18T22:19:18","guid":{"rendered":"https:\/\/www.europesays.com\/es\/243512\/"},"modified":"2025-11-18T22:19:18","modified_gmt":"2025-11-18T22:19:18","slug":"el-organigrama-hallado-por-la-uco-de-dirigentes-del-psoe-de-aragon-a-los-despachos-clave-de-la-dga-de-lamban-hoy-aragon","status":"publish","type":"post","link":"https:\/\/www.europesays.com\/es\/243512\/","title":{"rendered":"El organigrama hallado por la UCO: de dirigentes del PSOE de Arag\u00f3n a los despachos clave de la DGA de Lamb\u00e1n &#8211; hoy arag\u00f3n"},"content":{"rendered":"<ol>\n<li><a href=\"https:\/\/news.google.com\/rss\/articles\/CBMitAFBVV95cUxOVjQ0X2hGTXlmZERCTGJRQkVrcS1nMXFZNTlrQmpCVGhNOFNDWkVvakJ4aEdFRlhzTXlXamY4ZTBfUy1jaFV0SXFiam1Oc3JfUGxvbG8zOTZoVzFUZUJkSVF3dHNTdjdza1JISndxQWRqZThLVzZVSjBXU3pNdmpKWVFKMTdjSl9qaFZvSWhMRHVTSGVfa0JfV1J5VmNjbERVMmozR2xPWmstU2ZiRHQyV0NHTDc?oc=5\" target=\"_blank\" rel=\"nofollow noopener\">El organigrama hallado por la UCO: de dirigentes del PSOE de Arag\u00f3n a los despachos clave de la DGA de Lamb\u00e1n<\/a>&nbsp;&nbsp;hoy arag\u00f3n<\/li>\n<li><a href=\"https:\/\/news.google.com\/rss\/articles\/CBMi4AFBVV95cUxQdmdHV2pXS0VXZlFheU5GTzMyMzhZakF2NkFUbFozVTlCVFMxeTc4VERYeXNwUGVSLTE1TjJrNFVEblR2dXBWakU2LTFHMnZNZjJBZjFvT3o4RmNYNFA5ak9jOHEzcGJDS0szY1o3MDZQTVVYandOVEp0WTRrZC12WDVfNmJXdzZibVl1WEJEV2VPUEM0UE50RnpIdU5aaWlPdFVJVjNPaHNWNTlZSXZpdmlGY1lXVmFMNlA1TGp2bG16dGdiZVBrM093cFNoYlpRWE5SOG9tWEEzYm1HRkllcg?oc=5\" target=\"_blank\" rel=\"nofollow noopener\">La UCO revela contactos de la trama Koldo con el PSOE-Arag\u00f3n para la Mina Muga<\/a>&nbsp;&nbsp;heraldo.es<\/li>\n<li><a href=\"https:\/\/news.google.com\/rss\/articles\/CBMisAFBVV95cUxNamdDWXN6LXRreGlPRTJlMFJPMW1HTFFXTHZoY1l2ejUwQklrX0U0RFlfdkliNXpjS25fWWEyM0stWFVpX1pKVFBfSW5aTzdYOFViZEo1YzdyLUJjZ01DY05abWtDZC1Pa0RPbGdjRmFuTXRiNzAySl91SkFrWUNSVGVnWGhQU1Z4U3llQ1k4QTBjYU5UVG9JUEJ5bVJ1ZWxjRzFKSW54Q09WRElQdTk3MQ?oc=5\" target=\"_blank\" rel=\"nofollow noopener\">Informativo Arag\u00f3n 19:50 &#8211; 18-11\/25<\/a>&nbsp;&nbsp;RTVE.es<\/li>\n<li><a href=\"https:\/\/news.google.com\/rss\/articles\/CBMiogFBVV95cUxOQU1kbGF5b3Y4X01OS1pkdkpDcTJZWkhjblBESHJQZHJiUTkwazN5SjBSTkdxOUNDc0s4Y3RhY25Xa0d5MDkzby1hQ2JmajRQOFIxLXh6b1Znb3p3bXJoWEhRWS1Yanl0STlLbDV4eFpCUE4xVkR1NXVzWUkwZ1JJYm1XSGtlbHhvWGRVdVBXMEZhY0E4Y3dCWVJLN0J6OGNlb3c?oc=5\" target=\"_blank\" rel=\"nofollow noopener\">Koldo, a Lamb\u00e1n y por qu\u00e9 la trama salpica por entero al PSOE aragon\u00e9s: \u00ab\u00a1Mil gracias, Javier! \u00a1Estoy a tu disposici\u00f3n!\u00bb<\/a>&nbsp;&nbsp;ABC<\/li>\n<li><a href=\"https:\/\/news.google.com\/rss\/articles\/CBMi9AFBVV95cUxPVFpyUFdQUjJBRmc4SmswQ2FQVF9MQVduR1NjMU9VT3ozMUZHcXptVVo1b0V6Vmg2QVZzSUZXY0hKQXJGREUzaVRCMWIzWGpWVE1FZFZYVUllYzVSdnVHNFRublB5b2U3Vi1wNzlGN1JnNDRHSHFWQVBuVXlQV2x5cmk3cG5yZDhSYjlvT29iWDlNOEg0NU5pX3dKUzQ4LWtadkZSdkQ3bzZ0RXhaSzF0ZHVWS3ZOcmw1cG11emJMSWVLMDZKbHJjSVFOaTZ3WTFiUU1oRjhXVlprWEZTUGN3UTR6LUlzTm5OY0xJWTZETnZaSGFX0gH6AUFVX3lxTE1WR3Z0clpJVV9PQ3ZYZnJiN2FjQWZMVzU1WDJoSFg0cE5NOEJRT1JxTTlCS1JPdkNQSHctak04SWNrcjl1eXlUSTIycVZPZ2xZeUgzQnNNNGw1TjVFSVRieGlNY0pGVW80bTZ2UUtDamMtRkVpVC1kbEFoLTFSbS0ydHFQYmppWTZ6LXZKZmp6cWZSVUF6NzF5bFFkV1lWVTFmMjZuOXdKcU5PN1AwUGpwTHhOSWk5SlFOX1pBRVN6RDd3S19oM0tHNnlQVU5TdWlzRndyTS1BOXVSSzZDLTZBUU9OTFF5YTl3c0swNm82eDhIbzdvSS1BZEE?oc=5\" target=\"_blank\" rel=\"nofollow noopener\">El presidente de la Diputaci\u00f3n de Zaragoza niega cualquier vinculaci\u00f3n con la &#8216;trama Cerd\u00e1n&#8217;: dice estar \u00abestupefacto\u00bb<\/a>&nbsp;&nbsp;El Espa\u00f1ol<\/li>\n<\/ol>\n","protected":false},"excerpt":{"rendered":"El organigrama hallado por la UCO: de dirigentes del PSOE de Arag\u00f3n a los despachos clave de la&hellip;\n","protected":false},"author":2,"featured_media":243513,"comment_status":"","ping_status":"","sticky":false,"template":"","format":"standard","meta":{"footnotes":""},"categories":[5],"tags":[17,18,25,24,13,14,11,19,20,9,10,15,16,62447,23,12,2155,21,22],"class_list":{"0":"post-243512","1":"post","2":"type-post","3":"status-publish","4":"format-standard","5":"has-post-thumbnail","7":"category-titulares","8":"tag-breaking-news","9":"tag-breakingnews","10":"tag-es","11":"tag-espana","12":"tag-featured-news","13":"tag-featurednews","14":"tag-headlines","15":"tag-latest-news","16":"tag-latestnews","17":"tag-news","18":"tag-noticias","19":"tag-noticias-destacadas","20":"tag-noticiasdestacadas","21":"tag-psoe-aragon","22":"tag-spain","23":"tag-titulares","24":"tag-uco","25":"tag-ultimas-noticias","26":"tag-ultimasnoticias"},"share_on_mastodon":{"url":"https:\/\/pubeurope.com\/@es\/115573028470248781","error":""},"_links":{"self":[{"href":"https:\/\/www.europesays.com\/es\/wp-json\/wp\/v2\/posts\/243512","targetHints":{"allow":["GET"]}}],"collection":[{"href":"https:\/\/www.europesays.com\/es\/wp-json\/wp\/v2\/posts"}],"about":[{"href":"https:\/\/www.europesays.com\/es\/wp-json\/wp\/v2\/types\/post"}],"author":[{"embeddable":true,"href":"https:\/\/www.europesays.com\/es\/wp-json\/wp\/v2\/users\/2"}],"replies":[{"embeddable":true,"href":"https:\/\/www.europesays.com\/es\/wp-json\/wp\/v2\/comments?post=243512"}],"version-history":[{"count":0,"href":"https:\/\/www.europesays.com\/es\/wp-json\/wp\/v2\/posts\/243512\/revisions"}],"wp:featuredmedia":[{"embeddable":true,"href":"https:\/\/www.europesays.com\/es\/wp-json\/wp\/v2\/media\/243513"}],"wp:attachment":[{"href":"https:\/\/www.europesays.com\/es\/wp-json\/wp\/v2\/media?parent=243512"}],"wp:term":[{"taxonomy":"category","embeddable":true,"href":"https:\/\/www.europesays.com\/es\/wp-json\/wp\/v2\/categories?post=243512"},{"taxonomy":"post_tag","embeddable":true,"href":"https:\/\/www.europesays.com\/es\/wp-json\/wp\/v2\/tags?post=243512"}],"curies":[{"name":"wp","href":"https:\/\/api.w.org\/{rel}","templated":true}]}}