{"id":243514,"date":"2025-11-18T22:24:15","date_gmt":"2025-11-18T22:24:15","guid":{"rendered":"https:\/\/www.europesays.com\/es\/243514\/"},"modified":"2025-11-18T22:24:15","modified_gmt":"2025-11-18T22:24:15","slug":"ferrer-mi-momento-mas-duro-como-seleccionador-fue-la-derrota-en-malaga-ante-paises-bajos","status":"publish","type":"post","link":"https:\/\/www.europesays.com\/es\/243514\/","title":{"rendered":"Ferrer: \u00abMi momento m\u00e1s duro como seleccionador fue la derrota en M\u00e1laga ante Pa\u00edses Bajos\u00bb"},"content":{"rendered":"<p class=\"quota-display text-align-center\">\n        <a href=\"https:\/\/www.puntodebreak.com\/MDBA-B3-PDB-QUOTA-25\" rel=\"sponsored nofollow noopener\" title=\"Apuesta en bet365\" target=\"_blank\"><\/p>\n<p>            <img decoding=\"async\" alt=\"Bet365\" class=\"bet-logo lazyload\" loading=\"lazy\" src=\"https:\/\/www.europesays.com\/es\/wp-content\/uploads\/2025\/11\/1763064671_246_b365.jpg\"\/>Streaming UTR Pro Ithaca en directo<\/p>\n<p> \ud83c\udfbe David Saye vs Jose Catala<\/p>\n<ol class=\"stream-card__steps\">\n<li>Entra aqu\u00ed y reg\u00edstrate en Bet365<\/li>\n<li>Haz tu primer dep\u00f3sito de m\u00ednimo 5\u00a0\u20ac<\/li>\n<li>Entra en la secci\u00f3n \u00abDirecto\u00bb y ve todos los partidos<\/li>\n<\/ol>\n<p>\n                                Ver partido en Bet365\n                            <\/p>\n<p>        <\/a>\n      <\/p>\n<p class=\"text-align-justify\"><a href=\"https:\/\/www.puntodebreak.com\/tag\/david-ferrer\" rel=\"nofollow noopener\" target=\"_blank\"><strong>David Ferrer<\/strong><\/a> <strong>(J\u00e1vea, Alicante, 2 de abril de 1982)<\/strong> no pierde jam\u00e1s la serenidad. Su presencia es magn\u00e9tica, exude tranquilidad y convicci\u00f3n y arropa a sus pupilos de manera que resulta imposible discutir su liderazgo. No est\u00e1n siendo horas f\u00e1ciles para el seleccionador nacional: su n\u00famero uno del mundo y gran baza para triunfar en Bolonia, <strong>Carlos Alcaraz<\/strong>, decidi\u00f3 en un corto periodo de tiempo que la lesi\u00f3n sufrida en Tur\u00edn le impedir\u00e1 defender los colores de la selecci\u00f3n nacional, un duro varapalo que todav\u00eda parece estar siendo asimilado.<\/p>\n<p class=\"text-align-justify\">Sin embargo, conforme la conversaci\u00f3n avanza, <strong>David Ferrer cree<\/strong>. Cree porque tiene a su disposici\u00f3n a un grupo de guerreros con f\u00e9 ciega en su mando, porque Espa\u00f1a viene de remontar una eliminatoria casi imposible frente a <strong>Dinamarca<\/strong> y porque en estas Finales de <a href=\"https:\/\/www.puntodebreak.com\/tenis\/copa-davis-2025\" rel=\"nofollow noopener\" target=\"_blank\"><strong>Copa Davis 2025<\/strong><\/a>, todo parece extremadamente igualado. No est\u00e1 Carlos, pero tampoco <strong>Sinner o Musetti<\/strong>&#8230; y la selecci\u00f3n cuenta con bazas escondidas en puntos claves, como la vuelta de un <a href=\"https:\/\/en.wikipedia.org\/wiki\/Marcel_Granollers\" rel=\"nofollow noopener\" target=\"_blank\"><strong>Marcel Granollers<\/strong><\/a> con dos Grand Slams a sus espaldas esta temporada en el circuito de dobles.<\/p>\n<p class=\"text-align-justify\">A pesar de la pol\u00e9mica por la ausencia de<strong> Alejandro Davidovich<\/strong> y la ca\u00edda a \u00faltima hora de Carlos, Ferrer incide en el alma de una selecci\u00f3n que hace grupo desde el vestuario, que recupera el esp\u00edritu de la Copa Davis de toda la vida (aquella en la que los supuestos secundarios se convert\u00edan en gigantes) y que afronta desde ya uno de sus retos m\u00e1s exigentes desde su inicio en la capitan\u00eda. Un reto, la <strong>Rep\u00fablica Checa<\/strong> de Lehecka y Mensik, y un sue\u00f1o: levantar, a pesar del supuesto pesimismo de la afici\u00f3n, una nueva Ensaladera. Nadie mejor que \u00e9l, en entrevista para <strong>Puntodebreak<\/strong> desde <strong>Bolonia<\/strong>, para profundizar en un escenario de reivindicaci\u00f3n y muchas ganas de ganar.<\/p>\n<p class=\"text-align-justify\"><strong>CN: David, tengo la sensaci\u00f3n de que en la rueda de prensa has ido de menos a m\u00e1s, acabando cada vez m\u00e1s animado. La baja de Alcaraz, entiendo, es un palo importante, pero, \u00bfc\u00f3mo ha cambiado tu mentalidad y tu \u00e1nimo desde ayer por la noche hasta ahora mismo, en estos momentos?\u00a0<\/strong><\/p>\n<p class=\"text-align-justify\"><strong>DF<\/strong>: Ha cambiado. Ha cambiado, obviamente. Ayer fue un d\u00eda duro. Claro, Carlos vino y en un principio pens\u00e1bamos que s\u00ed, que iba a poder estar, luego se hizo la resonancia y ya hablando con el doctor, con \u00c1ngel Cotorro, \u00e9l ya me dijo que no iba a ser f\u00e1cil. Hablamos de un jugador muy importante, el n\u00famero uno del mundo y alguien que yo sab\u00eda que, en cierto modo, lo necesitamos para ganar la Copa Davis\u2026 y no puede estar con nosotros. Fue duro, pero esta ma\u00f1ana ya ha sido diferente. Yo siempre he cre\u00eddo que este tipo de problemas los proceso bien: a medida que pasan las horas, ah\u00ed ves qu\u00e9 soluciones puedes tomar. Adem\u00e1s, veo entrenando muy bien a mis jugadores. Est\u00e1n muy, muy ilusionados y eso me da confianza, porque con este formato tambi\u00e9n es verdad que todo se iguala m\u00e1s. Conf\u00edo, conf\u00edo, conf\u00edo. Hoy conf\u00edo, ma\u00f1ana m\u00e1s y el jueves estar\u00e9 motivad\u00edsimo (sonr\u00ede) Mi car\u00e1cter es y ser\u00e1 as\u00ed.<\/p>\n<p class=\"text-align-justify\"><strong>No te voy a hablar de 24 horas porque quiz\u00e1s es mucho, pero s\u00ed las \u00faltimas doce u once. \u00bfHan sido tus momentos m\u00e1s duros como seleccionador? \u00bfO dir\u00edas que ha habido momentos peores, por ejemplo, estando 0-2 abajo contra Dinamarca?\u00a0<\/strong><\/p>\n<p class=\"text-align-justify\">No, no dir\u00eda que son las m\u00e1s duras, porque al fin y al cabo estamos en las Finals. Mira, yo recuerdo en mi debut como seleccionador que perdimos (r\u00ede) dos eliminatorias, seis a cero, todos los partidos. Fue duro, adem\u00e1s, en casa. Y recuerdo lo de Marbella, que es verdad que acab\u00f3 bien, pero fue duro, el comienzo fue bastante duro. Sin embargo, te dir\u00eda que M\u00e1laga, cuando perdimos contra Holanda en la despedida de Rafa, porque es Rafa y yo le tengo un cari\u00f1o muy especial: para m\u00ed, quiz\u00e1, esa fue la m\u00e1s dura.\u00a0<\/p>\n<p class=\"text-align-justify\"><strong>Te quedar\u00edas con la de M\u00e1laga, \u00bfno?<\/strong><\/p>\n<p class=\"text-align-justify\">S\u00ed. La de M\u00e1laga.\u00a0<\/p>\n<p class=\"text-align-justify\"><strong>Hablabas t\u00fa de c\u00f3mo se iguala todo en esta Copa Davis. Esa es la sensaci\u00f3n: Zverev es el mejor por ranking, pero no da tanta seguridad; Lehecka y Mensik son un gran d\u00fao, pero vienen con ciertos problemas f\u00edsicos\u2026 \u00bftambi\u00e9n tienes t\u00fa esa sensaci\u00f3n de que todo puede pasar, de que no hay grand\u00edsimo favorito para conquistar la Davis este a\u00f1o?<\/strong><\/p>\n<p class=\"text-align-justify\">S\u00ed, porque Italia, al fallar tanto Musetti como Jannik Sinner, que no cuenten con esa pareja iguala m\u00e1s todo, \u00bfno? Si hubieran estado en perfectas condiciones o hubieran estado tanto Carlos como Alex, en Espa\u00f1a habr\u00edamos tenido ese caso comparable a Italia. Y ahora, pues bueno, creo que todos tienen alg\u00fan singlista muy bueno, quiz\u00e1s el dobles no tanto, y nosotros tenemos jugadores que conforman una buena baza para el dobles, para poder encarar ese punto, mientras que tenemos tanto a Jaume como a Pablo, que en el individuales van a competir y van a tener sus opciones.<\/p>\n<p class=\"text-align-justify\"><strong>Te vas a enfrentar, ahora como capit\u00e1n, a un tipo llamado Tomas Berdych, contra el cual seguramente jugaste, o yo por lo menos lo considero y lo recuerdo, uno de los mejores partidos que te he visto jugar, en aquella final de Copa Davis de Praga en la que le ganaste. \u00bfC\u00f3mo ha cambiado David Ferrer y c\u00f3mo crees que ha cambiado Tomas Berdych, y qu\u00e9 recuerdos tienes de aquel partido?<\/strong><\/p>\n<p class=\"text-align-justify\">Tengo un recuerdo muy bonito de aquel partido. Bonito porque ese a\u00f1o fue quiz\u00e1 el mejor a\u00f1o de mi carrera ten\u00edstica y jugu\u00e9 a un grand\u00edsimo nivel. Luego, no es un recuerdo tan bonito porque perdimos aquella final de Copa Davis, pero intento no pensar mucho m\u00e1s all\u00e1. Hemos cambiado, desde luego&#8230; bueno, no s\u00e9 Tomas (sonr\u00ede), s\u00ed que hablo con \u00e9l, pero no conozco tanto de su vida privada. Obviamente, a medida que te vas haciendo mayor relativizas todo mucho m\u00e1s, eres m\u00e1s maduro que en esa \u00e9poca. Es una etapa de la vida que en cierto modo recuerdas con cari\u00f1o, pero la verdad es que no soy alguien que vive mucho el pasado, soy m\u00e1s de vivir el presente y el futuro. La verdad es que cuando me lo has recordado, el recuerdo que me ha llegado es bonito, pero no es algo en lo que piense.<\/p>\n<p class=\"text-align-justify\"><strong>Hablemos, pues, del presente\u2026 y del futuro. \u00bfCu\u00e1nta cuerda le queda a David Ferrer en cuanto a motivaci\u00f3n, en cuanto a \u00e1nimo, como l\u00edder de este grupo humano de Copa Davis?\u00a0<\/strong><\/p>\n<p class=\"text-align-justify\">(r\u00ede) Buena pregunta. Mira, yo cualquier trabajo que hago\u2026 si lo hago es porque estoy motivado e ilusionado: a d\u00eda de hoy cumplo ambas, estoy motivado y estoy ilusionado. A partir de ah\u00ed ya&#8230;\u00a0<\/p>\n<p class=\"text-align-justify\"><strong>Ya se ver\u00e1, \u00bfno?<\/strong><\/p>\n<p class=\"text-align-justify\">Ya se ver\u00e1, porque, bueno, lo que te he dicho, es presente y futuro\u2026 y en estos momentos prefiero pensar en el presente.<\/p>\n<p class=\"text-align-justify\"><img decoding=\"async\" alt=\"David Ferrer volver\u00e1 a liderar a Espa\u00f1a en una nueva serie de Copa Davis. Fuente: Getty\" data-entity-type=\"file\" data-entity-uuid=\"415db92c-06b0-4344-a020-81e411d458d0\" width=\"612\" height=\"408\" loading=\"lazy\" class=\"lazyload\" src=\"https:\/\/www.europesays.com\/es\/wp-content\/uploads\/2025\/11\/ferrer-alcaraz-republica-checa-entrevista.jpg\"\/><\/p>\n<p class=\"text-align-justify\"><strong>Jiri Lehecka y Jakub Mensik, dos amenazas para esta eliminatoria. \u00bfC\u00f3mo los analizas?\u00a0\u00bfQu\u00e9 fortalezas tienen y c\u00f3mo has preparado esta eliminatoria, espec\u00edficamente, imagino, para enfrentarte a ambos?<\/strong><\/p>\n<p class=\"text-align-justify\">Empezando por Lehecka, es un jugador que ha tenido un final de a\u00f1o extra\u00f1o. Tambi\u00e9n tuvo una lesi\u00f3n durante buena parte del a\u00f1o pasado.. pero es un tenista que, para m\u00ed, es jugador top-20, tranquilamente, y un jugador con opciones a ser top-10. Sin dudas. Es muy checo, los checos al final siempre juegan a una misma velocidad, muy plano, son jugadores de indoor. Adem\u00e1s, es un jugador que mentalmente es bueno. Es un tipo al que tienes que competir y ganarle. Yo creo que juega a nuestro favor el hecho de que a final del a\u00f1o ha venido con menos confianza, ganando menos partidos.<\/p>\n<p class=\"text-align-justify\">Mensik es un jugador joven que para m\u00ed ser\u00e1 top-10. Es un jugador que va a estar arriba. Este a\u00f1o ya ha ganado Miami, ha ganado un Master 1000; tambi\u00e9n es cierto que ha tenido m\u00e1s lesiones, ha tenido problemas en la rodilla, pero es un tipo que saca extraordinariamente bien\u2026 veremos c\u00f3mo lo afronta, \u00bfno? Todav\u00eda tampoco he visto a Mensik jugar algo parecido a unas eliminatorias con esa presi\u00f3n de unas Finales. En caso de que nuestro jugador sea Pablo Carre\u00f1o, creo que por ah\u00ed nosotros podemos tener nuestras opciones.<\/p>\n<p class=\"text-align-justify\"><strong>Despu\u00e9s de todo lo que ha pasado, la baja de Alcaraz, que lo ha eclipsado todo\u2026 \u00bfhay m\u00e1s presi\u00f3n o sensaci\u00f3n de que es momento de reivindicarse?\u00a0<\/strong><\/p>\n<p class=\"text-align-justify\">No, hay ganas de\u2026 competir y hacerlo bien. Tenemos ganas de ganar. Me da igual que\u2026 bueno, no me da igual que no est\u00e9 Carlos, porque necesito a Carlos, pero ostras, no s\u00e9, yo&#8230;\u00a0<\/p>\n<p class=\"text-align-justify\"><strong>Es cierto que se crea otro clima distinto, de decir: vamos a por ello, vamos a demostrar que este grupo, que ya logr\u00f3 algo incre\u00edble en Marbella, aqu\u00ed tambi\u00e9n lo puede lograr.<\/strong><\/p>\n<p class=\"text-align-justify\">S\u00ed. Creo de verdad que pueden hacerlo, porque hay buen ambiente de grupo y se pueden dar cosas buenas. Cuando yo era jugador, me ten\u00eda f\u00e9 muchas veces, y en ese aspecto sigo pensando lo mismo. Siempre veo ese punto en el que siento que podemos engancharlos\u2026<\/p>\n<p class=\"text-align-justify\"><strong>Y es un grupo que tiene la ilusi\u00f3n de competir por Espa\u00f1a, esa ilusi\u00f3n de esta competici\u00f3n m\u00e1s propia de la Copa Davis de toda la vida.<\/strong><\/p>\n<p class=\"text-align-justify\">S\u00ed, s\u00ed. Adem\u00e1s, compiten muy bien. Si lo analizo, mira: Jaume creo que ya sabe y se ha quitado lo que es la presi\u00f3n de estar aqu\u00ed, porque la tuvo en Marbella. Se la ha quitado un poco de encima y creo que viene diferente. Pedro compite siempre bien por equipos, es un jugadorazo. En ese aspecto, y salvando las distancias, me recuerda a Feli. Y Marcel, lo que he dicho en rueda de prensa es verdad, es que considero que es un jugador diferente al del a\u00f1o pasado. Es un jugador con mucha m\u00e1s experiencia y con mucha m\u00e1s confianza en s\u00ed mismo. Solo hay que verle en los entrenamientos de dobles, la manera tan segura en la que asume la responsabilidad\u2026<\/p>\n<p class=\"text-align-justify\"><strong>\u00bfCrees que ha tomado el rol de l\u00edder del equipo?<\/strong><\/p>\n<p class=\"text-align-justify\">S\u00ed, ahora s\u00ed. Es algo que no he hablado con \u00e9l, que quiero hablar con \u00e9l, pero s\u00ed, ahora mismo lo veo en el rol de l\u00edder.<\/p>\n","protected":false},"excerpt":{"rendered":"Streaming UTR Pro Ithaca en directo \ud83c\udfbe David Saye vs Jose Catala Entra aqu\u00ed y reg\u00edstrate en Bet365&hellip;\n","protected":false},"author":2,"featured_media":243515,"comment_status":"","ping_status":"","sticky":false,"template":"","format":"standard","meta":{"footnotes":""},"categories":[274],"tags":[168,25,24,23,167,327,326],"class_list":{"0":"post-243514","1":"post","2":"type-post","3":"status-publish","4":"format-standard","5":"has-post-thumbnail","7":"category-tenis","8":"tag-deportes","9":"tag-es","10":"tag-espana","11":"tag-spain","12":"tag-sports","13":"tag-tenis","14":"tag-tennis"},"share_on_mastodon":{"url":"https:\/\/pubeurope.com\/@es\/115573048749945185","error":""},"_links":{"self":[{"href":"https:\/\/www.europesays.com\/es\/wp-json\/wp\/v2\/posts\/243514","targetHints":{"allow":["GET"]}}],"collection":[{"href":"https:\/\/www.europesays.com\/es\/wp-json\/wp\/v2\/posts"}],"about":[{"href":"https:\/\/www.europesays.com\/es\/wp-json\/wp\/v2\/types\/post"}],"author":[{"embeddable":true,"href":"https:\/\/www.europesays.com\/es\/wp-json\/wp\/v2\/users\/2"}],"replies":[{"embeddable":true,"href":"https:\/\/www.europesays.com\/es\/wp-json\/wp\/v2\/comments?post=243514"}],"version-history":[{"count":0,"href":"https:\/\/www.europesays.com\/es\/wp-json\/wp\/v2\/posts\/243514\/revisions"}],"wp:featuredmedia":[{"embeddable":true,"href":"https:\/\/www.europesays.com\/es\/wp-json\/wp\/v2\/media\/243515"}],"wp:attachment":[{"href":"https:\/\/www.europesays.com\/es\/wp-json\/wp\/v2\/media?parent=243514"}],"wp:term":[{"taxonomy":"category","embeddable":true,"href":"https:\/\/www.europesays.com\/es\/wp-json\/wp\/v2\/categories?post=243514"},{"taxonomy":"post_tag","embeddable":true,"href":"https:\/\/www.europesays.com\/es\/wp-json\/wp\/v2\/tags?post=243514"}],"curies":[{"name":"wp","href":"https:\/\/api.w.org\/{rel}","templated":true}]}}