{"id":243527,"date":"2025-11-18T22:33:12","date_gmt":"2025-11-18T22:33:12","guid":{"rendered":"https:\/\/www.europesays.com\/es\/243527\/"},"modified":"2025-11-18T22:33:12","modified_gmt":"2025-11-18T22:33:12","slug":"ivan-ferreiro-una-reunion-de-piratas-es-imposible-la-relacion-no-va-a-mejorar-los40-classic","status":"publish","type":"post","link":"https:\/\/www.europesays.com\/es\/243527\/","title":{"rendered":"Iv\u00e1n Ferreiro: \u201cUna reuni\u00f3n de Piratas es imposible, la relaci\u00f3n no va a mejorar\u201d | LOS40 Classic"},"content":{"rendered":"<p><b>V\u00e9rtigo<\/b>. Esa es una de las palabras con las que <a href=\"https:\/\/los40.com\/tag\/ivan_ferreiro\/a\/\" target=\"_blank\" rel=\"noreferrer nofollow noopener\" title=\"https:\/\/los40.com\/tag\/ivan_ferreiro\/a\/\"><b>Iv\u00e1n Ferreiro<\/b><\/a> ha definido la sensaci\u00f3n que tiene al mirar hacia atr\u00e1s en su carrera. Ya han pasado 35 a\u00f1os desde que comenz\u00f3 en la m\u00fasica, y <b>ahora visita <\/b><a href=\"https:\/\/los40.com\/los40_classic\/\" target=\"_blank\" rel=\"noreferrer nofollow noopener\" title=\"https:\/\/los40.com\/los40_classic\/\"><b>LOS40 Classic<\/b><\/a><b> para hablar de sus inicios, de su legado y de la gira que recorrer\u00e1 el pa\u00eds el pr\u00f3ximo a\u00f1o<\/b>. <\/p>\n<p>\u201cRecuerdo los inicios muy ilusionantes, aunque con algo de miedo al futuro\u201d, recuerda el m\u00fasico en una charla con <a href=\"https:\/\/www.instagram.com\/javierpenedo\/?hl=es\" target=\"_blank\" rel=\"noreferrer nofollow noopener\" title=\"https:\/\/www.instagram.com\/javierpenedo\/?hl=es\"><b>Javier Penedo<\/b><\/a> y <a href=\"https:\/\/www.instagram.com\/soylasirenita\/?hl=es\" target=\"_blank\" rel=\"noreferrer nofollow noopener\" title=\"https:\/\/www.instagram.com\/soylasirenita\/?hl=es\"><b>Andrea S\u00e1nchez<\/b><\/a>, remarcando que la intenci\u00f3n de dedicarse a la m\u00fasica no sent\u00f3 muy bien en casa. <b>\u201cEmpec\u00e9 a estudiar cuatro carreras, porque en mi casa se estudiaba, pero yo estaba empe\u00f1ado en que quer\u00eda ser m\u00fasico\u201d<\/b>, asegura. <\/p>\n<p>En LOS40 Classic estaremos muy cerca de Iv\u00e1n Ferreiro <a href=\"https:\/\/los40.com\/2025\/10\/01\/ivan-ferreiro-celebra-35-anos-de-carrera-con-la-gira-hoy-x-ayer-con-los40-classic-como-emisora-oficial\/\" target=\"_blank\" rel=\"noreferrer nofollow noopener\" title=\"https:\/\/los40.com\/2025\/10\/01\/ivan-ferreiro-celebra-35-anos-de-carrera-con-la-gira-hoy-x-ayer-con-los40-classic-como-emisora-oficial\/\"><b>en su pr\u00f3xima gira como emisora oficial<\/b><\/a>, y es que la radio siempre ha estado muy presente en la vida del cantante. \u201cEn mi primera vez en la radio, me entrevist\u00f3 <a href=\"https:\/\/los40.com\/tag\/xavier_sarda\/a\/\" target=\"_blank\" rel=\"noreferrer nofollow noopener\" title=\"https:\/\/los40.com\/tag\/xavier_sarda\/a\/\"><b>Xavier Sard\u00e1<\/b><\/a>, no porque me conociera, sino porque era el aniversario de la vez que rechazaron a los Beatles, as\u00ed que nos entrevistaron como rechazados\u201d, recuerda con humor. <\/p>\n<p><img decoding=\"async\" src=\"https:\/\/los40.com\/pf\/resources\/img\/logo-40-v-c.svg?d=913\" alt=\"LOS40 Classic\" class=\"i-pro\" width=\"68\" height=\"68\" loading=\"lazy\"\/><\/p>\n<p>Adem\u00e1s de sus temas en solitario, el m\u00fasico recordar\u00e1 en esta gira sus grandes \u00e9xitos con Piratas, el grupo donde comenz\u00f3, que recuerda con nostalgia, pero con distancia. <b>\u201cUna reuni\u00f3n de Piratas es imposible\u201d<\/b>, sentencia.<b> \u201cLa relaci\u00f3n no era buena y no se va a mejorar, llevo m\u00e1s tiempo con mi banda que el tiempo que estuve con ellos, estoy en un sitio donde estoy muy feliz\u201d<\/b>. <\/p>\n<p>Uno de los amigos que no ha querido perderse esta charla con Ferreiro ha sido Juan Luis Gim\u00e9nez, miembro de <a href=\"https:\/\/los40.com\/tag\/presuntos_implicados\/a\/\" target=\"_blank\" rel=\"noreferrer nofollow noopener\" title=\"https:\/\/los40.com\/tag\/presuntos_implicados\/a\/\"><b>Presuntos Implicados<\/b><\/a> y productor de tres discos de Piratas. \u201cEllos no sab\u00edan que yo contaba con el benepl\u00e1cito de Warner music para experimentar con el sonido y arriesgar\u201d, dice en una nota de audio. <b>\u201cEso hicimos despu\u00e9s de un primer disco que sali\u00f3 regular, creo que aprendieron mucho conmigo\u201d<\/b>. <\/p>\n<p>Tampoco ha faltado el mensaje de cari\u00f1o de I\u00f1igo Argomaniz, el manager del m\u00fasico y pieza clave en su vida, que recuerda aquel m\u00edtico concierto en Vitoria en el que tuvieron que actuar para una sola persona. <\/p>\n<p>Todas las fechas de la gira \u2018Hoy x Ayer\u2019<\/p>\n<ul>\n<li>8 de mayo \u2013 <b>Bilbao<\/b> (Bilbao Arena Miribilla) <\/li>\n<li>9 de mayo \u2013 <b>A Coru\u00f1a<\/b> (Coliseum) <\/li>\n<li>14 de mayo \u2013 <b>Barcelona<\/b> (Sant Jordi Club) <\/li>\n<li>23 de mayo \u2013 <b>Gij\u00f3n<\/b> (Gij\u00f3n Arena) <\/li>\n<li>29 de mayo \u2013 <b>Murcia<\/b> (Plaza de Toros) <\/li>\n<li>30 de mayo \u2013 <b>Valencia<\/b> (Jardines de Viveros) <\/li>\n<li>6 de junio \u2013 <b>Sevilla<\/b> (Cartuja Center Cite) <\/li>\n<li>20 de junio \u2013 <b>Salamanca<\/b> (Enjoy! Multiusos) <\/li>\n<li>27 de junio \u2013 <b>Zaragoza<\/b> (Multiusos) <\/li>\n<li>20 de septiembre \u2013 <b>Madrid<\/b> (Movistar Arena) <\/li>\n<\/ul>\n<p>Las entradas est\u00e1n a la venta en <a href=\"https:\/\/www.ivanferreiro.es\/\" target=\"_blank\" rel=\"noreferrer nofollow noopener\" title=\"https:\/\/www.ivanferreiro.es\/\"><b>ivanferreiro.es<\/b><\/a>.<\/p>\n<p><script async src=\"\/\/www.instagram.com\/embed.js\"><\/script><\/p>\n","protected":false},"excerpt":{"rendered":"V\u00e9rtigo. Esa es una de las palabras con las que Iv\u00e1n Ferreiro ha definido la sensaci\u00f3n que tiene&hellip;\n","protected":false},"author":2,"featured_media":243528,"comment_status":"","ping_status":"","sticky":false,"template":"","format":"standard","meta":{"footnotes":""},"categories":[170],"tags":[1837,5797,146,147,25,24,25685,184,185,49997,1138,23,62448],"class_list":{"0":"post-243527","1":"post","2":"type-post","3":"status-publish","4":"format-standard","5":"has-post-thumbnail","7":"category-musica","8":"tag-album","9":"tag-culture","10":"tag-entertainment","11":"tag-entretenimiento","12":"tag-es","13":"tag-espana","14":"tag-leader","15":"tag-music","16":"tag-musica","17":"tag-release","18":"tag-solo","19":"tag-spain","20":"tag-the-pirates"},"share_on_mastodon":{"url":"https:\/\/pubeurope.com\/@es\/115573083895662944","error":""},"_links":{"self":[{"href":"https:\/\/www.europesays.com\/es\/wp-json\/wp\/v2\/posts\/243527","targetHints":{"allow":["GET"]}}],"collection":[{"href":"https:\/\/www.europesays.com\/es\/wp-json\/wp\/v2\/posts"}],"about":[{"href":"https:\/\/www.europesays.com\/es\/wp-json\/wp\/v2\/types\/post"}],"author":[{"embeddable":true,"href":"https:\/\/www.europesays.com\/es\/wp-json\/wp\/v2\/users\/2"}],"replies":[{"embeddable":true,"href":"https:\/\/www.europesays.com\/es\/wp-json\/wp\/v2\/comments?post=243527"}],"version-history":[{"count":0,"href":"https:\/\/www.europesays.com\/es\/wp-json\/wp\/v2\/posts\/243527\/revisions"}],"wp:featuredmedia":[{"embeddable":true,"href":"https:\/\/www.europesays.com\/es\/wp-json\/wp\/v2\/media\/243528"}],"wp:attachment":[{"href":"https:\/\/www.europesays.com\/es\/wp-json\/wp\/v2\/media?parent=243527"}],"wp:term":[{"taxonomy":"category","embeddable":true,"href":"https:\/\/www.europesays.com\/es\/wp-json\/wp\/v2\/categories?post=243527"},{"taxonomy":"post_tag","embeddable":true,"href":"https:\/\/www.europesays.com\/es\/wp-json\/wp\/v2\/tags?post=243527"}],"curies":[{"name":"wp","href":"https:\/\/api.w.org\/{rel}","templated":true}]}}