{"id":24354,"date":"2025-08-04T05:39:10","date_gmt":"2025-08-04T05:39:10","guid":{"rendered":"https:\/\/www.europesays.com\/es\/24354\/"},"modified":"2025-08-04T05:39:10","modified_gmt":"2025-08-04T05:39:10","slug":"el-gran-proyecto-que-forjo-la-amistad-de-cerdan-con-antxon-alonso-para-cobrar-mordidas","status":"publish","type":"post","link":"https:\/\/www.europesays.com\/es\/24354\/","title":{"rendered":"el gran proyecto que forj\u00f3 la amistad de Cerd\u00e1n con Antxon Alonso para cobrar mordidas"},"content":{"rendered":"<p id=\"paragraph_1\">Hay encuentros que indican que las cosas no deb\u00edan ir tan mal. El 20 de febrero de 2008, el consejero de Innovaci\u00f3n, Empresa y Empleo del Gobierno de Navarra, <strong>Jos\u00e9 Mar\u00eda Roig<\/strong>, llega a Milagro para interesarse por las obras de ampliaci\u00f3n del parque empresarial de Montehondo.<\/p>\n<p class=\"paragraph\" id=\"paragraph_2\">Roig forma parte del Gobierno foral comandado por <a href=\"https:\/\/www.elespanol.com\/organismos\/upn\/?utm_cmp_rs=linksinline\" rel=\"nofollow noopener\" target=\"_blank\">UPN<\/a>. A la reuni\u00f3n asisten el alcalde de la localidad,<strong> Esteban Garijo<\/strong> \u2014tambi\u00e9n de UPN\u2014 y varios miembros de la Comisi\u00f3n de Industria, entre quienes se encuentra <strong>Santos Cerd\u00e1n<\/strong>. Todos ellos apoyan la ampliaci\u00f3n del pol\u00edgono industrial a 1,5 millones de metros cuadrados.<\/p>\n<p class=\"paragraph\" id=\"paragraph_3\">Cerd\u00e1n es entonces <a href=\"https:\/\/www.elespanol.com\/espana\/politica\/20240222\/cerdan-marca-distancias-koldo-conozco-colaboraba-nosotrosennavarra\/834666557_0.html?utm_cmp_rs=linksinline\" rel=\"nofollow noopener\" target=\"_blank\">concejal por el PSN <\/a>en su peque\u00f1a <a href=\"https:\/\/www.elespanol.com\/porfolio\/actualidad\/20231104\/santos-cerdan-tecnico-mantenimiento-iberfruta-negociador-puigdemont-no-cree-bruselas\/806919732_0.html?utm_cmp_rs=linksinline\" rel=\"nofollow noopener\" target=\"_blank\">localidad natal<\/a>, de unos 3.600 habitantes. Despu\u00e9s de haber sido concejal entre 1999 y 2003, en ese momento encabeza la oposici\u00f3n tras haber protagonizado una campa\u00f1a a cara de perro en las elecciones municipales de 2007.<\/p>\n<p><img loading=\"lazy\" decoding=\"async\" alt=\"Bel\u00e9n Cerd\u00e1n Le\u00f3n, hermana del exsecretario de Organizaci\u00f3n del PSOE.\" height=\"180\" src=\"https:\/\/www.europesays.com\/es\/wp-content\/uploads\/2025\/08\/1003743867108_257637741_320x180.jpg\" width=\"320\" data-lazy-status=\"processed\" data-lazy-info=\"remove loading item 1\"\/><\/p>\n<p class=\"paragraph\" id=\"paragraph_4\">Desde el PSN difundieron un documento entre sus vecinos en el que denunciaban un presunto abuso de poder por parte del alcalde para beneficiar a su mujer y sus hijos.<\/p>\n<p class=\"paragraph\" id=\"paragraph_5\">El nombre de su esposa \u201caparece como administradora \u00fanica en unas empresas de compra-venta de inmuebles, y \u00e9l como secretario de junta y accionista\u201d, afirm\u00f3 en aquel momento Santos Cerd\u00e1n.<\/p>\n<p class=\"paragraph\" id=\"paragraph_6\">El concejal socialista afirm\u00f3 que le parec\u00eda \u201cbochornoso\u201d que su rival pol\u00edtico utilizara a sus hijos \u201ccomo pantalla protectora\u201d. \u201cNo denunciamos nada, s\u00f3lo preguntamos si esto tiene algo que ver con que se quieran<strong> recalificar en Milagro<\/strong> 2,5 millones de metros cuadrados\u201d, denunci\u00f3.<\/p>\n<p class=\"paragraph\" id=\"paragraph_7\">Garijo anunci\u00f3 que emprender\u00eda acciones judiciales contra Cerd\u00e1n y el PSN, aunque para ese momento ya hab\u00eda ganado en las urnas. Las municipales se saldaron con siete concejales para UPN y cuatro para los socialistas.<\/p>\n<p>Milagro Servicios Integrales<\/p>\n<p class=\"paragraph\" id=\"paragraph_8\">Las elecciones se celebran en mayo. Y apenas medio a\u00f1o despu\u00e9s, el 27 de diciembre de 2007, comienza sus operaciones la empresa <strong>Milagro Servicios Integrales S.L<\/strong>. En varias de las biograf\u00edas period\u00edsticas escritas hasta la fecha aparece el nombre de esta sociedad como la primera toma de contacto de Santos Cerd\u00e1n en el mundo de los negocios.<\/p>\n<p class=\"paragraph\" id=\"paragraph_9\">Pero, realmente, Milagro Servicios Integrales S.L. es una <strong>empresa p\u00fablica<\/strong> ligada al Ayuntamiento que ten\u00eda como objeto social el \u201cmantenimiento de edificios municipales, incluida conserjer\u00eda, obras y reparaciones en las v\u00edas p\u00fablicas; jardiner\u00eda y trabajadores agr\u00edcolas de comunal; gesti\u00f3n de entidades municipales en el \u00e1mbito de la cultura, la educaci\u00f3n y el deporte; y prestaci\u00f3n de servicios de mantenimiento y obras requeridos por terceros\u201d.<\/p>\n<p class=\"paragraph\" id=\"paragraph_10\">Todo eso viene recogido en los registros. Es decir, se trata de una compa\u00f1\u00eda creada para \u201cpoder contratar de manera m\u00e1s \u00e1gil\u201d y ocuparse de \u00abtareas corrientes\u00bb relacionadas con el municipio, seg\u00fan fuentes familiarizadas con el caso.<\/p>\n<p class=\"paragraph\" id=\"paragraph_11\">Su domicilio social se ubica en la calle Joaqu\u00edn Corti, 1, <strong>la sede del Ayuntamiento de Milagro<\/strong>. Y en su organigrama figuran Esteban Garijo, el alcalde; <strong>Rafael Abad<\/strong>, su hombre de confianza;<strong> Alfredo Hern\u00e1ndez Oscoz<\/strong>, hist\u00f3rico secretario del Ayuntamiento; <strong>C\u00e9sar Hern\u00e1ndez Lebrero<\/strong>, due\u00f1o de un negocio en Milagro; <strong>Eduardo Garc\u00eda Hern\u00e1ndez<\/strong> -de quien no hay informaci\u00f3n-&#8230; y el concejal Santos Cerd\u00e1n.<\/p>\n<p><img decoding=\"async\" alt=\"El acalde, Esteban Garijo (centro), con Santos Cerd\u00e1n a su derecha, en una imagen de 2010.\" data-imgm=\"true\" height=\"180\" loading=\"lazy\"  src=\"https:\/\/www.europesays.com\/es\/wp-content\/uploads\/2025\/08\/1003743872282_257731189_1024x576.jpg\"  width=\"320\"\/><\/p>\n<p>                                                            El acalde, Esteban Garijo (centro), con Santos Cerd\u00e1n a su derecha, en una imagen de 2010.<\/p>\n<p class=\"paragraph\" id=\"paragraph_12\">El entonces edil socialista ocupa un puesto como consejero de la mercantil, supuestamente como representante de la oposici\u00f3n en el Ayuntamiento. Pero <strong>no hab\u00eda m\u00e1s compa\u00f1eros de partido<\/strong> con \u00e9l en la estructura legal de la sociedad.<\/p>\n<p class=\"paragraph\" id=\"paragraph_13\">Fuentes pol\u00edticas que vivieron de cerca aquella etapa se\u00f1alan que Cerd\u00e1n no pudo lucrarse de aquella actividad y que su constituci\u00f3n ten\u00eda una funci\u00f3n meramente pr\u00e1ctica.<\/p>\n<p class=\"paragraph\" id=\"paragraph_14\">La empresa fue fundada por el m\u00e1ximo representante de la corporaci\u00f3n municipal. Aunque queda la duda de saber qu\u00e9 hac\u00eda all\u00ed Santos Cerd\u00e1n si unos meses antes <strong>acusaba al alcalde<\/strong> de figurar en empresas, sembrando la duda de los v\u00ednculos de esas sociedades con la Administraci\u00f3n.<\/p>\n<p class=\"paragraph\" id=\"paragraph_15\">En las siguientes elecciones, en 2011, Esteban Garijo renunci\u00f3 a presentarse como candidato, abandon\u00f3 la pol\u00edtica y dej\u00f3 espacio a su compa\u00f1era <strong>Yolanda Ib\u00e1\u00f1ez<\/strong>, quien mantuvo la Alcald\u00eda para UPN. Ib\u00e1\u00f1ez decidi\u00f3 <strong>clausurar<\/strong> Milagro Servicios Integrales S.L.<\/p>\n<p><img decoding=\"async\" alt=\"Santos Cerd\u00e1n con Pedro S\u00e1nchez en 2017, cuando le ayud\u00f3 a conseguir los votos de los socialistas navarros para ganar las primarias a Susana D\u00edaz.\" height=\"180\" loading=\"lazy\" width=\"320\" data-lazy-status=\"processed\" id=\"07b874d107\" src=\"https:\/\/www.elespanol.com\/espana\/politica\/20250804\/milagro-ciudad-vacaciones-gran-proyecto-forjo-amistad-cerdan-antxon-alonso-cobrar-mordidas\/[\" https:=\"\" data-lazy-info=\"changed src\"\/><\/p>\n<p>Y entonces lleg\u00f3 Antxon<\/p>\n<p class=\"paragraph\" id=\"paragraph_16\">Para entonces, otro hombre se hab\u00eda cruzado en el camino de Esteban Garijo y Santos Cerd\u00e1n. Se trata de un <a href=\"https:\/\/www.elespanol.com\/espana\/20250618\/antxon-alonso-amigo-cerdan-limpio-servinabar-llegar-uco-faltan-papeles-clave-tunel-belate\/1003743807082_0.html?utm_cmp_rs=linksinline\" rel=\"nofollow noopener\" target=\"_blank\">empresario <\/a>venido de Elgoibar (Guip\u00fazcoa) que responde al nombre de <strong>Antxon Alonso<\/strong>.<\/p>\n<p class=\"paragraph\" id=\"paragraph_17\">\u00c9ste, un principiante tambi\u00e9n en el mundo de los negocios, lleg\u00f3 a Navarra en 2006 con un proyecto urban\u00edstico destinado a construir 1.300 viviendas en Milagro, una poblaci\u00f3n que entonces ten\u00eda id\u00e9ntico n\u00famero de inmuebles.<\/p>\n<p class=\"paragraph\" id=\"paragraph_18\">Lo llam\u00f3 \u201c<strong>Ciudad de Vacaciones a orillas del r\u00edo Arag\u00f3n<\/strong>\u201d. Aunque, realmente, lo que hay en esa ribera de este afluente del Ebro es un pueblito de casas bajas donde la mayor riqueza proviene de la producci\u00f3n de cereza.<\/p>\n<p class=\"paragraph\" id=\"paragraph_19\">Antxon Alonso hab\u00eda creado una promotora llamada <strong>Antal-Milagro<\/strong>, que no s\u00f3lo preve\u00eda recalificar suelo no urbanizable de la vega del r\u00edo para construir esas 1.300 casas, sino que adem\u00e1s contemplaba la construcci\u00f3n de un museo tem\u00e1tico sobre Navarra, un gran lago, zona deportiva y un \u00e1rea comercial y de ocio.<\/p>\n<p class=\"paragraph\" id=\"paragraph_20\">Al alcalde de UPN no le son\u00f3 mal la m\u00fasica. Pero al PSN, que vot\u00f3 en contra del proyecto por considerarlo poco sostenible, todo aquello le parec\u00eda un reflejo m\u00e1s de aquella Espa\u00f1a del pelotazo. Santos Cerd\u00e1n encabez\u00f3 su oposici\u00f3n.<\/p>\n<p class=\"paragraph\" id=\"paragraph_21\">Pero algo cambi\u00f3 a lo largo de aquel 2007. Antxon Alonso llev\u00f3 su proyecto al sal\u00f3n inmobiliario que se celebr\u00f3 aquel a\u00f1o en Bilbao y Cerd\u00e1n pas\u00f3 de buenas a primeras <strong>de criticarlo a defenderlo<\/strong>. Ah\u00ed est\u00e1 tomada la foto en la que aparecen Alonso, Garijo y Cerd\u00e1n que encabeza este reportaje.<\/p>\n<p class=\"paragraph\" id=\"paragraph_22\">\u201cSantos y Garijo estaban enfrentados, pero entonces apareci\u00f3 Antxon y <strong>lo cambi\u00f3 todo<\/strong>. \u00c9ste convenci\u00f3 a Cerd\u00e1n de los beneficios que pod\u00edan tener esas operaciones urban\u00edsticas y fue ah\u00ed cuando comenz\u00f3 su relaci\u00f3n\u201d, se\u00f1alan fuentes de la pol\u00edtica local navarra de la \u00e9poca.<\/p>\n<p class=\"paragraph\" id=\"paragraph_23\">La ciudad de vacaciones fue finalmente desestimada, nunca se lleg\u00f3 a construir. Pero sirvi\u00f3 como esa an\u00e9cdota curiosa que recuerda el inicio de una bonita amistad.<\/p>\n<p><img decoding=\"async\" alt=\"Antxon Alonso, socio de Santos Cerd\u00e1n en Servinabar 2000, en el Tribunal Supremo.\" height=\"180\" loading=\"lazy\" width=\"320\" data-lazy-status=\"processed\" id=\"f15e91f3b0\" src=\"https:\/\/www.elespanol.com\/espana\/politica\/20250804\/milagro-ciudad-vacaciones-gran-proyecto-forjo-amistad-cerdan-antxon-alonso-cobrar-mordidas\/[\" https:=\"\" data-lazy-info=\"changed src\"\/><\/p>\n<p>Un salto en su carrera<\/p>\n<p class=\"paragraph\" id=\"paragraph_24\">En 2011, por tercera vez, Santos Cerd\u00e1n pierde las elecciones en Milagro. Esta vez, por una ajustada mayor\u00eda de seis concejales de UPN por cinco del PSN. Aunque los caprichos de la pol\u00edtica le llevan por otros derroteros.<\/p>\n<p class=\"paragraph\" id=\"paragraph_25\">Al hombre que hab\u00eda trabajado como t\u00e9cnico de mantenimiento en una planta de fruta procesada y otra de verdura en su municipio natal, al concejal que no hab\u00eda salido de su pueblo sin obtener ning\u00fan \u00e9xito pol\u00edtico, le espera en 2014 un <strong>esca\u00f1o en el Parlamento foral de Navarra<\/strong>.<\/p>\n<p class=\"paragraph\" id=\"paragraph_26\">Ese mismo a\u00f1o <a href=\"https:\/\/www.elespanol.com\/espana\/politica\/20250619\/gobierno-chivite-dio-ultimo-contrato-empresa-cerdan-dia-uco-registro-sede-pamplona\/1003743811289_0.html?utm_cmp_rs=linksinline\" rel=\"nofollow noopener\" target=\"_blank\">Mar\u00eda Chivite<\/a> es elegida secretaria general del PSN y la estrategia de los socialistas pasa de apoyar mayor\u00edas de UPN a decantarse del lado de Bildu.<\/p>\n<p class=\"paragraph\" id=\"paragraph_27\">\u201cEn 2015 se march\u00f3 <a href=\"https:\/\/www.elespanol.com\/corazon\/20160521\/126487484_0.html?utm_cmp_rs=linksinline\" rel=\"nofollow noopener\" target=\"_blank\">Yolanda Barcina<\/a> [de UPN] y con ella desaparecieron todos los hist\u00f3ricos. Fue entonces cuando surgieron personajes hasta entonces desconocidos en la pol\u00edtica, como Santos Cerd\u00e1n\u201d, se\u00f1ala un empresario navarro muy bien conectado en la \u00e9poca.<\/p>\n<p class=\"paragraph\" id=\"paragraph_28\">Cerd\u00e1n es clave a la hora de tejer esas alianzas con la izquierda abertzale, probablemente influenciado por Antxon Alonso, natural del <a href=\"https:\/\/www.elespanol.com\/reportajes\/20250601\/antxon-alonso-amigo-cerdan-logro-contratos-millones-medio-sanchez-otegi-lio-santos-llamaba\/1003743782791_0.html?utm_cmp_rs=linksinline\" rel=\"nofollow noopener\" target=\"_blank\">mismo municipio <\/a>de<strong> Arnaldo Otegi y nexo en las conversaciones con Bildu<\/strong> cuando Pedro S\u00e1nchez necesit\u00f3 su apoyo para la moci\u00f3n de censura de 2017.<\/p>\n<p><img decoding=\"async\" alt=\"Santos Cerd\u00e1n con Pedro S\u00e1nchez en 2015, dos a\u00f1os antes de que le ayudara a conseguir los votos de los socialistas navarros para ganar las primarias a Susana D\u00edaz.\" data-imgm=\"true\" height=\"180\" loading=\"lazy\"  src=\"https:\/\/www.europesays.com\/es\/wp-content\/uploads\/2025\/08\/806930145_257731223_1024x576.jpg\"  width=\"320\"\/><\/p>\n<p>                                                            Santos Cerd\u00e1n con Pedro S\u00e1nchez en 2015, dos a\u00f1os antes de que le ayudara a conseguir los votos de los socialistas navarros para ganar las primarias a Susana D\u00edaz.<\/p>\n<p>Servinabar<\/p>\n<p class=\"paragraph\" id=\"paragraph_29\">Desde la fallida operaci\u00f3n en Milagro, Alonso hab\u00eda desaparecido de escena \u2014en realidad, nunca hasta ahora ha estado en primer plano\u2014 con proyectos en otros pa\u00edses. Aunque en 2015, con<a href=\"https:\/\/www.elespanol.com\/espana\/20250731\/sanfermines-triunfales-socio-cerdan-uxue-barkos-brindis-burladero-darle-contratos\/1003743869372_0.html?utm_cmp_rs=linksinline\" rel=\"nofollow noopener\" target=\"_blank\"> la llegada <\/a>al Gobierno de Navarra de <strong>Uxue Barkos <\/strong>\u2014que encabeza un Ejecutivo nacionalista de Geroa Bai, apoyado por la izquierda independentista y Podemos\u2014 Alonso vuelve a la tierra.<\/p>\n<p class=\"paragraph\" id=\"paragraph_30\">Lo hace, seg\u00fan la UCO, al calor de <a href=\"https:\/\/www.elespanol.com\/espana\/tribunales\/20250612\/uco-desvela-cerdan-coordinado-organizacion-criminal-cupula-psoe-anos\/1003743801633_0.html?utm_cmp_rs=linksinline\" rel=\"nofollow noopener\" target=\"_blank\">Mina Muga, un proyecto de explotaci\u00f3n minera<\/a> entre Arag\u00f3n y Navarra concedido a la sociedad de capital australiano Geoalcali, a la que Alonso le empieza a pasar facturas.<\/p>\n<p class=\"paragraph\" id=\"paragraph_31\">Para ello constituye <strong>Servinabar 2000 S.L.<\/strong>, una peque\u00f1a empresa dedicada a actividades relacionadas con la construcci\u00f3n que fue ganando grandes contratos p\u00fablicos de la mano de Acciona y de la que Santos Cerd\u00e1n <a href=\"https:\/\/www.elespanol.com\/espana\/tribunales\/20250624\/contrato-hallado-uco-santos-cerdan-adquiere-servinabar-empresa-tunel-belate\/1003743819389_0.html?utm_cmp_rs=linksinline\" rel=\"nofollow noopener\" target=\"_blank\">participaba en un 45%<\/a>.<\/p>\n<p class=\"paragraph\" id=\"paragraph_32\">Tambi\u00e9n entonces surge <a href=\"https:\/\/www.elespanol.com\/espana\/20250730\/uco-investiga-destino-eur-constructora-cerdan-traspaso-cooperativa-koldo\/1003743868018_0.html?utm_cmp_rs=linksinline\" rel=\"nofollow noopener\" target=\"_blank\">la cooperativa Noran<\/a>, donde Alonso tiene como socio a<strong> Koldo Garc\u00eda<\/strong>, entonces hombre para todo de este nuevo socialismo navarro que representa Santos Cerd\u00e1n. En ese momento Koldo y Cerd\u00e1n empiezan a estrechar su relaci\u00f3n.<\/p>\n<p><img decoding=\"async\" alt=\"I-D: Arnaldo Otegi, Antxon Alonso, Koldo Garc\u00eda y Pedro S\u00e1nchez.\" height=\"180\" loading=\"lazy\" width=\"320\" data-lazy-status=\"processed\" id=\"fc739fd65c\" src=\"https:\/\/www.elespanol.com\/espana\/politica\/20250804\/milagro-ciudad-vacaciones-gran-proyecto-forjo-amistad-cerdan-antxon-alonso-cobrar-mordidas\/[\" https:=\"\" data-lazy-info=\"changed src\"\/><\/p>\n<p class=\"paragraph\" id=\"paragraph_33\">Durante el registro de la vivienda del administrador de Servinabar, Antxon Alonso, la UCO hall\u00f3 un contrato privado fechado en 2016, por el que vend\u00eda una participaci\u00f3n del 45% de la empresa al exsecretario de Organizaci\u00f3n del PSOE, Santos Cerd\u00e1n.<\/p>\n<p class=\"paragraph\" id=\"paragraph_34\">Ambos han asegurado ante el juez que nunca llegaron a hacer efectivo este contrato. Pero lo cierto es que el entorno directo de Santos Cerd\u00e1n (su hermana y su cu\u00f1ado) se benefici\u00f3 de los contratos que la constructora recib\u00eda de las Administraciones p\u00fablicas, as\u00ed como otros dirigentes vinculados al PSOE y al PNV.<\/p>\n<p class=\"paragraph\" id=\"paragraph_35\">La empresa de Antxon Alonso se benefici\u00f3 de la amistad que Koldo Garc\u00eda y Santos Cerd\u00e1n hab\u00edan forjado con <strong>Fernando Merino<\/strong>, que en aquel momento era directivo de la constructora Acciona para Navarra y La Rioja.<\/p>\n<p class=\"paragraph\" id=\"paragraph_36\">Asociada en UTE con Acciona, la constructora Servinabar accedi\u00f3 a contratos p\u00fablicos millonarios como el de <a cmp-ltrk=\"links-parrafos\" cmp-ltrk-idx=\"14\" data-mrf-link=\"https:\/\/www.elespanol.com\/espana\/politica\/20250618\/chivite-dice-ahora-no-adjudica-obras-escandalo-tunel-belate-upn-pp-piden-dimision\/1003743810320_0.html\" href=\"https:\/\/www.elespanol.com\/espana\/politica\/20250618\/chivite-dice-ahora-no-adjudica-obras-escandalo-tunel-belate-upn-pp-piden-dimision\/1003743810320_0.html?utm_cmp_rs=linksinline\" mrfobservableid=\"5168c726-7c8d-45ee-b944-1d300553a5b8\" rel=\"nofollow noopener\" target=\"_blank\">la duplicaci\u00f3n de los t\u00faneles de Belate<\/a>, adjudicado en diciembre de 2023 por <strong>76 millones de euros<\/strong>.<\/p>\n<p class=\"paragraph\" id=\"paragraph_37\">Como ha informado EL ESPA\u00d1OL, gracias a estas adjudicaciones Servinabal se convirti\u00f3 en el gran bot\u00edn, la caja m\u00e1gica de la que cobraron miembros del entorno m\u00e1s cercano de Cerd\u00e1n.<\/p>\n<p class=\"paragraph\" id=\"paragraph_38\">Entre ellos, su hermana y su cu\u00f1ado, el expresidente de la SEPI, Koldo Garc\u00eda, la pareja de la presidenta navarra <a href=\"https:\/\/www.elespanol.com\/espana\/20190315\/uxue-barkos-puigdemont-periodistas-montesinos-dieron-politica\/383241687_3.html?utm_cmp_rs=linksinline\" rel=\"nofollow noopener\" target=\"_blank\">Uxue Barkos<\/a>, la novia del exn\u00famero 2 del PSOE de Navarra, el exsecretario general de UPN&#8230;<\/p>\n<p><img decoding=\"async\" alt=\"Arte EE.\" height=\"180\" loading=\"lazy\" width=\"320\" data-lazy-status=\"processed\" id=\"0210c03d13\" src=\"https:\/\/www.elespanol.com\/espana\/politica\/20250804\/milagro-ciudad-vacaciones-gran-proyecto-forjo-amistad-cerdan-antxon-alonso-cobrar-mordidas\/[\" https:=\"\" data-lazy-info=\"changed src\"\/><\/p>\n<p class=\"paragraph\" id=\"paragraph_39\">La hermana del exn\u00famero 3 del PSOE, Bel\u00e9n Cerd\u00e1n Le\u00f3n, cobr\u00f3 de Servinabar 22.000 euros en 2020 trabajando como aut\u00f3noma, tal como ha informado EL ESPA\u00d1OL.<\/p>\n<p class=\"paragraph\" id=\"paragraph_40\">Luego se incorpor\u00f3 a la plantilla de <strong>la cooperativa Erkolan<\/strong>, que recibi\u00f3 <a href=\"https:\/\/www.elespanol.com\/espana\/20250731\/hermana-cerdan-cobro-euros-servinabar-traves-cooperativa-investigalauco\/1003743870429_0.html?utm_cmp_rs=linksinline\" rel=\"nofollow noopener\" target=\"_blank\">otros 2587.000 euros<\/a> de Servinabar por llevarle la contabilidad.<\/p>\n<p class=\"paragraph\" id=\"paragraph_41\">Tambi\u00e9n el cu\u00f1ado de Santos Cerd\u00e1n, <strong>Antonio Mu\u00f1oz Cano<\/strong>, cobr\u00f3 entre 2019 y 2022 un total de <strong>61.699 euros<\/strong> de la constructora.<\/p>\n<p class=\"paragraph\" id=\"paragraph_42\">El expresidente de la SEPI, <a cmp-ltrk=\"links-parrafos\" cmp-ltrk-idx=\"4\" data-mrf-link=\"https:\/\/www.elespanol.com\/espana\/20250602\/constructor-protegido-cerdan-logro-ficho-exjefe-sepi-montero-leire\/1003743782611_0.html\" href=\"https:\/\/www.elespanol.com\/espana\/20250602\/constructor-protegido-cerdan-logro-ficho-exjefe-sepi-montero-leire\/1003743782611_0.html?utm_cmp_rs=linksinline\" mrfobservableid=\"c3349cdc-53e4-4ecd-9a03-d2732f93264a\" rel=\"nofollow noopener\" target=\"_blank\">Vicente Fern\u00e1ndez Guerrero<\/a> (un hombre muy pr\u00f3ximo a la exvicepresidenta <strong>Mar\u00eda Jes\u00fas Montero<\/strong>), cobr\u00f3 cerca de <strong>218.000 euros<\/strong> de Servinabar.<\/p>\n<p class=\"paragraph\" data-mrf-recirculation=\"links-parrafos\" id=\"paragraph_43\">Del mismo modo, estuvo en n\u00f3mina de de la constructora <strong>Diana En\u00e9riz Veisa<\/strong>, novia de <a cmp-ltrk=\"links-parrafos\" cmp-ltrk-idx=\"6\" data-mrf-link=\"https:\/\/www.elespanol.com\/reportajes\/20250619\/alzorriz-latigo-chivite-pp-navarra-defendia-santos-cerdan-baluarte-socialismo\/1003743811291_0.html\" href=\"https:\/\/www.elespanol.com\/reportajes\/20250619\/alzorriz-latigo-chivite-pp-navarra-defendia-santos-cerdan-baluarte-socialismo\/1003743811291_0.html?utm_cmp_rs=linksinline\" mrfobservableid=\"a9d6be38-6d12-4c58-ae0e-ab54a5726fcb\" rel=\"nofollow noopener\" target=\"_blank\">Ram\u00f3n Alz\u00f3rriz<\/a>, que hasta el pasado mes de junio fue vicesecretario general del PSOE de Navarra (PSN): se embols\u00f3 <strong>m\u00e1s de 100.000 euros<\/strong> en cuatro a\u00f1os.<\/p>\n<p class=\"paragraph\" id=\"paragraph_44\">Mientras, aquella otra cr\u00f3nica local de proyectos urban\u00edsticos y empresas municipales hab\u00eda quedado ah\u00ed, olvidada en las memorias de un pueblo que no daba para tanto.<\/p>\n<p><img decoding=\"async\" alt=\"Ubicaci\u00f3n de la empresa El Panadero de Eugui, en Huarte, Navarra.\" height=\"180\" loading=\"lazy\" width=\"320\" data-lazy-status=\"processed\" id=\"56cf5ddd6a\" src=\"https:\/\/www.elespanol.com\/espana\/politica\/20250804\/milagro-ciudad-vacaciones-gran-proyecto-forjo-amistad-cerdan-antxon-alonso-cobrar-mordidas\/[\" https:=\"\" data-lazy-info=\"changed src\"\/><\/p>\n<p class=\"paragraph\" id=\"paragraph_45\">Esteban Garijo, que no ha querido aportar detalles a este reportaje, continu\u00f3 con los negocios como representante de una <strong>empresa de carretillas<\/strong>.<\/p>\n<p class=\"paragraph\" id=\"paragraph_46\">Y Rafael Abad, el otro socio principal de Milagro Servicios Integrales S.L., prosigui\u00f3 sin mucho \u00e9xito su vida pol\u00edtica en el municipio como candidato de Navarra Suma \u2014una coalici\u00f3n formada por Ciudadanos y UPN\u2014, al tiempo que <strong>produc\u00eda cerezas<\/strong>.<\/p>\n<p class=\"paragraph\" id=\"paragraph_47\">El hombre menos visible de aquella empresa municipal y <strong>el pol\u00edtico m\u00e1s improbable<\/strong> de todos ellos fue el que hizo carrera. Hasta que intervino la Guardia Civil y destap\u00f3 lo que hab\u00eda detr\u00e1s de Servinabar y sus <a href=\"https:\/\/www.elespanol.com\/espana\/20250801\/uco-sostiene-santos-cerdan-capacidad-decision-cooperativa-recibio-servinabar\/1003743870926_0.html?utm_cmp_rs=linksinline\" rel=\"nofollow noopener\" target=\"_blank\">relaciones peligrosas<\/a>.<\/p>\n<p class=\"paragraph\" id=\"paragraph_48\">Probablemente sus rivales \u2014o no tanto\u2014 de la pol\u00edtica municipal nunca pensaron en traspasar esa frontera que va de los negocios de una comarca a las influencias que conectan r\u00e1pidamente<strong> dinero y pol\u00edtica<\/strong> al m\u00e1s alto nivel. Cerd\u00e1n incluso niega que participara en ello, aunque eso ahora lo deber\u00e1 dictaminar un juez.<\/p>\n","protected":false},"excerpt":{"rendered":"Hay encuentros que indican que las cosas no deb\u00edan ir tan mal. El 20 de febrero de 2008,&hellip;\n","protected":false},"author":2,"featured_media":24355,"comment_status":"","ping_status":"","sticky":false,"template":"","format":"standard","meta":{"footnotes":""},"categories":[174],"tags":[255,767,146,147,25,24,256,10095,708,952,13841,2957,23],"class_list":{"0":"post-24354","1":"post","2":"type-post","3":"status-publish","4":"format-standard","5":"has-post-thumbnail","7":"category-famosos","8":"tag-celebrities","9":"tag-corrupcion","10":"tag-entertainment","11":"tag-entretenimiento","12":"tag-es","13":"tag-espana","14":"tag-famosos","15":"tag-milagro","16":"tag-navarra","17":"tag-politica","18":"tag-psn","19":"tag-psoe-partido-socialista-obrero-espanol","20":"tag-spain"},"share_on_mastodon":{"url":"","error":""},"_links":{"self":[{"href":"https:\/\/www.europesays.com\/es\/wp-json\/wp\/v2\/posts\/24354","targetHints":{"allow":["GET"]}}],"collection":[{"href":"https:\/\/www.europesays.com\/es\/wp-json\/wp\/v2\/posts"}],"about":[{"href":"https:\/\/www.europesays.com\/es\/wp-json\/wp\/v2\/types\/post"}],"author":[{"embeddable":true,"href":"https:\/\/www.europesays.com\/es\/wp-json\/wp\/v2\/users\/2"}],"replies":[{"embeddable":true,"href":"https:\/\/www.europesays.com\/es\/wp-json\/wp\/v2\/comments?post=24354"}],"version-history":[{"count":0,"href":"https:\/\/www.europesays.com\/es\/wp-json\/wp\/v2\/posts\/24354\/revisions"}],"wp:featuredmedia":[{"embeddable":true,"href":"https:\/\/www.europesays.com\/es\/wp-json\/wp\/v2\/media\/24355"}],"wp:attachment":[{"href":"https:\/\/www.europesays.com\/es\/wp-json\/wp\/v2\/media?parent=24354"}],"wp:term":[{"taxonomy":"category","embeddable":true,"href":"https:\/\/www.europesays.com\/es\/wp-json\/wp\/v2\/categories?post=24354"},{"taxonomy":"post_tag","embeddable":true,"href":"https:\/\/www.europesays.com\/es\/wp-json\/wp\/v2\/tags?post=24354"}],"curies":[{"name":"wp","href":"https:\/\/api.w.org\/{rel}","templated":true}]}}