{"id":243547,"date":"2025-11-18T22:50:13","date_gmt":"2025-11-18T22:50:13","guid":{"rendered":"https:\/\/www.europesays.com\/es\/243547\/"},"modified":"2025-11-18T22:50:13","modified_gmt":"2025-11-18T22:50:13","slug":"necesitamos-que-algunos-jugadores-recuperen-la-confianza","status":"publish","type":"post","link":"https:\/\/www.europesays.com\/es\/243547\/","title":{"rendered":"Necesitamos que algunos jugadores recuperen la confianza"},"content":{"rendered":"<p class=\"paragraph\">El Casademont Zaragoza <a href=\"https:\/\/www.heraldo.es\/noticias\/deportes\/baloncesto\/2025\/11\/17\/horario-donde-ver-gratis-partido-casademont-zaragoza-bakken-bears-1871042.html\" title=\"Horario y d\u00f3nde ver gratis el partido Casademont Zaragoza-Bakken Bears\" rel=\"nofollow noopener\" target=\"_blank\">recibe este mi\u00e9rcoles al Bakken Bears, en el pabell\u00f3n Pr\u00edncipe Felipe (20.00), <\/a>en la \u00faltima jornada de la primera fase de la FIBA Europe Cup. Y llega a la cita con los deberes ya hechos, <b>tras tener ya asegurada su presencia en la siguiente ronda. <\/b>Adem\u00e1s, tambi\u00e9n es seguro que lo har\u00e1 desde la primera posicion.\u00a0<\/p>\n<p class=\"paragraph\">Pese a ser un partido de tr\u00e1mite, <b>el entrenador ayudante del Casademont Zaragoza, Rodrigo San Miguel, <\/b>subraya la necesidad de \u00abrecuperar sensaciones\u00bb para ir preparando ya, \u00abde la mejor manera posible\u00bb, la importante cita del pr\u00f3ximo domingo ante el Tenerife, en la octava jornada de la Liga Endesa.\u00a0<\/p>\n<p class=\"paragraph\">\u00abQueremos que el partido ante el Bakken Bears nos sirva tambi\u00e9n para preparar el fin de semana, y tambi\u00e9n para recuperar sensaciones tras la derrota del \u00faltimo encuentro\u00bb, explic\u00f3 este martes San Miguel, quien anunci\u00f3 que, con todo ya decidido, <b>\u00ablos jugadores menos habituales dispondr\u00e1n de m\u00e1s minutos\u00bb <\/b>ante los daneses.\u00a0\u00a0<\/p>\n<p>Oportunidades y descanso<\/p>\n<p class=\"paragraph\">\u00abEste tipo de encuentros son buenos para ir metiendo jugadores que no han tenido tantos minutos en la Liga Endesa.\u00a0<b>Necesitamos que algunos jugadores recuperen la confianza, <\/b>y este partido es bueno para ello y tambi\u00e9n para que los que m\u00e1s juegan puedan bajar el ritmo\u00bb, a\u00f1adi\u00f3 el t\u00e9cnico, quien confes\u00f3 tambi\u00e9n que los descartes para el duelo ante el Bakken Bears \u00abtodav\u00eda no est\u00e1n decididos\u00bb.\u00a0<\/p>\n<p class=\"paragraph\">En el partido de la primera vuelta, el Bakken Bears fue capaz de sorprender al Casademont Zaragoza (90-78). \u00abDebemos cambiar la cara de aquel partido, ya que <b>no estuvimos al nivel que merec\u00eda el choque.<\/b> Tenemos que dar otra cara, ofrecer una mejor impresi\u00f3n\u00bb, advirti\u00f3 San Miguel, quien tambi\u00e9n analiz\u00f3 al rival: \u00abEs un equipo diferente a lo que estamos acostumbrados. Ellos juegan a muchas posesiones, muy r\u00e1pido, con un punto en ocasiones alocado. Van directos al aro. En Dinamarca, ellos encontraron un ritmo al que no supimos ajustarnos\u00bb, se\u00f1al\u00f3.\u00a0<\/p>\n<p class=\"paragraph\">Respecto a su actual labor como ayudante, San Miguel fue claro: \u00abEl a\u00f1o pasado disfrut\u00e9 mucho el tiempo que estuve al frente del equipo\u00bb, afirm\u00f3, en referencia a los cinco \u00faltimos partidos de la temporada, cuando sustituy\u00f3 en banquillo a Porfirio Fisac. \u00abSin embargo, <b>no tengo prisa por ser el primer entrenador. <\/b>Ahora mismo estoy en muy buen sitio y aprendiendo de un muy buen profesional como es Jes\u00fas Ram\u00edrez\u00bb, sostuvo.\u00a0<\/p>\n","protected":false},"excerpt":{"rendered":"El Casademont Zaragoza recibe este mi\u00e9rcoles al Bakken Bears, en el pabell\u00f3n Pr\u00edncipe Felipe (20.00), en la \u00faltima&hellip;\n","protected":false},"author":2,"featured_media":243548,"comment_status":"","ping_status":"","sticky":false,"template":"","format":"standard","meta":{"footnotes":""},"categories":[269],"tags":[299,298,168,25,24,4098,7106,2228,23,167],"class_list":{"0":"post-243547","1":"post","2":"type-post","3":"status-publish","4":"format-standard","5":"has-post-thumbnail","7":"category-baloncesto","8":"tag-baloncesto","9":"tag-basketball","10":"tag-deportes","11":"tag-es","12":"tag-espana","13":"tag-miguel","14":"tag-rodrigo","15":"tag-san","16":"tag-spain","17":"tag-sports"},"share_on_mastodon":{"url":"https:\/\/pubeurope.com\/@es\/115573150556033113","error":""},"_links":{"self":[{"href":"https:\/\/www.europesays.com\/es\/wp-json\/wp\/v2\/posts\/243547","targetHints":{"allow":["GET"]}}],"collection":[{"href":"https:\/\/www.europesays.com\/es\/wp-json\/wp\/v2\/posts"}],"about":[{"href":"https:\/\/www.europesays.com\/es\/wp-json\/wp\/v2\/types\/post"}],"author":[{"embeddable":true,"href":"https:\/\/www.europesays.com\/es\/wp-json\/wp\/v2\/users\/2"}],"replies":[{"embeddable":true,"href":"https:\/\/www.europesays.com\/es\/wp-json\/wp\/v2\/comments?post=243547"}],"version-history":[{"count":0,"href":"https:\/\/www.europesays.com\/es\/wp-json\/wp\/v2\/posts\/243547\/revisions"}],"wp:featuredmedia":[{"embeddable":true,"href":"https:\/\/www.europesays.com\/es\/wp-json\/wp\/v2\/media\/243548"}],"wp:attachment":[{"href":"https:\/\/www.europesays.com\/es\/wp-json\/wp\/v2\/media?parent=243547"}],"wp:term":[{"taxonomy":"category","embeddable":true,"href":"https:\/\/www.europesays.com\/es\/wp-json\/wp\/v2\/categories?post=243547"},{"taxonomy":"post_tag","embeddable":true,"href":"https:\/\/www.europesays.com\/es\/wp-json\/wp\/v2\/tags?post=243547"}],"curies":[{"name":"wp","href":"https:\/\/api.w.org\/{rel}","templated":true}]}}