{"id":243549,"date":"2025-11-18T22:51:10","date_gmt":"2025-11-18T22:51:10","guid":{"rendered":"https:\/\/www.europesays.com\/es\/243549\/"},"modified":"2025-11-18T22:51:10","modified_gmt":"2025-11-18T22:51:10","slug":"el-club-cerrara-el-fondo-sur","status":"publish","type":"post","link":"https:\/\/www.europesays.com\/es\/243549\/","title":{"rendered":"El club cerrar\u00e1 el fondo Sur"},"content":{"rendered":"<p class=\"paragraph\">Este art\u00edculo necesita de un pr\u00f3logo explicativo, como si fuese un libro, para que el lector sepa qu\u00e9 materia escurridiza y viscosa est\u00e1 leyendo. All\u00e1 va el introito, que merece ser recitado como la lista de lo que pudo ser y no fue.<\/p>\n<p class=\"paragraph\">El Valladolid Arena, con la cubierta del macropabell\u00f3n, con zona de ocio y comercial,  prolong\u00e1ndose hasta la de la zona Oeste del estadio, creando una nueva. El hotel que cerrar\u00eda el fondo Sur. La galer\u00eda comercial colocada junto al fondo Norte, en la zona de aparcamientos. El monumento a la afici\u00f3n dise\u00f1ado por Crist\u00f3bal Gabarr\u00f3n.  La Ciudad Deportiva proyectada por Carlos Su\u00e1rez, con subsede en Pinar de Jal\u00f3n. La nueva Ciudad Deportiva proyectada por el grupo de Ronaldo (\u00e9l no se enteraba de casi nada), con campos en el actual aparcamiento, el cual se desplazaba hasta el Real de la Feria. Una zona ajardinada que rodear\u00eda el estadio en forma de parque, obra del grupo municipal anterior. El Minibernab\u00e9u expuesto en infograf\u00eda por el actual, antes de las elecciones municipales.<\/p>\n<p class=\"paragraph\">Todo esto se perdi\u00f3 como l\u00e1grimas en la lluvia, como dijo el replicante Roy Batty en Blade Runner. Una obra de ciencia-ficci\u00f3n. Como las de Zorrilla.<\/p>\n<p class=\"paragraph\">El estadio s\u00f3lo ha vivido en sus 43 a\u00f1os, como mayores intervenciones, el cierre con palcos del fondo Norte para evitar las corrientes de aire en 1986, la retirada del foso en 2018 y el lavado de cara de su fachada en 2024.<\/p>\n<p class=\"paragraph\">Ahora la nueva propiedad de Ignite y Ben Oldman anuncia otra vez obras. Como a todos, hay que concederles credibilidad, hasta que el tiempo no la entierre. Seg\u00fan anunci\u00f3 Marca, los due\u00f1os del club planean cerrar el fondo Sur y dotar al estadio de un  aspecto de bombonera que necesita tanto por est\u00e9tica como para que no haya lista de espera de abonados, cuando se ascienda. Con m\u00e1s de 30.000 espectadores, Zorrilla podr\u00eda recibir 4 estrellas de la UEFA y ser escenario para fases de grupos de un Mundial. El de 2030 ya pasar\u00e1 de largo.<\/p>\n<p class=\"paragraph\">Otras actuaciones de la nueva dirigencia en el coliseo pucelano son la remodelaci\u00f3n de los palcos privados ubicados en la tribuna Norte, considerados obsoletos; y el aprovechamiento del desocupado interior del estadio para crear en sus bajos zonas que den vida a diario a la instalaci\u00f3n, con congresos y otro tipo de eventos, aprovechando el tir\u00f3n del f\u00fatbol.<\/p>\n<p class=\"paragraph\">Los nuevos propietarios al menos se han puesto manos a la obra (en ambos sentidos) y ya han contactado con t\u00e9cnicos que han visitado la instalaci\u00f3n para valorar sus posibilidades y la forma de acometer las actuaciones sobre la misma. Los primeros bocetos ya est\u00e1n en marcha.  Ignite y Bel Oldman no contemplan crear una Ciudad Deportiva y se centran en el Jos\u00e9 Zorrilla.<\/p>\n","protected":false},"excerpt":{"rendered":"Este art\u00edculo necesita de un pr\u00f3logo explicativo, como si fuese un libro, para que el lector sepa qu\u00e9&hellip;\n","protected":false},"author":2,"featured_media":243550,"comment_status":"","ping_status":"","sticky":false,"template":"","format":"standard","meta":{"footnotes":""},"categories":[268],"tags":[168,9606,25,24,280,282,51096,62452,7850,281,23,167],"class_list":{"0":"post-243549","1":"post","2":"type-post","3":"status-publish","4":"format-standard","5":"has-post-thumbnail","7":"category-futbol","8":"tag-deportes","9":"tag-elecciones-municipales","10":"tag-es","11":"tag-espana","12":"tag-football","13":"tag-futbol","14":"tag-listas-de-espera","15":"tag-real-de-la-feria","16":"tag-ronaldo-nazario","17":"tag-soccer","18":"tag-spain","19":"tag-sports"},"share_on_mastodon":{"url":"https:\/\/pubeurope.com\/@es\/115573154482024255","error":""},"_links":{"self":[{"href":"https:\/\/www.europesays.com\/es\/wp-json\/wp\/v2\/posts\/243549","targetHints":{"allow":["GET"]}}],"collection":[{"href":"https:\/\/www.europesays.com\/es\/wp-json\/wp\/v2\/posts"}],"about":[{"href":"https:\/\/www.europesays.com\/es\/wp-json\/wp\/v2\/types\/post"}],"author":[{"embeddable":true,"href":"https:\/\/www.europesays.com\/es\/wp-json\/wp\/v2\/users\/2"}],"replies":[{"embeddable":true,"href":"https:\/\/www.europesays.com\/es\/wp-json\/wp\/v2\/comments?post=243549"}],"version-history":[{"count":0,"href":"https:\/\/www.europesays.com\/es\/wp-json\/wp\/v2\/posts\/243549\/revisions"}],"wp:featuredmedia":[{"embeddable":true,"href":"https:\/\/www.europesays.com\/es\/wp-json\/wp\/v2\/media\/243550"}],"wp:attachment":[{"href":"https:\/\/www.europesays.com\/es\/wp-json\/wp\/v2\/media?parent=243549"}],"wp:term":[{"taxonomy":"category","embeddable":true,"href":"https:\/\/www.europesays.com\/es\/wp-json\/wp\/v2\/categories?post=243549"},{"taxonomy":"post_tag","embeddable":true,"href":"https:\/\/www.europesays.com\/es\/wp-json\/wp\/v2\/tags?post=243549"}],"curies":[{"name":"wp","href":"https:\/\/api.w.org\/{rel}","templated":true}]}}