{"id":243551,"date":"2025-11-18T22:52:09","date_gmt":"2025-11-18T22:52:09","guid":{"rendered":"https:\/\/www.europesays.com\/es\/243551\/"},"modified":"2025-11-18T22:52:09","modified_gmt":"2025-11-18T22:52:09","slug":"melyssa-pinto-da-un-paso-mas-en-su-relacion-con-mario-casas-y-comparte-por-primera-vez-una-imagen","status":"publish","type":"post","link":"https:\/\/www.europesays.com\/es\/243551\/","title":{"rendered":"Melyssa Pinto da un paso m\u00e1s en su relaci\u00f3n con Mario Casas y comparte por primera vez una imagen"},"content":{"rendered":"<p id=\"eMcRjzms2e\" data-wc=\"114\">\u00abAh\u00ed me doy cuenta de lo maravillosa que es la vida\u00bb, les ha dicho Melyssa Pinto a su m\u00e1s de un mill\u00f3n de seguidores para explicarles en qu\u00e9 consiste el feliz momento que atraviesa. \u00abRecoger la \u00faltima pizca de calor del d\u00eda, cargarte de energ\u00eda, disfrutar peque\u00f1os instantes que te hacen sentir viva\u00bb, han sido sus palabras, sacadas de un fragmento de &#8216;Pearl Harbor&#8217;, su pel\u00edcula favorita. Unas frases que ha acompa\u00f1ado de una serie de im\u00e1genes, entre las cuales destaca la que muestra a <a class=\"hm-link ho-link\" href=\"https:\/\/www.hola.com\/actualidad\/20250914855715\/mario-casas-melyssa-pinto-foto-bolera\/\" data-mrf-recirculation=\"article-body-link\" rel=\"nofollow noopener\" target=\"_blank\">Mario Casas, su pareja desde hace aproximadamente ocho meses<\/a>, sujetando la mascota de su chica, Romeo, un precioso perro de raza Pomerania. \u00bfQuieres verlo? \u00a1No te pierdas el v\u00eddeo!<\/p>\n","protected":false},"excerpt":{"rendered":"\u00abAh\u00ed me doy cuenta de lo maravillosa que es la vida\u00bb, les ha dicho Melyssa Pinto a su&hellip;\n","protected":false},"author":2,"featured_media":243552,"comment_status":"","ping_status":"","sticky":false,"template":"","format":"standard","meta":{"footnotes":""},"categories":[174],"tags":[517,255,146,147,25,24,256,4718,4717,23],"class_list":{"0":"post-243551","1":"post","2":"type-post","3":"status-publish","4":"format-standard","5":"has-post-thumbnail","7":"category-famosos","8":"tag-actualidad","9":"tag-celebrities","10":"tag-entertainment","11":"tag-entretenimiento","12":"tag-es","13":"tag-espana","14":"tag-famosos","15":"tag-mario-casas","16":"tag-melyssa-pinto","17":"tag-spain"},"share_on_mastodon":{"url":"https:\/\/pubeurope.com\/@es\/115573159239553981","error":""},"_links":{"self":[{"href":"https:\/\/www.europesays.com\/es\/wp-json\/wp\/v2\/posts\/243551","targetHints":{"allow":["GET"]}}],"collection":[{"href":"https:\/\/www.europesays.com\/es\/wp-json\/wp\/v2\/posts"}],"about":[{"href":"https:\/\/www.europesays.com\/es\/wp-json\/wp\/v2\/types\/post"}],"author":[{"embeddable":true,"href":"https:\/\/www.europesays.com\/es\/wp-json\/wp\/v2\/users\/2"}],"replies":[{"embeddable":true,"href":"https:\/\/www.europesays.com\/es\/wp-json\/wp\/v2\/comments?post=243551"}],"version-history":[{"count":0,"href":"https:\/\/www.europesays.com\/es\/wp-json\/wp\/v2\/posts\/243551\/revisions"}],"wp:featuredmedia":[{"embeddable":true,"href":"https:\/\/www.europesays.com\/es\/wp-json\/wp\/v2\/media\/243552"}],"wp:attachment":[{"href":"https:\/\/www.europesays.com\/es\/wp-json\/wp\/v2\/media?parent=243551"}],"wp:term":[{"taxonomy":"category","embeddable":true,"href":"https:\/\/www.europesays.com\/es\/wp-json\/wp\/v2\/categories?post=243551"},{"taxonomy":"post_tag","embeddable":true,"href":"https:\/\/www.europesays.com\/es\/wp-json\/wp\/v2\/tags?post=243551"}],"curies":[{"name":"wp","href":"https:\/\/api.w.org\/{rel}","templated":true}]}}