{"id":243557,"date":"2025-11-18T22:58:11","date_gmt":"2025-11-18T22:58:11","guid":{"rendered":"https:\/\/www.europesays.com\/es\/243557\/"},"modified":"2025-11-18T22:58:11","modified_gmt":"2025-11-18T22:58:11","slug":"gonzalo-marca-en-la-victoria-de-espana-sub-21-en-rumania","status":"publish","type":"post","link":"https:\/\/www.europesays.com\/es\/243557\/","title":{"rendered":"Gonzalo marca en la victoria de Espa\u00f1a sub-21 en Ruman\u00eda"},"content":{"rendered":"<p><b>Gonzalo<\/b> fue decisivo en la victoria de Espa\u00f1a sub-21 en Ruman\u00eda. El delantero del <b>Real Madrid<\/b>, que disput\u00f3 todo el partido, marc\u00f3 el primer tanto del encuentro en el minuto 17 al rematar de cabeza un centro de Fresneda. Ya en la segunda mitad, el propio Fresneda puso el 0-2 definitivo en el 53\u2019.<\/p>\n<p>Con estos tres puntos, Espa\u00f1a sub-21, que ha ganado los cinco partidos disputados hasta la fecha, aumenta distancias en el liderato del grupo de clasificaci\u00f3n para el Europeo de la categor\u00eda. Ya aventaja en cinco puntos a Finlandia, que empat\u00f3 sin goles frente a Kosovo.<\/p>\n","protected":false},"excerpt":{"rendered":"Gonzalo fue decisivo en la victoria de Espa\u00f1a sub-21 en Ruman\u00eda. El delantero del Real Madrid, que disput\u00f3&hellip;\n","protected":false},"author":2,"featured_media":243558,"comment_status":"","ping_status":"","sticky":false,"template":"","format":"standard","meta":{"footnotes":""},"categories":[93],"tags":[168,25,24,23,167],"class_list":{"0":"post-243557","1":"post","2":"type-post","3":"status-publish","4":"format-standard","5":"has-post-thumbnail","7":"category-deportes","8":"tag-deportes","9":"tag-es","10":"tag-espana","11":"tag-spain","12":"tag-sports"},"share_on_mastodon":{"url":"https:\/\/pubeurope.com\/@es\/115573182151532312","error":""},"_links":{"self":[{"href":"https:\/\/www.europesays.com\/es\/wp-json\/wp\/v2\/posts\/243557","targetHints":{"allow":["GET"]}}],"collection":[{"href":"https:\/\/www.europesays.com\/es\/wp-json\/wp\/v2\/posts"}],"about":[{"href":"https:\/\/www.europesays.com\/es\/wp-json\/wp\/v2\/types\/post"}],"author":[{"embeddable":true,"href":"https:\/\/www.europesays.com\/es\/wp-json\/wp\/v2\/users\/2"}],"replies":[{"embeddable":true,"href":"https:\/\/www.europesays.com\/es\/wp-json\/wp\/v2\/comments?post=243557"}],"version-history":[{"count":0,"href":"https:\/\/www.europesays.com\/es\/wp-json\/wp\/v2\/posts\/243557\/revisions"}],"wp:featuredmedia":[{"embeddable":true,"href":"https:\/\/www.europesays.com\/es\/wp-json\/wp\/v2\/media\/243558"}],"wp:attachment":[{"href":"https:\/\/www.europesays.com\/es\/wp-json\/wp\/v2\/media?parent=243557"}],"wp:term":[{"taxonomy":"category","embeddable":true,"href":"https:\/\/www.europesays.com\/es\/wp-json\/wp\/v2\/categories?post=243557"},{"taxonomy":"post_tag","embeddable":true,"href":"https:\/\/www.europesays.com\/es\/wp-json\/wp\/v2\/tags?post=243557"}],"curies":[{"name":"wp","href":"https:\/\/api.w.org\/{rel}","templated":true}]}}