{"id":243574,"date":"2025-11-18T23:13:12","date_gmt":"2025-11-18T23:13:12","guid":{"rendered":"https:\/\/www.europesays.com\/es\/243574\/"},"modified":"2025-11-18T23:13:12","modified_gmt":"2025-11-18T23:13:12","slug":"tebas-critica-la-nba-europa-va-contra-el-modelo-europeo-del-deporte","status":"publish","type":"post","link":"https:\/\/www.europesays.com\/es\/243574\/","title":{"rendered":"Tebas critica la NBA Europa: \u201cVa contra el modelo europeo del deporte\u201d"},"content":{"rendered":"<p class=\"\">El presidente de <b>LaLiga<\/b>, <b>Javier Tebas<\/b>, agradeci\u00f3 hoy la \u201cbuena fe\u201d del <b>comisario europeo responsable de Deporte<\/b>, <b>Glenn Micallef<\/b>, pero lament\u00f3 que su an\u00e1lisis sobre el f\u00fatbol sea demasiado inocente.<\/p>\n<p class=\"\">\u201cNo dudo de la buena fe del comisario, pero es m\u00e1s ingenuo que mis hijos adolescentes\u201d, dijo <b>Tebas <\/b>en la reuni\u00f3n anual de la <b>Uni\u00f3n de Clubes Europeos<\/b> (<b>UEC<\/b>) de f\u00fatbol, <b>creada en 2023<\/b> para defender los intereses de los clubes peque\u00f1os y medianos.<\/p>\n<p class=\"\">Poco antes, en ese mismo foro, <b>el comisario malt\u00e9s, de 36 a\u00f1os<\/b>, hab\u00eda defendido en l\u00edneas generales los planteamientos de la <b>UEC<\/b>, pero sin anunciar medidas concretas, por ejemplo, para intervenir en la gobernanza del f\u00fatbol europeo que pilota la <b>UEFA<\/b>.<\/p>\n<p class=\"\">\u201cHabla de la amenaza de la <b>Superliga<\/b>, que sigue existiendo\u201d, continu\u00f3 <b>Tebas<\/b> sobre la intervenci\u00f3n previa del comisario, y dice que \u201cla UE no puede regular el f\u00fatbol solo, puede regular el deporte\u201d.<\/p>\n<p class=\"\">\u201cResulta que el segundo deporte de <b>Europa<\/b>, el baloncesto, est\u00e1 haciendo una <b>Superliga <\/b>id\u00e9ntica (&#8230;) a la de <b>2021 <\/b>que amenaz\u00f3 el f\u00fatbol europeo\u201d, agreg\u00f3 el presidente de <b>LaLiga<\/b>, quien critic\u00f3 el proyecto de la <b>NBA <\/b>de organizar una competici\u00f3n en <b>Europa <\/b>con \u201c<b>12 equipos fijos y 4 que ascienden<\/b> de las competiciones nacionales\u201d.<\/p>\n<p class=\"\"><b>Tebas<\/b> asegur\u00f3 que quienes impulsan esa competici\u00f3n de basket son los mismos que lideran la <b>Superliga <\/b>de f\u00fatbol y \u201ceso va contra el modelo europeo del deporte\u201d.<\/p>\n<p class=\"\">Afe\u00f3 al comisario que no haya comentado esa cuesti\u00f3n en redes sociales, donde s\u00ed critic\u00f3 \u201ca <b>LaLiga <\/b>por hacer una cosa en <b>EE.UU.<\/b> que no era trascendental\u201d.<\/p>\n<p>Noticias relacionadas<a href=\"https:\/\/as.com\/baloncesto\/nba\/aivazoglou-real-madrid-y-barcelona-queremos-a-los-mejores-en-nuestro-proyecto-f202511-n\/\" class=\"s_m_w _rt-16x9\" title=\"George Aivazoglou, director general de la NBA para Europa y Oriente Pr\u00f3ximo, charla con AS sobre el nuevo proyecto de la Liga norteamericana en Europa: \u201cHay un impulso tremendo\u201d.\" data-tb-link=\"\" rel=\"nofollow noopener\" target=\"_blank\"><img decoding=\"async\" src=\"https:\/\/www.europesays.com\/es\/wp-content\/uploads\/2025\/11\/1763507591_259_RCGXQSC7WJGTFL6ILD7W6SOBQI.jpg\" alt=\"Aivazoglou: \u201c\u00bfReal Madrid y Barcelona? Queremos a los mejores en nuestro proyecto\u201d\" class=\"\" height=\"9\" width=\"16\"   loading=\"lazy\" data-tb-thumbnail=\"\"\/><\/a><a href=\"https:\/\/as.com\/baloncesto\/nba\/para-la-nba-no-es-suficiente-lo-que-tienen-alli-f202511-n\/\" class=\"s_m_w _rt-16x9\" title=\"Ettore Messina, t\u00e9cnico del Mil\u00e1n, y Zeljko Obradovic, del Partiz\u00e1n, dan su opini\u00f3n sobre los \u00faltimos novedades del futuro desembarco de la NBA en Europa.\" data-tb-link=\"\" rel=\"nofollow noopener\" target=\"_blank\"><img decoding=\"async\" src=\"https:\/\/www.europesays.com\/es\/wp-content\/uploads\/2025\/11\/1763507592_295_AYCAXAFFPFJCZMEQNK2ALE2R4Y.jpg\" alt=\"Obradovic: \u201cPara la NBA no es suficiente lo que tienen all\u00ed\u201d\" class=\"\" height=\"9\" width=\"16\"   loading=\"lazy\" data-tb-thumbnail=\"\"\/><\/a><\/p>\n<p class=\"\">El gestor espa\u00f1ol se refer\u00eda al posicionamiento del comisario en contra del <b>Villarreal-Barca<\/b> que <b>LaLiga <\/b>pretend\u00eda organizar en <b>Miami <\/b>y que desencaden\u00f3 una \u201cpol\u00e9mica divertida\u201d en medios y redes sociales entre ambos, seg\u00fan la defini\u00f3 <b>Tebas<\/b>.<\/p>\n<p class=\"\"><b>\u00a1Tus opiniones importan!<\/b> Comenta en los art\u00edculos y suscr\u00edbete gratis a nuestra <a href=\"https:\/\/asfan.as.com\/newsletters\/\" target=\"_blank\" rel=\"nofollow noopener\" title=\"https:\/\/asfan.as.com\/newsletters\/\">newsletter<\/a> y a las alertas informativas en la <a href=\"https:\/\/as.com\/aplicacion-de-as-n\/\" target=\"_blank\" rel=\"nofollow noopener\" title=\"https:\/\/as.com\/aplicacion-de-as-n\/\">App<\/a> o el canal de <a href=\"https:\/\/www.whatsapp.com\/channel\/0029VaAasdA7j6g745nz9M10\" target=\"_blank\" rel=\"nofollow noopener\" title=\"https:\/\/www.whatsapp.com\/channel\/0029VaAasdA7j6g745nz9M10\">WhatsApp<\/a>. \u00bfBuscas licenciar contenido? Haz clic <a href=\"https:\/\/profesional.elpais.com\/soluciones-sindicacion?utm_medium=interno&amp;utm_source=crosslinking&amp;utm_campaign=sindicacion_as_pie_articulos\" target=\"_blank\" rel=\"nofollow noopener\" title=\"https:\/\/profesional.elpais.com\/soluciones-sindicacion?utm_medium=interno&amp;utm_source=crosslinking&amp;utm_campaign=sindicacion_as_pie_articulos\">aqu\u00ed<\/a><\/p>\n","protected":false},"excerpt":{"rendered":"El presidente de LaLiga, Javier Tebas, agradeci\u00f3 hoy la \u201cbuena fe\u201d del comisario europeo responsable de Deporte, Glenn&hellip;\n","protected":false},"author":2,"featured_media":243575,"comment_status":"","ping_status":"","sticky":false,"template":"","format":"standard","meta":{"footnotes":""},"categories":[269],"tags":[299,298,168,25,24,23,167],"class_list":{"0":"post-243574","1":"post","2":"type-post","3":"status-publish","4":"format-standard","5":"has-post-thumbnail","7":"category-baloncesto","8":"tag-baloncesto","9":"tag-basketball","10":"tag-deportes","11":"tag-es","12":"tag-espana","13":"tag-spain","14":"tag-sports"},"share_on_mastodon":{"url":"https:\/\/pubeurope.com\/@es\/115573241600668853","error":""},"_links":{"self":[{"href":"https:\/\/www.europesays.com\/es\/wp-json\/wp\/v2\/posts\/243574","targetHints":{"allow":["GET"]}}],"collection":[{"href":"https:\/\/www.europesays.com\/es\/wp-json\/wp\/v2\/posts"}],"about":[{"href":"https:\/\/www.europesays.com\/es\/wp-json\/wp\/v2\/types\/post"}],"author":[{"embeddable":true,"href":"https:\/\/www.europesays.com\/es\/wp-json\/wp\/v2\/users\/2"}],"replies":[{"embeddable":true,"href":"https:\/\/www.europesays.com\/es\/wp-json\/wp\/v2\/comments?post=243574"}],"version-history":[{"count":0,"href":"https:\/\/www.europesays.com\/es\/wp-json\/wp\/v2\/posts\/243574\/revisions"}],"wp:featuredmedia":[{"embeddable":true,"href":"https:\/\/www.europesays.com\/es\/wp-json\/wp\/v2\/media\/243575"}],"wp:attachment":[{"href":"https:\/\/www.europesays.com\/es\/wp-json\/wp\/v2\/media?parent=243574"}],"wp:term":[{"taxonomy":"category","embeddable":true,"href":"https:\/\/www.europesays.com\/es\/wp-json\/wp\/v2\/categories?post=243574"},{"taxonomy":"post_tag","embeddable":true,"href":"https:\/\/www.europesays.com\/es\/wp-json\/wp\/v2\/tags?post=243574"}],"curies":[{"name":"wp","href":"https:\/\/api.w.org\/{rel}","templated":true}]}}