{"id":243588,"date":"2025-11-18T23:22:13","date_gmt":"2025-11-18T23:22:13","guid":{"rendered":"https:\/\/www.europesays.com\/es\/243588\/"},"modified":"2025-11-18T23:22:13","modified_gmt":"2025-11-18T23:22:13","slug":"el-80-de-los-casos-de-cancer-de-pulmon-se-podrian-evitar-con-una-decision-sencilla","status":"publish","type":"post","link":"https:\/\/www.europesays.com\/es\/243588\/","title":{"rendered":"El 80% de los casos de c\u00e1ncer de pulm\u00f3n se podr\u00edan evitar con una decisi\u00f3n sencilla"},"content":{"rendered":"<p><img alt=\"El c\u00e1ncer de pulm\u00f3n es\" class=\"global-image\" decoding=\"async\" fetchpriority=\"high\" height=\"816\" loading=\"eager\" src=\"https:\/\/www.europesays.com\/es\/wp-content\/uploads\/2025\/11\/ECZQJWYGCBCYXBSUAVT64L2ONI.jpg\" width=\"1456\"\/>El c\u00e1ncer de pulm\u00f3n es la principal causa de mortalidad oncol\u00f3gica en la Argentina (Imagen Ilustrativa Infobae)<\/p>\n<p class=\"paragraph\">El<b> <\/b><a rel=\"noopener noreferrer nofollow\" href=\"https:\/\/www.google.com\/aclk?sa=L&amp;pf=1&amp;ai=DChsSEwibpLKk_PaQAxV6QUgAHYfpELAYACICCAEQABoCY2U&amp;co=1&amp;ase=2&amp;gclid=Cj0KCQiAiebIBhDmARIsAE8PGNIv5pkqMvH5kBoRwGBphR38CHvsahAtVWTaAFaOR9tFqngRK3aTo5waAk-OEALw_wcB&amp;cid=CAASWeRo9LreelK_PA2PYlnY-zVxxwpQPqEMX7uCge3OfY3ZbcXsyU82cd8-5OX5ZG9unssZO5TTnjtLJrHuV1uWmMhMu0SnKOZq8uymO9QJqFapO9il3Tj1RjWO&amp;cce=2&amp;category=acrcp_v1_32&amp;sig=AOD64_3KXXYCYzY3-eYwp2pdhixRW0nx6w&amp;q&amp;nis=4&amp;adurl=https:\/\/www.infobae.com\/noticias\/2023\/04\/03\/cancer-de-pulmon-causas-sintomas-y-tratamiento\/?gad_source%3D1%26gad_campaignid%3D20993778607%26gbraid%3D0AAAAADmqXxTBvXMw7oGcJ4mDuE7axFu-M%26gclid%3DCj0KCQiAiebIBhDmARIsAE8PGNIv5pkqMvH5kBoRwGBphR38CHvsahAtVWTaAFaOR9tFqngRK3aTo5waAk-OEALw_wcB&amp;ved=2ahUKEwjQxKuk_PaQAxWPHbkGHQM0G64Q0Qx6BAgKEAE\" target=\"_blank\" title=\"https:\/\/www.google.com\/aclk?sa=L&amp;pf=1&amp;ai=DChsSEwibpLKk_PaQAxV6QUgAHYfpELAYACICCAEQABoCY2U&amp;co=1&amp;ase=2&amp;gclid=Cj0KCQiAiebIBhDmARIsAE8PGNIv5pkqMvH5kBoRwGBphR38CHvsahAtVWTaAFaOR9tFqngRK3aTo5waAk-OEALw_wcB&amp;cid=CAASWeRo9LreelK_PA2PYlnY-zVxxwpQPqEMX7uCge3OfY3ZbcXsyU82cd8-5OX5ZG9unssZO5TTnjtLJrHuV1uWmMhMu0SnKOZq8uymO9QJqFapO9il3Tj1RjWO&amp;cce=2&amp;category=acrcp_v1_32&amp;sig=AOD64_3KXXYCYzY3-eYwp2pdhixRW0nx6w&amp;q&amp;nis=4&amp;adurl=https:\/\/www.infobae.com\/noticias\/2023\/04\/03\/cancer-de-pulmon-causas-sintomas-y-tratamiento\/?gad_source%3D1%26gad_campaignid%3D20993778607%26gbraid%3D0AAAAADmqXxTBvXMw7oGcJ4mDuE7axFu-M%26gclid%3DCj0KCQiAiebIBhDmARIsAE8PGNIv5pkqMvH5kBoRwGBphR38CHvsahAtVWTaAFaOR9tFqngRK3aTo5waAk-OEALw_wcB&amp;ved=2ahUKEwjQxKuk_PaQAxWPHbkGHQM0G64Q0Qx6BAgKEAE\"><b>c\u00e1ncer de pulm\u00f3n<\/b><\/a> es el tercer tumor m\u00e1s frecuente en la <b>Argentina<\/b>, detr\u00e1s del de <b>mama <\/b>y el <b>colorrectal<\/b>. Su incidencia es de tal magnitud que representa casi 1 de cada 10 nuevos casos detectados en todo el pa\u00eds y los especialistas advierten que tiene un impacto cada vez mayor entre las mujeres. El camino para revertirlo tiene una consigna central: no <a rel=\"noopener noreferrer nofollow\" href=\"https:\/\/www.infobae.com\/tag\/fumar\/\" target=\"_blank\" title=\"https:\/\/www.infobae.com\/tag\/fumar\/\"><b>fumar<\/b><\/a> o dejar de hacerlo en caso de ya haber adoptado este riesgoso h\u00e1bito.<\/p>\n<p class=\"paragraph\">Los datos de Globocan, el <b>Observatorio Mundial del C\u00e1ncer<\/b> que monitorea las estad\u00edsticas a nivel global, indican que en la Argentina se diagnostican al a\u00f1o 13 mil nuevos casos del c\u00e1ncer de pulm\u00f3n (el 9,8% del total nacional).<\/p>\n<p class=\"paragraph\">Aunque durante a\u00f1os se la abordaba como una enfermedad que afectaba principalmente a los varones, hoy la incidencia tiende lentamente a equipararse y los casos en la poblaci\u00f3n femenina ya representan el 35% del total.<\/p>\n<p class=\"paragraph\">\u201cEn relaci\u00f3n con Latinoam\u00e9rica estas cifras posicionan a nuestro pa\u00eds dentro de un segmento de mediana incidencia de c\u00e1ncer de pulm\u00f3n. Lamentablemente no hay estad\u00edsticas amplias sobre la situaci\u00f3n del c\u00e1ncer en general en la Argentina y no ha habido mejoras en este punto en los \u00faltimos a\u00f1os. Es clave encarar pol\u00edticas que permitan tener estad\u00edsticas de c\u00e1ncer confiables\u201d, se\u00f1ala el doctor <b>Claudio Martin <\/b>(MN 82958), jefe de Oncolog\u00eda Tor\u00e1cica de<b>l Instituto Alexander Fleming (IAF).<\/b><\/p>\n<p><img alt=\"El tabaquismo es responsable del\" class=\"global-image\" decoding=\"async\" fetchpriority=\"low\" height=\"1080\" loading=\"lazy\" src=\"https:\/\/www.europesays.com\/es\/wp-content\/uploads\/2025\/11\/2NWMNXBECFCDLMMSZWGITJNQBM.jpg\" width=\"1960\"\/>El tabaquismo es responsable del 80% de los casos de c\u00e1ncer de pulm\u00f3n en el pa\u00eds (Freepik)<\/p>\n<p class=\"paragraph\">\u201cA pesar de los \u00faltimos avances, no se puede afirmar con certeza que en la Argentina la incidencia est\u00e9 bajando. Es probable que est\u00e9 estabiliz\u00e1ndose o bajando levemente en los hombres por las pol\u00edticas p\u00fablicas de reducci\u00f3n del consumo de tabaco pero hay informaci\u00f3n de que en las mujeres y en grupos que nunca fumaron la incidencia podr\u00eda estar aumentando\u201d, analiza el doctor <b>Jos\u00e9 Luis Morero <\/b>(MN 52120), m\u00e9dico especialista en Neumonolog\u00eda y jefe de la secci\u00f3n Neumonolog\u00eda y Coordinador del Programa de Detecci\u00f3n Precoz de C\u00e1ncer de Pulm\u00f3n del IAF.<\/p>\n<p class=\"paragraph\">Un dato preocupante es que el c\u00e1ncer de pulm\u00f3n es el que m\u00e1s muertes provoca en nuestro pa\u00eds, con m\u00e1s de 10 mil al a\u00f1o, seg\u00fan los \u00faltimos datos de Globocan que son de 2022. Esto representa uno de cada 7 fallecimientos asociado a patolog\u00edas oncol\u00f3gicas en la Argentina. \u201cSi bien hay que destacar que la mortalidad viene en descenso especialmente en pa\u00edses m\u00e1s desarrollados, a\u00fan sigue siendo muy alta\u201d, apunta el doctor Mart\u00edn. La mayor\u00eda de los fallecimientos por esta causa ocurre despu\u00e9s de los 60 a\u00f1os y, al igual que con la incidencia, tambi\u00e9n se percibe una tendencia contrapuesta entre ambos g\u00e9neros: mientras los casos mortales en varones disminuyeron en los \u00faltimos 20 a\u00f1os, entre las mujeres aumentaron, especialmente en el per\u00edodo 2002-2015, de acuerdo al <b>Ministerio de Salud de la Naci\u00f3n.<\/b><\/p>\n<p class=\"paragraph\">El c\u00e1ncer de pulm\u00f3n est\u00e1 causado en la mayor\u00eda de los casos por el<b> humo del tabaco<\/b>. Esto se debe a que contiene sustancias nocivas que lesionan las c\u00e9lulas del pulm\u00f3n. Si bien los m\u00e1s afectados son quienes fuman, el efecto del humo en el ambiente es peligroso tambi\u00e9n para quienes los rodean, que quedan expuestos en situaci\u00f3n de fumadores pasivos. Existen tambi\u00e9n otros factores de riesgo como la <a rel=\"noopener noreferrer nofollow\" href=\"https:\/\/www.infobae.com\/tag\/contaminacion-ambiental\/\" target=\"_blank\" title=\"https:\/\/www.infobae.com\/tag\/contaminacion-ambiental\/\">contaminaci\u00f3n ambiental<\/a> y la exposici\u00f3n a <b>sustancias nocivas <\/b>(como el rad\u00f3n domiciliario) o los <b>antecedentes familiares<\/b> que pueden favorecer el desarrollo de la enfermedad, aunque su incidencia es muy inferior a la del cigarrillo.<\/p>\n<p><img alt=\"La incidencia del c\u00e1ncer de\" class=\"global-image\" decoding=\"async\" fetchpriority=\"low\" height=\"3812\" loading=\"lazy\" src=\"https:\/\/www.europesays.com\/es\/wp-content\/uploads\/2025\/11\/WDIGHMSJM5CSBFUAWNVEVYNR4U.jpg\" width=\"5718\"\/>La incidencia del c\u00e1ncer de pulm\u00f3n crece entre las mujeres seg\u00fan los \u00faltimos datos oficiales (Freepik)<\/p>\n<p class=\"paragraph\">El doctor Claudio Mart\u00edn brinda una proyecci\u00f3n contundente: \u201cno fumar evitar\u00eda el 80% de los c\u00e1nceres pulmonares\u201d. Este dato cobra relevancia en esta fecha, cuando se conmemora el <a rel=\"noopener noreferrer nofollow\" href=\"https:\/\/www.infobae.com\/america\/ciencia-america\/2025\/08\/01\/dia-mundial-del-cancer-de-pulmon-cientificos-remarcaron-la-importancia-del-acceso-temprano-a-terapias\/\" target=\"_blank\" title=\"https:\/\/www.infobae.com\/america\/ciencia-america\/2025\/08\/01\/dia-mundial-del-cancer-de-pulmon-cientificos-remarcaron-la-importancia-del-acceso-temprano-a-terapias\/\"><b>D\u00eda Internacional del C\u00e1ncer de Pulm\u00f3n<\/b><\/a>, que fue instaurado para promover las pautas de prevenci\u00f3n y atacar aquellos factores de riesgo que a\u00fan mantienen a esta enfermedad oncol\u00f3gica en el podio de las que m\u00e1s afectan a la poblaci\u00f3n argentina.<\/p>\n<p class=\"paragraph\">\u201cLas acciones de prevenci\u00f3n m\u00e1s importantes son las campa\u00f1as p\u00fablicas antitab\u00e1quicas y la consulta m\u00e9dica de las personas que fuman o fumaron. La Organizaci\u00f3n Mundial de la Salud afirma que el tabaquismo es la principal causa de muerte evitable en los pa\u00edses en desarrollo\u201d, afirma el doctor Morero. Los efectos del tabaquismo est\u00e1n asociados, adem\u00e1s del c\u00e1ncer de pulm\u00f3n, con enfermedades respiratorias, infartos y ACV. De hecho, se estima que la mitad de las personas fumadoras muere de una enfermedad relacionada al consumo de tabaco y viven en promedio<b> 10-15 a\u00f1os menos<\/b> que las no fumadoras.<\/p>\n<p class=\"paragraph\">Todos los fumadores tienen un riesgo elevado, independientemente de que su h\u00e1bito de consumo sea m\u00e1s o menos intenso. Se estima que los que fumaron 10 o m\u00e1s cigarrillos por d\u00eda durante 15 o 20 a\u00f1os tienen mayor riesgo, pero a su vez los que no fuman diariamente y solo consumieron <b>6 o 10 cigarrillos<\/b> por mes tienen mayor riesgo que los que nunca lo hicieron. Por eso el mensaje es el mismo: todos los fumadores tienen que dejar de fumar independientemente de la frecuencia con que lo hacen.<\/p>\n<p><img alt=\"El Instituto Alexander Fleming desarrolla\" class=\"global-image\" decoding=\"async\" fetchpriority=\"low\" height=\"4000\" loading=\"lazy\" src=\"https:\/\/www.europesays.com\/es\/wp-content\/uploads\/2025\/11\/DGD4SYFTL5F2TPGIJGBD7Q2AY4.jpg\" width=\"6000\"\/>El Instituto Alexander Fleming desarrolla terapias de precisi\u00f3n e inmunoterapia para casos avanzados (Freepik)<\/p>\n<p class=\"paragraph\">El especialista en Neumonolog\u00eda del IAF advierte que cuando los tumores de pulm\u00f3n producen s\u00edntomas \u2013como tos persistente, tos con sangre, falta de aire, dolor en el t\u00f3rax, disminuci\u00f3n abrupta de peso y disfon\u00eda- en general ya se encuentran en etapas avanzadas de la enfermedad. Por eso es importante que los pacientes que fuman o fumaron se anticipen e ingresen a un programa de <b>detecci\u00f3n precoz con tomograf\u00eda computada de baja dosis<\/b>, que en el caso del instituto Alexander Fleming est\u00e1 activo desde 2017. Este estudio es actualmente la \u00fanica herramienta que ha demostrado reducir las muertes por c\u00e1ncer de pulm\u00f3n ya que permite detectarlo en sus estadios iniciales.<\/p>\n<p class=\"paragraph\">\u201cHubo grandes avances tanto en diagn\u00f3stico como en tratamientos que han transformado notablemente esta enfermedad, que antes ten\u00eda un muy mal pron\u00f3stico. Hoy permite detectarla precozmente y curarla o cronificarla cuando ya est\u00e1 en estadios avanzados con m\u00faltiples nuevas terapias disponibles. Hay dos campos en los que se ha avanzado notablemente, que son las terapias de precisi\u00f3n y la inmunoterapia\u201d, explica el doctor Martin. Las terapias de precisi\u00f3n apuntan a que cada paciente sea investigado en forma particular para descubrir cu\u00e1l es el mecanismo gen\u00e9tico que act\u00faa para hacer que el tumor se desarrolle dentro de su organismo. Actualmente, en <b>cuatro de cada 10 casos ya es posible detectarlos y elegir una estrategia m\u00e1s efectiva <\/b>que permita controlar la enfermedad por tiempo prolongado.<\/p>\n<p class=\"paragraph\">\u201cLos anticuerpos conjugados con drogas son otra promesa concreta que se encuentra en etapa de estudios cl\u00ednicos. Consiste en un anticuerpo que se une a un receptor en la c\u00e9lula tumoral y lleva pegada la quimioterapia permitiendo dejarla directamente en la c\u00e9lula tumoral, a diferencia de la quimioterapia tradicional que no est\u00e1 especialmente dirigida. Actualmente en Fleming estamos participando en ensayos cl\u00ednicos que incluyen este tipo de drogas de avanzada\u201d, cuenta el <b>Jefe de Oncolog\u00eda Tor\u00e1cica de la instituci\u00f3n.<\/b><\/p>\n<p><img alt=\"M\u00e1s de 10 mil argentinos\" class=\"global-image\" decoding=\"async\" fetchpriority=\"low\" height=\"1080\" loading=\"lazy\" src=\"https:\/\/www.europesays.com\/es\/wp-content\/uploads\/2025\/11\/5TRNCFEXOVA3NEXCFF7H65KXBU.jpg\" width=\"1920\"\/>M\u00e1s de 10 mil argentinos fallecen al a\u00f1o por c\u00e1ncer de pulm\u00f3n, advierten los especialistas (Freepik)<\/p>\n<p class=\"paragraph\">La <b>inmunoterapia<\/b>, en tanto, permite que las defensas del organismo ataquen las c\u00e9lulas tumorales y representa un gran avance en cuanto a las alternativas que hoy tienen a disposici\u00f3n los onc\u00f3logos para afrontar un tratamiento. De acuerdo a las particularidades de cada caso, se puede usar sola o asociada a la quimioterapia. \u201cHasta ahora utiliz\u00e1bamos estas medicaciones cuando los tumores ya ten\u00edan met\u00e1stasis. Sin embargo el uso de terapias dirigidas e inmunoterapias mostr\u00f3 que mejora los resultados cuando se aplica antes o despu\u00e9s de la cirug\u00eda o despu\u00e9s de la radioterapia. Un n\u00famero cada vez mayor de pacientes puede curarse especialmente cuando el tumor es encontrado en etapas iniciales\u201d, concluye el doctor Martin en el marco de un nuevo D\u00eda Internacional del C\u00e1ncer de Pulm\u00f3n.<\/p>\n<p class=\"paragraph\">*El<b> Instituto Alexander Fleming<\/b> se especializa en la prevenci\u00f3n, diagn\u00f3stico, tratamiento y seguimiento de enfermedades oncol\u00f3gicas e innovaci\u00f3n m\u00e9dica.<\/p>\n","protected":false},"excerpt":{"rendered":"El c\u00e1ncer de pulm\u00f3n es la principal causa de mortalidad oncol\u00f3gica en la Argentina (Imagen Ilustrativa Infobae) El&hellip;\n","protected":false},"author":2,"featured_media":243589,"comment_status":"","ping_status":"","sticky":false,"template":"","format":"standard","meta":{"footnotes":""},"categories":[92],"tags":[35651,26743,26744,6279,3754,1400,17472,62460,3755,62461,11965,3757,3758,6286,14572,20735,62462,33783,2696,25,24,6290,41129,12791,3769,165,9380,30348,3495,45100,62463,62464,5866,3779,33988,166,12805,3782,54404,23,62465,24589,42695,6313,62466,62467,62468,15747,8575,17486,62469,28815,6320,3798],"class_list":{"0":"post-243588","1":"post","2":"type-post","3":"status-publish","4":"format-standard","5":"has-post-thumbnail","7":"category-salud","8":"tag-accident","9":"tag-addict","10":"tag-addiction","11":"tag-adult","12":"tag-attractive","13":"tag-auto","14":"tag-automobile","15":"tag-bad-habit","16":"tag-beautiful","17":"tag-bored","18":"tag-car","19":"tag-caucasian","20":"tag-cigarette","21":"tag-closeup","22":"tag-danger","23":"tag-dangerous","24":"tag-distracted","25":"tag-drive","26":"tag-driver","27":"tag-es","28":"tag-espana","29":"tag-female","30":"tag-four","31":"tag-girl","32":"tag-hand","33":"tag-health","34":"tag-healthy","35":"tag-holding","36":"tag-joy","37":"tag-joyful","38":"tag-kid","39":"tag-motoring","40":"tag-new","41":"tag-person","42":"tag-road","43":"tag-salud","44":"tag-sitting","45":"tag-smoke","46":"tag-smoker","47":"tag-spain","48":"tag-steering","49":"tag-student","50":"tag-success","51":"tag-test","52":"tag-tobacco","53":"tag-traffic","54":"tag-transportation","55":"tag-travel","56":"tag-unhealthy","57":"tag-vehicle","58":"tag-wheel","59":"tag-window","60":"tag-woman","61":"tag-young"},"share_on_mastodon":{"url":"","error":"Validation failed: Text character limit of 500 exceeded"},"_links":{"self":[{"href":"https:\/\/www.europesays.com\/es\/wp-json\/wp\/v2\/posts\/243588","targetHints":{"allow":["GET"]}}],"collection":[{"href":"https:\/\/www.europesays.com\/es\/wp-json\/wp\/v2\/posts"}],"about":[{"href":"https:\/\/www.europesays.com\/es\/wp-json\/wp\/v2\/types\/post"}],"author":[{"embeddable":true,"href":"https:\/\/www.europesays.com\/es\/wp-json\/wp\/v2\/users\/2"}],"replies":[{"embeddable":true,"href":"https:\/\/www.europesays.com\/es\/wp-json\/wp\/v2\/comments?post=243588"}],"version-history":[{"count":0,"href":"https:\/\/www.europesays.com\/es\/wp-json\/wp\/v2\/posts\/243588\/revisions"}],"wp:featuredmedia":[{"embeddable":true,"href":"https:\/\/www.europesays.com\/es\/wp-json\/wp\/v2\/media\/243589"}],"wp:attachment":[{"href":"https:\/\/www.europesays.com\/es\/wp-json\/wp\/v2\/media?parent=243588"}],"wp:term":[{"taxonomy":"category","embeddable":true,"href":"https:\/\/www.europesays.com\/es\/wp-json\/wp\/v2\/categories?post=243588"},{"taxonomy":"post_tag","embeddable":true,"href":"https:\/\/www.europesays.com\/es\/wp-json\/wp\/v2\/tags?post=243588"}],"curies":[{"name":"wp","href":"https:\/\/api.w.org\/{rel}","templated":true}]}}