{"id":243594,"date":"2025-11-18T23:26:08","date_gmt":"2025-11-18T23:26:08","guid":{"rendered":"https:\/\/www.europesays.com\/es\/243594\/"},"modified":"2025-11-18T23:26:08","modified_gmt":"2025-11-18T23:26:08","slug":"guerra-ucrania-rusia-en-directo-45","status":"publish","type":"post","link":"https:\/\/www.europesays.com\/es\/243594\/","title":{"rendered":"Guerra Ucrania &#8211; Rusia, en directo"},"content":{"rendered":"<p><strong>Drones rusos impactan en J\u00e1rkov y dejan siete heridos<\/strong><\/p>\n<p>\u00a0<\/p>\n<p>\u00a0<\/p>\n<p>Drones rusos han impactado en un edificio residencial de J\u00e1rkov, la segunda ciudad m\u00e1s grande de Ucrania. Han provocado incendio, dejando cinco heridos y obligando a las autoridades a evacuar a los residentes.<\/p>\n<p>\u00a0<\/p>\n<p>Los drones impactaron en los c\u00e9ntricos\u00a0distritos de\u00a0Slobidskyi y Osnovyansky.<\/p>\n<p>\u00a0<\/p>\n<p>El gobernador regional, Oleh Syniehubov, ha asegurado que se han utilizado 11 drones en el ataque y que siete personas resultaron heridas. El alcalde de J\u00e1rkov, Ihor Terekhov, ha se\u00f1alado que 22 residentes han sido evacuados de una parte del edificio da\u00f1ado. El alcalde ha a\u00f1adido que otro dron ha impactado en una zona aleda\u00f1a a un centro m\u00e9dico, hiriendo a un m\u00e9dico y da\u00f1ando el edificio y veh\u00edculos cercanos.<\/p>\n<p>\u00a0<\/p>\n<p>J\u00e1rkov, ubicada a unos 30 km de la frontera rusa, resisti\u00f3 con \u00e9xito la captura en las primeras etapas de la invasi\u00f3n rusa de febrero de 2022 y sigue siendo un objetivo frecuente de los ataques a\u00e9reos de las tropas enemigas.<\/p>\n","protected":false},"excerpt":{"rendered":"Drones rusos impactan en J\u00e1rkov y dejan siete heridos \u00a0 \u00a0 Drones rusos han impactado en un edificio&hellip;\n","protected":false},"author":2,"featured_media":243595,"comment_status":"","ping_status":"","sticky":false,"template":"","format":"standard","meta":{"footnotes":""},"categories":[42],"tags":[17,18,13,14,11,61,62,63,64,19,20,9,10,15,16,12,21,22,65,66,67],"class_list":{"0":"post-243594","1":"post","2":"type-post","3":"status-publish","4":"format-standard","5":"has-post-thumbnail","7":"category-internacional","8":"tag-breaking-news","9":"tag-breakingnews","10":"tag-featured-news","11":"tag-featurednews","12":"tag-headlines","13":"tag-internacional","14":"tag-international","15":"tag-international-news","16":"tag-internationalnews","17":"tag-latest-news","18":"tag-latestnews","19":"tag-news","20":"tag-noticias","21":"tag-noticias-destacadas","22":"tag-noticiasdestacadas","23":"tag-titulares","24":"tag-ultimas-noticias","25":"tag-ultimasnoticias","26":"tag-world","27":"tag-world-news","28":"tag-worldnews"},"share_on_mastodon":{"url":"https:\/\/pubeurope.com\/@es\/115573292063241599","error":""},"_links":{"self":[{"href":"https:\/\/www.europesays.com\/es\/wp-json\/wp\/v2\/posts\/243594","targetHints":{"allow":["GET"]}}],"collection":[{"href":"https:\/\/www.europesays.com\/es\/wp-json\/wp\/v2\/posts"}],"about":[{"href":"https:\/\/www.europesays.com\/es\/wp-json\/wp\/v2\/types\/post"}],"author":[{"embeddable":true,"href":"https:\/\/www.europesays.com\/es\/wp-json\/wp\/v2\/users\/2"}],"replies":[{"embeddable":true,"href":"https:\/\/www.europesays.com\/es\/wp-json\/wp\/v2\/comments?post=243594"}],"version-history":[{"count":0,"href":"https:\/\/www.europesays.com\/es\/wp-json\/wp\/v2\/posts\/243594\/revisions"}],"wp:featuredmedia":[{"embeddable":true,"href":"https:\/\/www.europesays.com\/es\/wp-json\/wp\/v2\/media\/243595"}],"wp:attachment":[{"href":"https:\/\/www.europesays.com\/es\/wp-json\/wp\/v2\/media?parent=243594"}],"wp:term":[{"taxonomy":"category","embeddable":true,"href":"https:\/\/www.europesays.com\/es\/wp-json\/wp\/v2\/categories?post=243594"},{"taxonomy":"post_tag","embeddable":true,"href":"https:\/\/www.europesays.com\/es\/wp-json\/wp\/v2\/tags?post=243594"}],"curies":[{"name":"wp","href":"https:\/\/api.w.org\/{rel}","templated":true}]}}