{"id":243606,"date":"2025-11-18T23:37:09","date_gmt":"2025-11-18T23:37:09","guid":{"rendered":"https:\/\/www.europesays.com\/es\/243606\/"},"modified":"2025-11-18T23:37:09","modified_gmt":"2025-11-18T23:37:09","slug":"mctominay-se-disfraza-de-haaland-con-esta-estratosferica-chilena","status":"publish","type":"post","link":"https:\/\/www.europesays.com\/es\/243606\/","title":{"rendered":"\u00a1McTominay se disfraza de Haaland con esta estratosf\u00e9rica chilena!"},"content":{"rendered":"<p>                        El jugador del N\u00e1poles avanza a Escocia en su decisivo partido ante Dinamarca con un impresionante golazo\n<\/p>\n<p><img src=\"https:\/\/www.mundodeportivo.com\/files\/image_449_220\/uploads\/2025\/11\/18\/691cd5ea6b4b0.jpeg\" data-full-src=\"https:\/\/www.europesays.com\/es\/wp-content\/uploads\/2025\/11\/691cd5ea6b4b0.jpeg\" alt=\"Scotland's Scott McTominay scores the opening goal with an overhead kick during the 2026 World Cup European Qualifying soccer match between Scotland and Denmark at Hampden Park, Glasgow, Scotland, Tuesday, Nov. 18, 2025. (Andrew Milligan\/PA via AP)\" width=\"449\" height=\"220\" class=\"nolazy\" decoding=\"async\" fetchpriority=\"high\"\/><\/p>\n<p class=\"caption-title \">Scott McTominay conect\u00f3 esta chilena en un impresionante salto.<\/p>\n<p>Andrew Milligan<\/p>\n<p>                <img loading=\"lazy\" decoding=\"async\" width=\"60\" height=\"60\" alt=\"\u00a1McTominay se disfraza de Haaland con esta estratosf\u00e9rica chilena!\" title=\"\" src=\"\/files\/image_60_60\/uploads\/2021\/07\/21\/60f803af75d8e.png\" class=\"lazy\"\/><\/p>\n<p>\n                        Actualizado a  18\/11\/2025 21:39 CET\n                    <\/p>\n<p data-gtm-element-container=\"modulo-texto-link\" class=\"paragraph\"><strong>Escocia <\/strong>se juega la clasificaci\u00f3n directa para el Mundial 2026 en un partidazo a cara o cruz ante<strong> Dinamarca<\/strong> en el hist\u00f3rico Hampden Park de Glasgow. La selecci\u00f3n de <strong>Steve Clarke, <\/strong>segunda de grupo, necesita ganar para desbancar a los n\u00f3rdicos y asegurarse el billete en esta jornada final y no ha tardado en avanzarse en el marcador.<\/p>\n<blockquote class=\"twitter-tweet\" data-lang=\"es\"><p>\n<a href=\"https:\/\/twitter.com\/Utd_Sesko1\/status\/1990877434946760742\" rel=\"nofollow noopener\" target=\"_blank\">\n<\/p><\/blockquote>\n<p data-gtm-element-container=\"modulo-texto-link\" class=\"paragraph\">Apenas ha necesitado cuatro minutos Escocia para anotar un golazo que a buen seguro formar\u00e1 parte de los res\u00famenes del a\u00f1o. Su autor, <strong>Scott McTominay<\/strong>, que remat\u00f3 un centro de <strong>Ben Goak<\/strong> desde la banda derecha conectando en el punto de penalti una estratosf\u00e9rica chilena en el aire tras un impresionante salto.\u00a0<\/p>\n<p>    Lee tambi\u00e9n<\/p>\n<p data-gtm-element-container=\"modulo-texto-link\" class=\"paragraph\">Un gol el logrado por el centrocampista del<strong> N\u00e1poles<\/strong> que perfectamente podr\u00eda llevar el sello de <strong>Erling Haaland <\/strong>por su magn\u00edfica ejecuci\u00f3n, un prodigio de potencia y colocaci\u00f3n en el remate.\u00a0<\/p>\n<p>\n        Mostrar comentarios\n    <\/p>\n<p>{\u00aballowComment\u00bb:\u00bballowed\u00bb,\u00bbarticleId\u00bb:\u00bbarticle-1002571670&#8243;,\u00bburl\u00bb:\u00bbhttps:\\\/\\\/www.mundodeportivo.com\\\/futbol\\\/mundial\\\/20251118\\\/1002571670\\\/mctominay.html\u00bb,\u00bblivefyre-url\u00bb:\u00bbarticle-1002571670&#8243;}<\/p>\n<p>Cargando siguiente contenido&#8230;\n                <\/p>\n<p>    <script async src=\"https:\/\/platform.twitter.com\/widgets.js\" charset=\"utf-8\"><\/script><\/p>\n","protected":false},"excerpt":{"rendered":"El jugador del N\u00e1poles avanza a Escocia en su decisivo partido ante Dinamarca con un impresionante golazo Scott&hellip;\n","protected":false},"author":2,"featured_media":243607,"comment_status":"","ping_status":"","sticky":false,"template":"","format":"standard","meta":{"footnotes":""},"categories":[268],"tags":[168,25,24,280,282,281,23,167],"class_list":{"0":"post-243606","1":"post","2":"type-post","3":"status-publish","4":"format-standard","5":"has-post-thumbnail","7":"category-futbol","8":"tag-deportes","9":"tag-es","10":"tag-espana","11":"tag-football","12":"tag-futbol","13":"tag-soccer","14":"tag-spain","15":"tag-sports"},"share_on_mastodon":{"url":"https:\/\/pubeurope.com\/@es\/115573335575158575","error":""},"_links":{"self":[{"href":"https:\/\/www.europesays.com\/es\/wp-json\/wp\/v2\/posts\/243606","targetHints":{"allow":["GET"]}}],"collection":[{"href":"https:\/\/www.europesays.com\/es\/wp-json\/wp\/v2\/posts"}],"about":[{"href":"https:\/\/www.europesays.com\/es\/wp-json\/wp\/v2\/types\/post"}],"author":[{"embeddable":true,"href":"https:\/\/www.europesays.com\/es\/wp-json\/wp\/v2\/users\/2"}],"replies":[{"embeddable":true,"href":"https:\/\/www.europesays.com\/es\/wp-json\/wp\/v2\/comments?post=243606"}],"version-history":[{"count":0,"href":"https:\/\/www.europesays.com\/es\/wp-json\/wp\/v2\/posts\/243606\/revisions"}],"wp:featuredmedia":[{"embeddable":true,"href":"https:\/\/www.europesays.com\/es\/wp-json\/wp\/v2\/media\/243607"}],"wp:attachment":[{"href":"https:\/\/www.europesays.com\/es\/wp-json\/wp\/v2\/media?parent=243606"}],"wp:term":[{"taxonomy":"category","embeddable":true,"href":"https:\/\/www.europesays.com\/es\/wp-json\/wp\/v2\/categories?post=243606"},{"taxonomy":"post_tag","embeddable":true,"href":"https:\/\/www.europesays.com\/es\/wp-json\/wp\/v2\/tags?post=243606"}],"curies":[{"name":"wp","href":"https:\/\/api.w.org\/{rel}","templated":true}]}}