{"id":243610,"date":"2025-11-18T23:39:19","date_gmt":"2025-11-18T23:39:19","guid":{"rendered":"https:\/\/www.europesays.com\/es\/243610\/"},"modified":"2025-11-18T23:39:19","modified_gmt":"2025-11-18T23:39:19","slug":"plaza-maria-hervas-en-el-centro-historico-de-denia-comunidad-valenciana-dvch-devillarchacon","status":"publish","type":"post","link":"https:\/\/www.europesays.com\/es\/243610\/","title":{"rendered":"Plaza Mar\u00eda Herv\u00e1s en el Centro Hist\u00f3rico de D\u00e9nia, Comunidad Valenciana \/ DVCH DeVillarCHacon"},"content":{"rendered":"<p><a class=\"js-image-size__link \" href=\"https:\/\/www.archdaily.cl\/cl\/1036164\/plaza-maria-hervas-en-el-centro-historico-de-denia-comunidad-valenciana-dvch-devillarchacon\/691c2cb035d752125cbc2265-plaza-maria-hervas-en-el-centro-historico-de-denia-comunidad-valenciana-dvch-devillarchacon-foto\" rel=\"attachment nofollow noopener\" style=\"width: 100%; height: 100%;\" target=\"_blank\"><img decoding=\"async\" alt=\"Plaza Mar\u00eda Herv\u00e1s en el Centro Hist\u00f3rico de D\u00e9nia, Comunidad Valenciana \/ DVCH DeVillarCHacon - Fotograf\u00eda exterior\" data-nr-picture-id=\"691c2cb035d752125cbc2265\" fetchpriority=\"high\" height=\"431\" itemprop=\"image\" loading=\"eager\" longdesc=\"https:\/\/www.archdaily.cl\/cl\/1036164\/plaza-maria-hervas-en-el-centro-historico-de-denia-comunidad-valenciana-dvch-devillarchacon\/691c2cb035d752125cbc2265-plaza-maria-hervas-en-el-centro-historico-de-denia-comunidad-valenciana-dvch-devillarchacon-foto\" src=\"https:\/\/www.europesays.com\/es\/wp-content\/uploads\/2025\/11\/plaza-maria-hervas-en-el-centro-historico-de-denia-comunidad-valenciana-dvch-devillarchacon_23.jpg\" style=\"min-height: var(--featured-height, auto); aspect-ratio: auto 640 \/ 431\" width=\"640\"\/><\/a>\u00a9 Hisao Suzuki<\/p>\n<p class=\"thumbs afd-desktop-e clearfix\"><a class=\"thumbs__link\" data-nr-picture-id=\"691afd7220caaa0001ef7ee4\" href=\"https:\/\/www.archdaily.cl\/cl\/1036164\/plaza-maria-hervas-en-el-centro-historico-de-denia-comunidad-valenciana-dvch-devillarchacon\/691afd7220caaa0001ef7ee4-plaza-maria-hervas-en-el-centro-historico-de-denia-comunidad-valenciana-dvch-devillarchacon-foto\" rel=\"attachment nofollow noopener\" target=\"_blank\"><img loading=\"lazy\" decoding=\"async\" alt=\"Plaza Mar\u00eda Herv\u00e1s en el Centro Hist\u00f3rico de D\u00e9nia, Comunidad Valenciana \/ DVCH DeVillarCHacon - Fotograf\u00eda exterior\" class=\"thumbs__img b-lazy\" data-nr-picture-id=\"691afd7220caaa0001ef7ee4\" data-pin-nopin=\"true\" src=\"https:\/\/www.europesays.com\/es\/wp-content\/uploads\/2025\/11\/2025052425-28.jpg\" height=\"125\" longdesc=\"https:\/\/www.archdaily.cl\/cl\/1036164\/plaza-maria-hervas-en-el-centro-historico-de-denia-comunidad-valenciana-dvch-devillarchacon\/691afd7220caaa0001ef7ee4-plaza-maria-hervas-en-el-centro-historico-de-denia-comunidad-valenciana-dvch-devillarchacon-foto\" title=\"\" width=\"125\"\/><\/a><a class=\"thumbs__link\" data-nr-picture-id=\"691afd7120caaa0001ef7ed8\" href=\"https:\/\/www.archdaily.cl\/cl\/1036164\/plaza-maria-hervas-en-el-centro-historico-de-denia-comunidad-valenciana-dvch-devillarchacon\/691afd7120caaa0001ef7ed8-plaza-maria-hervas-en-el-centro-historico-de-denia-comunidad-valenciana-dvch-devillarchacon-foto\" rel=\"attachment nofollow noopener\" target=\"_blank\"><img loading=\"lazy\" decoding=\"async\" alt=\"Plaza Mar\u00eda Herv\u00e1s en el Centro Hist\u00f3rico de D\u00e9nia, Comunidad Valenciana \/ DVCH DeVillarCHacon - Imagen 3 de 23\" class=\"thumbs__img b-lazy\" data-nr-picture-id=\"691afd7120caaa0001ef7ed8\" data-pin-nopin=\"true\" src=\"https:\/\/www.europesays.com\/es\/wp-content\/uploads\/2025\/11\/2025052425-16.jpg\" height=\"125\" longdesc=\"https:\/\/www.archdaily.cl\/cl\/1036164\/plaza-maria-hervas-en-el-centro-historico-de-denia-comunidad-valenciana-dvch-devillarchacon\/691afd7120caaa0001ef7ed8-plaza-maria-hervas-en-el-centro-historico-de-denia-comunidad-valenciana-dvch-devillarchacon-foto\" title=\"\" width=\"125\"\/><\/a><a class=\"thumbs__link\" data-nr-picture-id=\"691afd7220caaa0001ef7eda\" href=\"https:\/\/www.archdaily.cl\/cl\/1036164\/plaza-maria-hervas-en-el-centro-historico-de-denia-comunidad-valenciana-dvch-devillarchacon\/691afd7220caaa0001ef7eda-plaza-maria-hervas-en-el-centro-historico-de-denia-comunidad-valenciana-dvch-devillarchacon-foto\" rel=\"attachment nofollow noopener\" target=\"_blank\"><img loading=\"lazy\" decoding=\"async\" alt=\"Plaza Mar\u00eda Herv\u00e1s en el Centro Hist\u00f3rico de D\u00e9nia, Comunidad Valenciana \/ DVCH DeVillarCHacon - Fotograf\u00eda exterior\" class=\"thumbs__img b-lazy\" data-nr-picture-id=\"691afd7220caaa0001ef7eda\" data-pin-nopin=\"true\" src=\"https:\/\/www.europesays.com\/es\/wp-content\/uploads\/2025\/11\/2025052425-18.jpg\" height=\"125\" longdesc=\"https:\/\/www.archdaily.cl\/cl\/1036164\/plaza-maria-hervas-en-el-centro-historico-de-denia-comunidad-valenciana-dvch-devillarchacon\/691afd7220caaa0001ef7eda-plaza-maria-hervas-en-el-centro-historico-de-denia-comunidad-valenciana-dvch-devillarchacon-foto\" title=\"\" width=\"125\"\/><\/a><a class=\"thumbs__link\" data-nr-picture-id=\"691afd6d20caaa0001ef7ed0\" href=\"https:\/\/www.archdaily.cl\/cl\/1036164\/plaza-maria-hervas-en-el-centro-historico-de-denia-comunidad-valenciana-dvch-devillarchacon\/691afd6d20caaa0001ef7ed0-plaza-maria-hervas-en-el-centro-historico-de-denia-comunidad-valenciana-dvch-devillarchacon-foto\" rel=\"attachment nofollow noopener\" target=\"_blank\"><img loading=\"lazy\" decoding=\"async\" alt=\"Plaza Mar\u00eda Herv\u00e1s en el Centro Hist\u00f3rico de D\u00e9nia, Comunidad Valenciana \/ DVCH DeVillarCHacon - Fotograf\u00eda exterior\" class=\"thumbs__img b-lazy\" data-nr-picture-id=\"691afd6d20caaa0001ef7ed0\" data-pin-nopin=\"true\" src=\"https:\/\/www.europesays.com\/es\/wp-content\/uploads\/2025\/11\/2025052425-04.jpg\" height=\"125\" longdesc=\"https:\/\/www.archdaily.cl\/cl\/1036164\/plaza-maria-hervas-en-el-centro-historico-de-denia-comunidad-valenciana-dvch-devillarchacon\/691afd6d20caaa0001ef7ed0-plaza-maria-hervas-en-el-centro-historico-de-denia-comunidad-valenciana-dvch-devillarchacon-foto\" title=\"\" width=\"125\"\/><\/a><a class=\"gallery-link afd-desktop-e\" href=\"https:\/\/www.archdaily.cl\/cl\/1036164\/plaza-maria-hervas-en-el-centro-historico-de-denia-comunidad-valenciana-dvch-devillarchacon\/691c2cb035d752125cbc2265-plaza-maria-hervas-en-el-centro-historico-de-denia-comunidad-valenciana-dvch-devillarchacon-foto\" rel=\"nofollow noopener\" target=\"_blank\"><img decoding=\"async\" alt=\"Plaza Mar\u00eda Herv\u00e1s en el Centro Hist\u00f3rico de D\u00e9nia, Comunidad Valenciana \/ DVCH DeVillarCHacon - M\u00e1s Im\u00e1genes\" class=\"thumbs__img b-lazy\" src=\"https:\/\/www.europesays.com\/es\/wp-content\/uploads\/2025\/11\/plaza-maria-hervas-en-el-centro-historico-de-denia-comunidad-valenciana-dvch-devillarchacon_23.jpg\" itemprop=\"image\" bad-src=\"data:image\/gif;base64,R0lGODlhAQABAIAAAAUEBAAAACwAAAAAAQABAAACAkQBADs=\"\/>+ 18<\/a><\/p>\n<p>    Compartir<\/p>\n<p>Compartir<\/p>\n<ul class=\"afd-share__networks clearfix\">\n<li class=\"afd-share__social\"><a aria-label=\"Facebook\" class=\"afd-share__button\" data-insights-category=\"share\" data-insights-label=\"facebook_sharing_options\" data-insights-value=\"1036164\" data-social=\"facebook\" href=\"https:\/\/www.facebook.com\/sharer\/sharer.php?u=https:\/\/www.archdaily.cl\/cl\/1036164\/plaza-maria-hervas-en-el-centro-historico-de-denia-comunidad-valenciana-dvch-devillarchacon\" rel=\"nofollow noopener\" target=\"_blank\"><\/a>\n<p>Facebook<\/p>\n<\/li>\n<li class=\"afd-share__social\"><a aria-label=\"Twitter\" class=\"afd-share__button\" data-insights-category=\"share\" data-insights-label=\"twitter_sharing_options\" data-insights-value=\"1036164\" data-social=\"twitter\" href=\"https:\/\/twitter.com\/intent\/tweet?text=Plaza%20Mar%C3%ADa%20Herv%C3%A1s%20en%20el%20Centro%20Hist%C3%B3rico%20de%20D%C3%A9nia%2C%20Comunidad%20Valenciana%20%2F%20DVCH%20DeVillarCHacon&amp;url=https:\/\/www.archdaily.cl\/cl\/1036164\/plaza-maria-hervas-en-el-centro-historico-de-denia-comunidad-valenciana-dvch-devillarchacon&amp;via=parq\" rel=\"nofollow noopener\" target=\"_blank\"><\/a>\n<p>Twitter<\/p>\n<\/li>\n<li class=\"afd-share__social\"><a class=\"afd-share__button\" data-insights-category=\"share\" data-insights-label=\"email_sharing_options\" data-insights-value=\"1036164\" data-social=\"email\" href=\"mailto:?subject=Plaza Mar\u00eda Herv\u00e1s en el Centro Hist\u00f3rico de D\u00e9nia, Comunidad Valenciana \/ DVCH DeVillarCHacon&amp;body=https:\/\/www.archdaily.cl\/cl\/1036164\/plaza-maria-hervas-en-el-centro-historico-de-denia-comunidad-valenciana-dvch-devillarchacon\"><\/a>\n<p>Mail<\/p>\n<\/li>\n<li class=\"afd-share__social\"><a aria-label=\"Pinterest\" class=\"afd-share__button\" data-insights-category=\"share\" data-insights-label=\"pinterest_sharing_options\" data-insights-value=\"1036164\" data-social=\"pinterest\" href=\"https:\/\/pinterest.com\/pin\/create\/button\/?url=https%3A%2F%2Fwww.archdaily.cl%2Fcl%2F1036164%2Fplaza-maria-hervas-en-el-centro-historico-de-denia-comunidad-valenciana-dvch-devillarchacon&amp;media=https%3A%2F%2Fimages.adsttc.com%2Fmedia%2Fimages%2F691c%2F2cb0%2F35d7%2F5212%2F5cbc%2F2265%2Flarge_jpg%2Fplaza-maria-hervas-en-el-centro-historico-de-denia-comunidad-valenciana-dvch-devillarchacon_23.jpg%3F1763454147&amp;description=Plaza%20Mar%C3%ADa%20Herv%C3%A1s%20en%20el%20Centro%20Hist%C3%B3rico%20de%20D%C3%A9nia%2C%20Comunidad%20Valenciana%20%2F%20DVCH%20DeVillarCHacon\" rel=\"nofollow noopener\" target=\"_blank\"><\/a>\n<p>Pinterest<\/p>\n<\/li>\n<li class=\"afd-share__social\"><a aria-label=\"Whatsapp\" class=\"afd-share__button\" data-action=\"share\/whatsapp\/share\" data-insights-category=\"share\" data-insights-label=\"whatsapp_sharing_options\" data-insights-value=\"1036164\" data-social=\"whatsapp\" href=\"whatsapp:\/\/send?text=Plaza+Mar%C3%ADa+Herv%C3%A1s+en+el+Centro+Hist%C3%B3rico+de+D%C3%A9nia%2C+Comunidad+Valenciana+%2F+DVCH+DeVillarCHacon+%7C+https%3A%2F%2Fwww.archdaily.cl%2Fcl%2F1036164%2Fplaza-maria-hervas-en-el-centro-historico-de-denia-comunidad-valenciana-dvch-devillarchacon%3Futm_source%3DWhatsapp%26utm_medium%3DIM%26utm_campaign%3Dshare-button\" rel=\"nofollow\"><\/a>\n<p>Whatsapp<\/p>\n<\/li>\n<\/ul>\n<p>O<\/p>\n<p>https:\/\/www.archdaily.cl\/cl\/1036164\/plaza-maria-hervas-en-el-centro-historico-de-denia-comunidad-valenciana-dvch-devillarchacon<\/p>\n<p>  Portapapeles<\/p>\n<p>              \u00abCOPY\u00bb<\/p>\n<p>Copiar<\/p>\n<ul class=\"afd-char-list afd-specs__item-container js-char-list\" wp_automatic_readability=\"-1.2403846153846\">\n<li class=\"afd-specs__item\">\n<\/li>\n<li class=\"afd-specs__item\">\n  \u00c1rea<br \/>\n  \u00c1rea del proyecto de arquitectura <\/p>\n<p>\u00c1rea:\u00a0<br \/>\n        <a href=\"https:\/\/www.archdaily.cl\/search\/cl\/projects\/min_area\/1040\/max_area\/1560?ad_name=project-specs&amp;ad_medium=single\" rel=\"nofollow noopener\" target=\"_blank\">1300<\/a> m\u00b2<\/li>\n<li class=\"afd-specs__item\">\n<p>  A\u00f1o<br \/>\n  A\u00f1o del Proyecto de arquitectura<\/p>\n<p>            A\u00f1o:\u00a0<\/p>\n<p>                    <a href=\"https:\/\/www.archdaily.cl\/search\/cl\/projects\/year\/2025?ad_name=project-specs&amp;ad_medium=single\" rel=\"nofollow noopener\" target=\"_blank\"><br \/>\n          2025<br \/>\n        <\/a><\/p>\n<\/li>\n<li class=\"afd-specs__item\">\n<p>  Fot\u00f3grafos<\/p>\n<\/li>\n<li class=\"afd-specs__item\" wp_automatic_readability=\"0\">\n<p>  Proveedores<br \/>\n  Marcas y productos usados en este proyecto de arquitectura<\/p>\n<p>Proveedores: \u00a0Camosail, Ceramicas La Paloma<\/p>\n<\/li>\n<\/ul>\n<p><a class=\"js-image-size__link lazy-anchor\" href=\"https:\/\/www.archdaily.cl\/cl\/1036164\/plaza-maria-hervas-en-el-centro-historico-de-denia-comunidad-valenciana-dvch-devillarchacon\/691afd6d20caaa0001ef7ed0-plaza-maria-hervas-en-el-centro-historico-de-denia-comunidad-valenciana-dvch-devillarchacon-foto\" rel=\"nofollow noopener\" target=\"_blank\"><img decoding=\"async\" alt=\"Plaza Mar\u00eda Herv\u00e1s en el Centro Hist\u00f3rico de D\u00e9nia, Comunidad Valenciana \/ DVCH DeVillarCHacon - Fotograf\u00eda exterior\" data-nr-picture-id=\"691afd6d20caaa0001ef7ed0\" height=\"427\" itemprop=\"image\" loading=\"lazy\" longdesc=\"https:\/\/www.archdaily.cl\/cl\/1036164\/plaza-maria-hervas-en-el-centro-historico-de-denia-comunidad-valenciana-dvch-devillarchacon\/691afd6d20caaa0001ef7ed0-plaza-maria-hervas-en-el-centro-historico-de-denia-comunidad-valenciana-dvch-devillarchacon-foto\" src=\"https:\/\/www.europesays.com\/es\/wp-content\/uploads\/2025\/11\/1763509155_672_2025052425-04.jpg\" width=\"640\"\/><\/a><\/p>\n<p>Descripci\u00f3n enviada por el equipo del proyecto. Esta plaza se erige como un refugio clim\u00e1tico del siglo XXI para la ciudad: <strong>un espacio vivo y adaptable, capaz de responder tanto a las necesidades de las personas como a las condiciones clim\u00e1ticas circundantes.<\/strong><\/p>\n<p><a class=\"js-image-size__link lazy-anchor\" href=\"https:\/\/www.archdaily.cl\/cl\/1036164\/plaza-maria-hervas-en-el-centro-historico-de-denia-comunidad-valenciana-dvch-devillarchacon\/691afd7220caaa0001ef7edf-plaza-maria-hervas-en-el-centro-historico-de-denia-comunidad-valenciana-dvch-devillarchacon-foto\" rel=\"nofollow noopener\" target=\"_blank\"><img decoding=\"async\" alt=\"Plaza Mar\u00eda Herv\u00e1s en el Centro Hist\u00f3rico de D\u00e9nia, Comunidad Valenciana \/ DVCH DeVillarCHacon - Fotograf\u00eda interior\" data-nr-picture-id=\"691afd7220caaa0001ef7edf\" height=\"427\" itemprop=\"image\" loading=\"lazy\" longdesc=\"https:\/\/www.archdaily.cl\/cl\/1036164\/plaza-maria-hervas-en-el-centro-historico-de-denia-comunidad-valenciana-dvch-devillarchacon\/691afd7220caaa0001ef7edf-plaza-maria-hervas-en-el-centro-historico-de-denia-comunidad-valenciana-dvch-devillarchacon-foto\" src=\"https:\/\/www.europesays.com\/es\/wp-content\/uploads\/2025\/11\/2025052425-23.jpg\" width=\"640\"\/><\/a><\/p>\n<p>El proyecto es <strong>el resultado de diez a\u00f1os de investigaci\u00f3n sobre c\u00f3mo integrar lo artificial, lo social y lo natural en los espacios de nuestra pr\u00e1ctica arquitect\u00f3nica, abarcando todas las escalas.<\/strong> Desde obras monumentales, como el Auditorio Villanueva en Extremadura o el Paisaje de las Torres Nangang en Taip\u00e9i, Taiw\u00e1n, hasta proyectos m\u00e1s \u00edntimos y experimentales, como la casa desmontable en Apan, M\u00e9xico, este proyecto sintetiza las lecciones aprendidas a lo largo de este viaje.<\/p>\n<p><a class=\"js-image-size__link lazy-anchor\" href=\"https:\/\/www.archdaily.cl\/cl\/1036164\/plaza-maria-hervas-en-el-centro-historico-de-denia-comunidad-valenciana-dvch-devillarchacon\/691afd7220caaa0001ef7ed9-plaza-maria-hervas-en-el-centro-historico-de-denia-comunidad-valenciana-dvch-devillarchacon-foto\" rel=\"nofollow noopener\" target=\"_blank\"><img decoding=\"async\" alt=\"Plaza Mar\u00eda Herv\u00e1s en el Centro Hist\u00f3rico de D\u00e9nia, Comunidad Valenciana \/ DVCH DeVillarCHacon - Imagen 12 de 23\" data-nr-picture-id=\"691afd7220caaa0001ef7ed9\" height=\"427\" itemprop=\"image\" loading=\"lazy\" longdesc=\"https:\/\/www.archdaily.cl\/cl\/1036164\/plaza-maria-hervas-en-el-centro-historico-de-denia-comunidad-valenciana-dvch-devillarchacon\/691afd7220caaa0001ef7ed9-plaza-maria-hervas-en-el-centro-historico-de-denia-comunidad-valenciana-dvch-devillarchacon-foto\" src=\"https:\/\/www.europesays.com\/es\/wp-content\/uploads\/2025\/11\/2025052425-17.jpg\" width=\"640\"\/><\/a><\/p>\n<p>Ganador del concurso de ideas celebrado en D\u00e9nia en 2021, <strong>la propuesta surge de una iniciativa innovadora del Ayuntamiento: renunciar a un valioso terreno edificable en la principal arteria de la ciudad para crear un espacio p\u00fablico<\/strong> estrat\u00e9gicamente ubicado en su punto m\u00e1s din\u00e1mico y concurrido. En un \u00e1rea compacta de solo 1,300 metros cuadrados, el dise\u00f1o busca <strong>albergar una amplia variedad de programas, ofreciendo una plataforma c\u00edvica flexible que evoluciona con la vida urbana.<\/strong> La plaza se concibe como un nuevo hito urbano dentro del centro hist\u00f3rico de D\u00e9nia, mejorando la conectividad y la continuidad espacial de su entorno.<\/p>\n<p><a class=\"js-image-size__link lazy-anchor\" href=\"https:\/\/www.archdaily.cl\/cl\/1036164\/plaza-maria-hervas-en-el-centro-historico-de-denia-comunidad-valenciana-dvch-devillarchacon\/691afd7220caaa0001ef7eec-plaza-maria-hervas-en-el-centro-historico-de-denia-comunidad-valenciana-dvch-devillarchacon-planta-cubiertas\" rel=\"nofollow noopener\" target=\"_blank\"><img decoding=\"async\" alt=\"Plaza Mar\u00eda Herv\u00e1s en el Centro Hist\u00f3rico de D\u00e9nia, Comunidad Valenciana \/ DVCH DeVillarCHacon - Imagen 20 de 23\" data-nr-picture-id=\"691afd7220caaa0001ef7eec\" height=\"427\" itemprop=\"image\" loading=\"lazy\" longdesc=\"https:\/\/www.archdaily.cl\/cl\/1036164\/plaza-maria-hervas-en-el-centro-historico-de-denia-comunidad-valenciana-dvch-devillarchacon\/691afd7220caaa0001ef7eec-plaza-maria-hervas-en-el-centro-historico-de-denia-comunidad-valenciana-dvch-devillarchacon-planta-cubiertas\" src=\"https:\/\/www.europesays.com\/es\/wp-content\/uploads\/2025\/11\/DNIA_PLANTA_Cubiertas.jpg\" width=\"640\"\/>Planta Cubiertas<\/a><a class=\"js-image-size__link lazy-anchor\" href=\"https:\/\/www.archdaily.cl\/cl\/1036164\/plaza-maria-hervas-en-el-centro-historico-de-denia-comunidad-valenciana-dvch-devillarchacon\/691afd7220caaa0001ef7ee7-plaza-maria-hervas-en-el-centro-historico-de-denia-comunidad-valenciana-dvch-devillarchacon-alzado\" rel=\"nofollow noopener\" target=\"_blank\"><img decoding=\"async\" alt=\"Plaza Mar\u00eda Herv\u00e1s en el Centro Hist\u00f3rico de D\u00e9nia, Comunidad Valenciana \/ DVCH DeVillarCHacon - Imagen 21 de 23\" data-nr-picture-id=\"691afd7220caaa0001ef7ee7\" height=\"427\" itemprop=\"image\" loading=\"lazy\" longdesc=\"https:\/\/www.archdaily.cl\/cl\/1036164\/plaza-maria-hervas-en-el-centro-historico-de-denia-comunidad-valenciana-dvch-devillarchacon\/691afd7220caaa0001ef7ee7-plaza-maria-hervas-en-el-centro-historico-de-denia-comunidad-valenciana-dvch-devillarchacon-alzado\" src=\"https:\/\/www.europesays.com\/es\/wp-content\/uploads\/2025\/11\/250915_DNIA_ALZADOS.jpg\" width=\"640\"\/>Alzado<\/a><\/p>\n<p>El proyecto est\u00e1 organizado como un sistema conc\u00e9ntrico, estructurando dos ejes principales mediante dos p\u00e9rgolas de car\u00e1cter distinto, capaces de albergar espacios de diferentes escalas y atm\u00f3sferas. Una p\u00e9rgola perimetral verde resguarda \u00e1reas sombreadas, \u00edntimas y frescas, llenas de vegetaci\u00f3n; mientras que una p\u00e9rgola central de terracota forma un coraz\u00f3n colectivo e infraestructural\u2014un vac\u00edo esc\u00e9nico abierto a m\u00faltiples actividades urbanas. Bajo el mundo tect\u00f3nico de las p\u00e9rgolas se despliega un paisaje estereot\u00f3mico, esculpido a partir del plano del suelo.<\/p>\n<p><a class=\"js-image-size__link lazy-anchor\" href=\"https:\/\/www.archdaily.cl\/cl\/1036164\/plaza-maria-hervas-en-el-centro-historico-de-denia-comunidad-valenciana-dvch-devillarchacon\/691afd7120caaa0001ef7ed8-plaza-maria-hervas-en-el-centro-historico-de-denia-comunidad-valenciana-dvch-devillarchacon-foto\" rel=\"nofollow noopener\" target=\"_blank\"><img decoding=\"async\" alt=\"Plaza Mar\u00eda Herv\u00e1s en el Centro Hist\u00f3rico de D\u00e9nia, Comunidad Valenciana \/ DVCH DeVillarCHacon - Imagen 3 de 23\" data-nr-picture-id=\"691afd7120caaa0001ef7ed8\" height=\"427\" itemprop=\"image\" loading=\"lazy\" longdesc=\"https:\/\/www.archdaily.cl\/cl\/1036164\/plaza-maria-hervas-en-el-centro-historico-de-denia-comunidad-valenciana-dvch-devillarchacon\/691afd7120caaa0001ef7ed8-plaza-maria-hervas-en-el-centro-historico-de-denia-comunidad-valenciana-dvch-devillarchacon-foto\" src=\"https:\/\/www.europesays.com\/es\/wp-content\/uploads\/2025\/11\/1763509157_632_2025052425-16.jpg\" width=\"640\"\/><\/a><a class=\"js-image-size__link lazy-anchor\" href=\"https:\/\/www.archdaily.cl\/cl\/1036164\/plaza-maria-hervas-en-el-centro-historico-de-denia-comunidad-valenciana-dvch-devillarchacon\/691afd7220caaa0001ef7edb-plaza-maria-hervas-en-el-centro-historico-de-denia-comunidad-valenciana-dvch-devillarchacon-foto\" rel=\"nofollow noopener\" target=\"_blank\"><img decoding=\"async\" alt=\"Plaza Mar\u00eda Herv\u00e1s en el Centro Hist\u00f3rico de D\u00e9nia, Comunidad Valenciana \/ DVCH DeVillarCHacon - Imagen 13 de 23\" data-nr-picture-id=\"691afd7220caaa0001ef7edb\" height=\"427\" itemprop=\"image\" loading=\"lazy\" longdesc=\"https:\/\/www.archdaily.cl\/cl\/1036164\/plaza-maria-hervas-en-el-centro-historico-de-denia-comunidad-valenciana-dvch-devillarchacon\/691afd7220caaa0001ef7edb-plaza-maria-hervas-en-el-centro-historico-de-denia-comunidad-valenciana-dvch-devillarchacon-foto\" src=\"https:\/\/www.europesays.com\/es\/wp-content\/uploads\/2025\/11\/2025052425-19.jpg\" width=\"640\"\/><\/a><\/p>\n<p>El terreno se eleva y se ahueca para crear bancos, \u00e1reas de juego para ni\u00f1os y un peque\u00f1o escenario en un extremo. El car\u00e1cter terrenal de este nivel proviene de materiales impregnados de memoria local: el peso de la piedra del castillo, la textura de los adoquines de arcilla y el sutil brillo de sus superficies vidriadas. Estas referencias anclan el proyecto en su ubicaci\u00f3n, traduciendo la esencia material y cultural de D\u00e9nia en una nueva forma urbana.<\/p>\n<p><a class=\"js-image-size__link lazy-anchor\" href=\"https:\/\/www.archdaily.cl\/cl\/1036164\/plaza-maria-hervas-en-el-centro-historico-de-denia-comunidad-valenciana-dvch-devillarchacon\/691afd7220caaa0001ef7ee8-plaza-maria-hervas-en-el-centro-historico-de-denia-comunidad-valenciana-dvch-devillarchacon-axonometrias\" rel=\"nofollow noopener\" target=\"_blank\"><img decoding=\"async\" alt=\"Plaza Mar\u00eda Herv\u00e1s en el Centro Hist\u00f3rico de D\u00e9nia, Comunidad Valenciana \/ DVCH DeVillarCHacon - Imagen 22 de 23\" data-nr-picture-id=\"691afd7220caaa0001ef7ee8\" height=\"427\" itemprop=\"image\" loading=\"lazy\" longdesc=\"https:\/\/www.archdaily.cl\/cl\/1036164\/plaza-maria-hervas-en-el-centro-historico-de-denia-comunidad-valenciana-dvch-devillarchacon\/691afd7220caaa0001ef7ee8-plaza-maria-hervas-en-el-centro-historico-de-denia-comunidad-valenciana-dvch-devillarchacon-axonometrias\" src=\"https:\/\/www.europesays.com\/es\/wp-content\/uploads\/2025\/11\/251001_CV_DNIA_01.jpg\" width=\"640\"\/>Axonometrias<\/a><\/p>\n<p>La delicada e intrincada p\u00e9rgola verde crea un umbral continuo de sombra con profundidades variables que gu\u00eda la entrada a la plaza. Compuesta de fragmentos entrelazados de otras p\u00e9rgolas, est\u00e1 dise\u00f1ada para fusionarse con el tiempo entre vides y \u00e1rboles\u2014especies mediterr\u00e1neas adaptadas a un clima templado, que requieren poco mantenimiento y m\u00ednima agua. La luz, la sombra y la brisa se entrelazan en torno a elementos de menor escala, componiendo un mosaico de espacios dom\u00e9sticos dentro del \u00e1mbito p\u00fablico. Su estructura se basa en delgadas l\u00edneas verticales de placas de acero alineadas que sostienen una serie de \u00abhojas,\u00bb visibles en un eje y ocultas en el opuesto, creando un ritmo de presencia y desaparici\u00f3n.<\/p>\n<p><a class=\"js-image-size__link lazy-anchor\" href=\"https:\/\/www.archdaily.cl\/cl\/1036164\/plaza-maria-hervas-en-el-centro-historico-de-denia-comunidad-valenciana-dvch-devillarchacon\/691afd7220caaa0001ef7ede-plaza-maria-hervas-en-el-centro-historico-de-denia-comunidad-valenciana-dvch-devillarchacon-foto\" rel=\"nofollow noopener\" target=\"_blank\"><img decoding=\"async\" alt=\"Plaza Mar\u00eda Herv\u00e1s en el Centro Hist\u00f3rico de D\u00e9nia, Comunidad Valenciana \/ DVCH DeVillarCHacon - Fotograf\u00eda interior\" data-nr-picture-id=\"691afd7220caaa0001ef7ede\" height=\"427\" itemprop=\"image\" loading=\"lazy\" longdesc=\"https:\/\/www.archdaily.cl\/cl\/1036164\/plaza-maria-hervas-en-el-centro-historico-de-denia-comunidad-valenciana-dvch-devillarchacon\/691afd7220caaa0001ef7ede-plaza-maria-hervas-en-el-centro-historico-de-denia-comunidad-valenciana-dvch-devillarchacon-foto\" src=\"https:\/\/www.europesays.com\/es\/wp-content\/uploads\/2025\/11\/2025052425-22.jpg\" width=\"640\"\/><\/a><\/p>\n<p>En contraste, la p\u00e9rgola de terracota se afirma con una presencia arquitect\u00f3nica m\u00e1s contundente. Su estructura de listones enmarca un vac\u00edo cargado de potencial colectivo\u2014artificial, el\u00e9ctrico y abierto a la transformaci\u00f3n. Equipado con toldos motorizados para el control solar, sistemas de iluminaci\u00f3n y sonido integrados para eventos, y tomas el\u00e9ctricas distribuidas a lo largo de todo su per\u00edmetro, funciona como una infraestructura adaptable, capaz de albergar cualquier actividad que requiera energ\u00eda y participaci\u00f3n.<\/p>\n<p><a class=\"js-image-size__link lazy-anchor\" href=\"https:\/\/www.archdaily.cl\/cl\/1036164\/plaza-maria-hervas-en-el-centro-historico-de-denia-comunidad-valenciana-dvch-devillarchacon\/691afd7220caaa0001ef7ee3-plaza-maria-hervas-en-el-centro-historico-de-denia-comunidad-valenciana-dvch-devillarchacon-foto\" rel=\"nofollow noopener\" target=\"_blank\"><img decoding=\"async\" alt=\"Plaza Mar\u00eda Herv\u00e1s en el Centro Hist\u00f3rico de D\u00e9nia, Comunidad Valenciana \/ DVCH DeVillarCHacon - Fotograf\u00eda exterior, Sillas\" data-nr-picture-id=\"691afd7220caaa0001ef7ee3\" height=\"427\" itemprop=\"image\" loading=\"lazy\" longdesc=\"https:\/\/www.archdaily.cl\/cl\/1036164\/plaza-maria-hervas-en-el-centro-historico-de-denia-comunidad-valenciana-dvch-devillarchacon\/691afd7220caaa0001ef7ee3-plaza-maria-hervas-en-el-centro-historico-de-denia-comunidad-valenciana-dvch-devillarchacon-foto\" src=\"https:\/\/www.europesays.com\/es\/wp-content\/uploads\/2025\/11\/2025052425-27.jpg\" width=\"640\"\/><\/a><\/p>\n<p>Juntas, las dos p\u00e9rgolas definen un ecosistema microclim\u00e1tico y social, un lugar donde <strong>la arquitectura se convierte tanto en refugio como en escenario<\/strong>: un laboratorio vivo que redefine la relaci\u00f3n entre el espacio p\u00fablico, el medio ambiente y la comunidad en la ciudad mediterr\u00e1nea del siglo XXI.<\/p>\n<p><a class=\"js-image-size__link lazy-anchor\" href=\"https:\/\/www.archdaily.cl\/cl\/1036164\/plaza-maria-hervas-en-el-centro-historico-de-denia-comunidad-valenciana-dvch-devillarchacon\/691afd6e20caaa0001ef7ed2-plaza-maria-hervas-en-el-centro-historico-de-denia-comunidad-valenciana-dvch-devillarchacon-foto\" rel=\"nofollow noopener\" target=\"_blank\"><img decoding=\"async\" alt=\"Plaza Mar\u00eda Herv\u00e1s en el Centro Hist\u00f3rico de D\u00e9nia, Comunidad Valenciana \/ DVCH DeVillarCHacon - Fotograf\u00eda exterior\" data-nr-picture-id=\"691afd6e20caaa0001ef7ed2\" height=\"427\" itemprop=\"image\" loading=\"lazy\" longdesc=\"https:\/\/www.archdaily.cl\/cl\/1036164\/plaza-maria-hervas-en-el-centro-historico-de-denia-comunidad-valenciana-dvch-devillarchacon\/691afd6e20caaa0001ef7ed2-plaza-maria-hervas-en-el-centro-historico-de-denia-comunidad-valenciana-dvch-devillarchacon-foto\" src=\"https:\/\/www.europesays.com\/es\/wp-content\/uploads\/2025\/11\/2025052425-06b.jpg\" width=\"640\"\/><\/a><script async src=\"https:\/\/platform.twitter.com\/widgets.js\" charset=\"utf-8\"><\/script><\/p>\n","protected":false},"excerpt":{"rendered":"\u00a9 Hisao Suzuki + 18 Compartir Compartir Facebook Twitter Mail Pinterest Whatsapp O https:\/\/www.archdaily.cl\/cl\/1036164\/plaza-maria-hervas-en-el-centro-historico-de-denia-comunidad-valenciana-dvch-devillarchacon Portapapeles \u00abCOPY\u00bb Copiar \u00c1rea&hellip;\n","protected":false},"author":2,"featured_media":243611,"comment_status":"","ping_status":"","sticky":false,"template":"","format":"standard","meta":{"footnotes":""},"categories":[173],"tags":[801,229,233,231,230,30922,232,234,15026,146,147,25,24,23],"class_list":{"0":"post-243610","1":"post","2":"type-post","3":"status-publish","4":"format-standard","5":"has-post-thumbnail","7":"category-arte-y-diseno","8":"tag-arquitectura","9":"tag-arte","10":"tag-arte-y-diseno","11":"tag-arts","12":"tag-arts-and-design","13":"tag-denia","14":"tag-design","15":"tag-diseno","16":"tag-edificios-publicos","17":"tag-entertainment","18":"tag-entretenimiento","19":"tag-es","20":"tag-espana","21":"tag-spain"},"share_on_mastodon":{"url":"https:\/\/pubeurope.com\/@es\/115573343458315236","error":""},"_links":{"self":[{"href":"https:\/\/www.europesays.com\/es\/wp-json\/wp\/v2\/posts\/243610","targetHints":{"allow":["GET"]}}],"collection":[{"href":"https:\/\/www.europesays.com\/es\/wp-json\/wp\/v2\/posts"}],"about":[{"href":"https:\/\/www.europesays.com\/es\/wp-json\/wp\/v2\/types\/post"}],"author":[{"embeddable":true,"href":"https:\/\/www.europesays.com\/es\/wp-json\/wp\/v2\/users\/2"}],"replies":[{"embeddable":true,"href":"https:\/\/www.europesays.com\/es\/wp-json\/wp\/v2\/comments?post=243610"}],"version-history":[{"count":0,"href":"https:\/\/www.europesays.com\/es\/wp-json\/wp\/v2\/posts\/243610\/revisions"}],"wp:featuredmedia":[{"embeddable":true,"href":"https:\/\/www.europesays.com\/es\/wp-json\/wp\/v2\/media\/243611"}],"wp:attachment":[{"href":"https:\/\/www.europesays.com\/es\/wp-json\/wp\/v2\/media?parent=243610"}],"wp:term":[{"taxonomy":"category","embeddable":true,"href":"https:\/\/www.europesays.com\/es\/wp-json\/wp\/v2\/categories?post=243610"},{"taxonomy":"post_tag","embeddable":true,"href":"https:\/\/www.europesays.com\/es\/wp-json\/wp\/v2\/tags?post=243610"}],"curies":[{"name":"wp","href":"https:\/\/api.w.org\/{rel}","templated":true}]}}