{"id":243614,"date":"2025-11-18T23:44:09","date_gmt":"2025-11-18T23:44:09","guid":{"rendered":"https:\/\/www.europesays.com\/es\/243614\/"},"modified":"2025-11-18T23:44:09","modified_gmt":"2025-11-18T23:44:09","slug":"dani-olmo-sabor-agridulce-queriamos-la-victoria-y-la-porteria-a-cero-pero-estamos-clasificados-para-el-mundial-futbol-deportes","status":"publish","type":"post","link":"https:\/\/www.europesays.com\/es\/243614\/","title":{"rendered":"Dani Olmo: \u201cSabor agridulce, quer\u00edamos la victoria y la porter\u00eda a cero, pero estamos clasificados para el Mundial\u201d | F\u00fatbol | Deportes"},"content":{"rendered":"<p class=\"\"><a href=\"https:\/\/elpais.com\/deportes\/futbol\/2025-11-18\/laporte-la-roca-de-luis-de-la-fuente-que-escapo-de-arabia.html\" target=\"_blank\" rel=\"noreferrer nofollow noopener\" title=\"https:\/\/elpais.com\/deportes\/futbol\/2025-11-18\/laporte-la-roca-de-luis-de-la-fuente-que-escapo-de-arabia.html\">Luis de la Fuente respeta las jerarqu\u00edas<\/a>. Y no lo hace solo con sus estrellas. A Dani Olmo, por ejemplo, le est\u00e1 costando encontrar su mejor versi\u00f3n en el Barcelona de Hansi Flick. Su posici\u00f3n habitual, la mediapunta del cuadro azulgrana, la ocupa Ferm\u00edn L\u00f3pez. En Espa\u00f1a sucedi\u00f3 lo contrario: fue Olmo quien dej\u00f3 en el banquillo a Ferm\u00edn. De la Fuente protege a uno de sus jugadores hist\u00f3ricos, incluso frente a un futbolista en estado de gracia como Ferm\u00edn, que suma seis goles y cuatro asistencias en los 11 duelos que ha disputado con el equipo de Flick.<\/p>\n<p>M\u00e1s informaci\u00f3n<\/p>\n<p class=\"\">Y Olmo respondi\u00f3 a la confianza de De la Fuente. El 10 inaugur\u00f3 el marcador para la Roja y firm\u00f3 otros dos remates a puerta con los que hizo lucir a Bay\u0131nd\u0131r, portero de Turqu\u00eda. Fue precisamente Ferm\u00edn quien reemplaz\u00f3 a Olmo en el minuto 74. Para entonces, Espa\u00f1a ya hab\u00eda empatado el duelo \u2014no pierde en casa en un partido de clasificaci\u00f3n al Mundial desde 2003, cuando cay\u00f3 ante Grecia\u2014 <a href=\"https:\/\/elpais.com\/deportes\/futbol\/2025-10-16\/la-espana-de-record-de-del-bosque-se-reconoce-en-la-actual-es-una-pasada-ver-a-esta-seleccion.html\" target=\"_blank\" rel=\"noreferrer nofollow noopener\" title=\"https:\/\/elpais.com\/deportes\/futbol\/2025-10-16\/la-espana-de-record-de-del-bosque-se-reconoce-en-la-actual-es-una-pasada-ver-a-esta-seleccion.html\">para estirar hasta 31 su racha de encuentros consecutivos sin perder e igualar la marca de la Italia de Roberto Mancini.<\/a><\/p>\n<p class=\"\">Lo importante, en cualquier caso, era sellar el visado al Mundial de 2026. No consigui\u00f3, sin embargo, cerrar la clasificaci\u00f3n con la porter\u00eda invicta. \u201cNo hemos celebrado de manera tan euf\u00f3rica como el partido pasado. Un poco sabor agridulce: quer\u00edamos la victoria y la porter\u00eda a cero, pero estamos clasificados para el Mundial\u201d, expuso Olmo. Y a\u00f1adi\u00f3: \u201cEllos han llegado, nosotros tambi\u00e9n. En la primera parte pod\u00edamos haber metido alg\u00fan gol m\u00e1s; en la segunda, tambi\u00e9n. Tenemos que mirar el bal\u00f3n parado: hemos recibido un tanto. No ha podido ser la victoria, pero contentos por la clasificaci\u00f3n\u201d.<\/p>\n<p class=\"\">En la misma l\u00ednea, Marcos Llorente a\u00f1adi\u00f3: \u201cMuy felices por celebrar, que cuando entras en esta rueda de ganar por muchos goles siempre, cuando se empata y se consigue un objetivo grande parece que se est\u00e1 triste y con un sabor agridulce. Pero es momento de mirar atr\u00e1s, ver el compromiso de todos y que se ha conseguido el objetivo. Creo que es un momento muy bonito de la selecci\u00f3n y hay que disfrutarlo\u201d. Tanto Llorente como Olmo fueron dos de las buenas noticias para De la Fuente: Olmo en su vieja funci\u00f3n como extremo izquierdo; Llorente, como lateral derecho. \u201cEs muy f\u00e1cil jugar aqu\u00ed, rodeado de estos jugadores, con una idea tan clara. Muy contento de volver, de jugar de inicio, del objetivo \u2014que estaba claro\u2014, que era pasar al Mundial. Momentos para celebrar en lo personal y deseando llegar a casa para hacerlo\u201d, complet\u00f3 el futbolista del Atl\u00e9tico.<\/p>\n<p class=\"\">Llorente no quiere pensar en el Mundial \u2014\u201cHay jugadores de un nivel alt\u00edsimo en Espa\u00f1a. Seguir haciendo las cosas bien y esperar esa llamada\u201d, subray\u00f3\u2014, mientras que Aleix Garc\u00eda tiene la mirilla puesta en la Finalissima frente a Argentina, el duelo entre el campe\u00f3n de Europa y el de Am\u00e9rica: \u201cViene en marzo una convocatoria muy bonita, donde podemos ganar otro t\u00edtulo. El equipo demuestra cada partido que puede competir contra cualquiera. Ahora, a centrarnos en los clubes y estar preparados para marzo\u201d.<\/p>\n<p class=\"\">De la Fuente, por su parte, concluy\u00f3: \u201cQueda mucho hasta marzo, tenemos much\u00edsima ilusi\u00f3n pero hay mucho trabajo por hacer y tiempo para pensar muchas cosas. Esperemos contar con todos los futbolistas para llevar a los mejores jugadores que tenemos en Espa\u00f1a e intentar competir para ganar esta competici\u00f3n\u201d.<\/p>\n","protected":false},"excerpt":{"rendered":"Luis de la Fuente respeta las jerarqu\u00edas. Y no lo hace solo con sus estrellas. A Dani Olmo,&hellip;\n","protected":false},"author":2,"featured_media":243615,"comment_status":"","ping_status":"","sticky":false,"template":"","format":"standard","meta":{"footnotes":""},"categories":[93],"tags":[1540,168,1539,25,24,282,1538,35718,32463,3714,62265,23,167],"class_list":{"0":"post-243614","1":"post","2":"type-post","3":"status-publish","4":"format-standard","5":"has-post-thumbnail","7":"category-deportes","8":"tag-competiciones","9":"tag-deportes","10":"tag-entrenadores","11":"tag-es","12":"tag-espana","13":"tag-futbol","14":"tag-futbolistas","15":"tag-luis-de-la-fuente","16":"tag-mundial-2026","17":"tag-seleccion-espanola","18":"tag-seleccion-futbol-turquia","19":"tag-spain","20":"tag-sports"},"share_on_mastodon":{"url":"https:\/\/pubeurope.com\/@es\/115573362899090692","error":""},"_links":{"self":[{"href":"https:\/\/www.europesays.com\/es\/wp-json\/wp\/v2\/posts\/243614","targetHints":{"allow":["GET"]}}],"collection":[{"href":"https:\/\/www.europesays.com\/es\/wp-json\/wp\/v2\/posts"}],"about":[{"href":"https:\/\/www.europesays.com\/es\/wp-json\/wp\/v2\/types\/post"}],"author":[{"embeddable":true,"href":"https:\/\/www.europesays.com\/es\/wp-json\/wp\/v2\/users\/2"}],"replies":[{"embeddable":true,"href":"https:\/\/www.europesays.com\/es\/wp-json\/wp\/v2\/comments?post=243614"}],"version-history":[{"count":0,"href":"https:\/\/www.europesays.com\/es\/wp-json\/wp\/v2\/posts\/243614\/revisions"}],"wp:featuredmedia":[{"embeddable":true,"href":"https:\/\/www.europesays.com\/es\/wp-json\/wp\/v2\/media\/243615"}],"wp:attachment":[{"href":"https:\/\/www.europesays.com\/es\/wp-json\/wp\/v2\/media?parent=243614"}],"wp:term":[{"taxonomy":"category","embeddable":true,"href":"https:\/\/www.europesays.com\/es\/wp-json\/wp\/v2\/categories?post=243614"},{"taxonomy":"post_tag","embeddable":true,"href":"https:\/\/www.europesays.com\/es\/wp-json\/wp\/v2\/tags?post=243614"}],"curies":[{"name":"wp","href":"https:\/\/api.w.org\/{rel}","templated":true}]}}