{"id":243621,"date":"2025-11-18T23:49:09","date_gmt":"2025-11-18T23:49:09","guid":{"rendered":"https:\/\/www.europesays.com\/es\/243621\/"},"modified":"2025-11-18T23:49:09","modified_gmt":"2025-11-18T23:49:09","slug":"al-menos-trece-muertos-en-un-bombardeo-israeli-en-libano","status":"publish","type":"post","link":"https:\/\/www.europesays.com\/es\/243621\/","title":{"rendered":"Al menos trece muertos en un bombardeo israel\u00ed en L\u00edbano"},"content":{"rendered":"<p>Al menos<strong> trece personas han muerto<\/strong> y un n\u00famero a\u00fan indeterminado han resultado heridas este martes en un <strong>bombardeo israel\u00ed <\/strong>contra el <strong>mayor campamento de refugiados palestinos<\/strong> del L\u00edbano, ubicado en la ciudad meridional de <strong>Sid\u00f3n<\/strong>. El Ej\u00e9rcito de Israel asegura que se trataba de \u00abun complejo de <strong>entrenamiento de Ham\u00e1s<\/strong>\u00ab, pero el grupo islamista lo ha desmentido. <\/p>\n<p>Este es uno de los ataques con m\u00e1s v\u00edctimas mortales desde el <strong>acuerdo de alto el fuego <\/strong>alcanzado <strong>hace un a\u00f1o<\/strong> entre los dos pa\u00edses. \u00abEl ataque result\u00f3 en el fallecimiento de trece personas y caus\u00f3 heridas a varias m\u00e1s. Las ambulancias todav\u00eda est\u00e1n transportando a m\u00e1s v\u00edctimas a los hospitales cercanos\u00bb, ha informado en un comunicado el Centro de Operaciones de Emergencia en el Ministerio de Salud P\u00fablica del L\u00edbano. <\/p>\n<p>Seg\u00fan la Agencia Nacional de Noticias (ANN), el ataque estuvo dirigido contra <strong>un convoy <\/strong>que se encontraba en las <strong>inmediaciones de una mezquita<\/strong> dentro del campo, si bien tambi\u00e9n se han reportado supuestas acciones posteriores contra el propio templo y un centro vinculado.<\/p>\n<p>Maniobras de entrenamiento para \u00abplanear ataques terroristas\u00bb<\/p>\n<p>Tambi\u00e9n el Ej\u00e9rcito de Israel ha confirmado el bombardeo. \u00ab<strong>El Ej\u00e9rcito atac\u00f3 a terroristas<\/strong> que operaban en un complejo de entrenamiento de Ham\u00e1s en la zona de Ain el Helu en el sur del L\u00edbano\u00bb, se indica en un comunicado militar.<\/p>\n<p>\u00abEl complejo militar era utilizado por terroristas de Ham\u00e1s para <strong>maniobras de entrenamiento<\/strong> para planear y llevar a cabo ataques terroristas contra las fuerzas del Ej\u00e9rcito y el Estado de Israel\u00bb, contin\u00faa el texto.<\/p>\n<p>Las fuerzas armadas israel\u00edes se refieren habitualmente como <strong>terroristas a milicianos e individuos <\/strong>que atacan a israel\u00edes, aunque no se aportan pruebas de la vinculaci\u00f3n de las v\u00edctimas con el grupo islamista palestino en el comunicado.<\/p>\n<p>El Ej\u00e9rcito asegura haber tomado medidas previas para \u00ab<strong>mitigar el da\u00f1o a civiles<\/strong>\u00ab, como el uso de municiones de precisi\u00f3n o vigilancia a\u00e9rea.<\/p>\n<p>Las fuerzas armadas enmarcan el ataque como parte de los bombardeos constantes que lleva a cabo en el L\u00edbano, a pesar del alto el fuego en vigor, contra el rearme de las milicias en la zona, mayoritariamente del <strong>grupo chi\u00ed Hizbul\u00e1<\/strong>.<\/p>\n<p>\t\tIr\u00e1n, Yemen, el L\u00edbano o Siria: las otras guerras de Israel\t<\/p>\n<p>Ataques contra Hizbul\u00e1 <\/p>\n<p><strong>Israel<\/strong> ha continuado <a href=\"https:\/\/www.rtve.es\/noticias\/20251106\/israel-bombardea-sur-libano-ataques-contra-posiciones-hizbulah\/16804451.shtml\" target=\"_blank\" rel=\"nofollow noopener\">atacando el L\u00edbano con asiduidad<\/a> pese al alto el fuego acordado hace <a href=\"https:\/\/www.rtve.es\/noticias\/20241127\/alto-fuego-entre-libano-israel-entra-vigor-con-advertencias-del-ejercito-hebreo\/16348282.shtml\" target=\"_blank\" rel=\"nofollow noopener\">cerca de un a\u00f1o <\/a>y, tras la entrada en vigor de un cese de hostilidades en la Franja de Gaza el mes pasado, intensific\u00f3 significativamente sus bombardeos contra presuntos objetivos del<strong> grupo chi\u00ed liban\u00e9s Hizbul\u00e1. <\/strong>Es mucho menos com\u00fan que sean alcanzados miembros de formaciones palestinas.<\/p>\n<p>Todo ello se produce en medio de intentos de promover el <strong>comienzo de negociaciones<\/strong> entre el L\u00edbano y el Estado jud\u00edo, que ha argumentado sus recientes oleadas de ataques en presuntos intentos de Hizbul\u00e1 por restaurar sus capacidades tras la guerra el pasado a\u00f1o entre ambos.<\/p>\n<p>Hace una semana, <strong>el presidente liban\u00e9s<\/strong>, Joseph Aoun, anunci\u00f3 que su pa\u00eds est\u00e1 esperando una <strong>respuesta de Israel<\/strong> a la propuesta de <strong>negociar <\/strong>para zanjar los asuntos pendientes entre ambos, una v\u00eda a la que el <strong>grupo chi\u00ed <\/strong>ha mostrado su <strong>rotunda oposici\u00f3n<\/strong>.<\/p>\n<p>\u00ab<strong>El Gobierno comete un error <\/strong>si opta por la v\u00eda de las concesiones para poner fin a la agresi\u00f3n, y ofrecer acuerdos unilaterales ha resultado infructuoso\u00bb, se\u00f1al\u00f3 este lunes en un discurso televisado el <strong>l\u00edder de Hizbul\u00e1<\/strong>, Naim Qassem, que insisti\u00f3 con que el Gobierno liban\u00e9s comete un error si opta por hacer \u00abconcesiones para poner fin a la agresi\u00f3n\u00bb israel\u00ed.<\/p>\n<p>Para Qassem, \u00abaceptar negociar con Israel y aprobar los t\u00e9rminos del plan\u00bb del enviado especial de EE.UU. para Siria y L\u00edbano, Thomas Barrack, \u00abes una concesi\u00f3n\u00bb, y pidi\u00f3 al Gobierno \u00ab<strong>dejar de hacer concesiones<\/strong> y decir no\u00bb.<\/p>\n<p>Una \u00abagresi\u00f3n flagrante\u00bb<\/p>\n<p>El 1 de <strong>octubre de 2024<\/strong> y tras semanas de escalada, <strong><a href=\"https:\/\/www.rtve.es\/noticias\/20241001\/ejercito-israeli-comienza-incursion-terrestre-limitada-localizada-sur-libano\/16268722.shtml\" rel=\"nofollow noopener\" target=\"_blank\">Israel inici\u00f3 una incursi\u00f3n terrestre en el L\u00edbano<\/a><\/strong>. El Gobierno de Benjam\u00edn <strong>Netanyahu<\/strong> asegur\u00f3 que se trataba de una<strong> operaci\u00f3n \u00ablimitada, localizada y espec\u00edfica\u00bb <\/strong>en la frontera sur para destruir posiciones de Hizbul\u00e1 que llegaba tras una intensa campa\u00f1a de bombardeos en todo el pa\u00eds. La invasi\u00f3n se produc\u00eda cerca de<strong> un a\u00f1o despu\u00e9s de su entrada en Gaza<\/strong> y pocos d\u00edas despu\u00e9s de la <a href=\"https:\/\/www.rtve.es\/noticias\/20240928\/ejercito-israeli-asegura-haber-matado-lider-hizbula\/16266193.shtml\" rel=\"nofollow noopener\" target=\"_blank\">muerte del l\u00edder de la milicia chi\u00ed, Has\u00e1n Nasrala<\/a>, en un ataque israel\u00ed a la sede de operaciones de la organizaci\u00f3n en Beirut. No era la primera vez que Tel Aviv entraba en el pa\u00eds vecino, ya lo hizo en 1978, 1982 y 2006.<\/p>\n<p>Un a\u00f1o despu\u00e9s de firmar el alto el fuego, tanto<strong> Israel como Estados Unidos siguen demandado<\/strong> el <strong>desarme<\/strong> del grupo chi\u00ed, mientras el L\u00edbano pide el fin de los ataques israel\u00edes contra su territorio y de la ocupaci\u00f3n de varias de sus colinas en el sur del pa\u00eds.<\/p>\n<p>\u00abLo que ocurre hoy en el L\u00edbano no es un incumplimiento del acuerdo de alto el fuego, sino una <strong>agresi\u00f3n flagrante<\/strong> cuyo objetivo es controlar el pa\u00eds y despojarlo de todo poder\u00bb, asegur\u00f3 Qassem, y defendi\u00f3 que es responsabilidad del Estado desarrollar \u00abun programa para poner fin a esta ocupaci\u00f3n\u00bb.<\/p>\n<p>Insisti\u00f3 que el \u00abproblema es la agresi\u00f3n, no la resistencia\u00bb, y a\u00f1adi\u00f3 que el problema es \u00abaceptar la rendici\u00f3n del L\u00edbano ante Israel para que este lo manipule a su antojo\u00bb.<\/p>\n","protected":false},"excerpt":{"rendered":"Al menos trece personas han muerto y un n\u00famero a\u00fan indeterminado han resultado heridas este martes en un&hellip;\n","protected":false},"author":2,"featured_media":243622,"comment_status":"","ping_status":"","sticky":false,"template":"","format":"standard","meta":{"footnotes":""},"categories":[42],"tags":[17,18,13,14,11,61,62,63,64,19,20,9,10,15,16,12,21,22,65,66,67],"class_list":{"0":"post-243621","1":"post","2":"type-post","3":"status-publish","4":"format-standard","5":"has-post-thumbnail","7":"category-internacional","8":"tag-breaking-news","9":"tag-breakingnews","10":"tag-featured-news","11":"tag-featurednews","12":"tag-headlines","13":"tag-internacional","14":"tag-international","15":"tag-international-news","16":"tag-internationalnews","17":"tag-latest-news","18":"tag-latestnews","19":"tag-news","20":"tag-noticias","21":"tag-noticias-destacadas","22":"tag-noticiasdestacadas","23":"tag-titulares","24":"tag-ultimas-noticias","25":"tag-ultimasnoticias","26":"tag-world","27":"tag-world-news","28":"tag-worldnews"},"share_on_mastodon":{"url":"https:\/\/pubeurope.com\/@es\/115573382508948773","error":""},"_links":{"self":[{"href":"https:\/\/www.europesays.com\/es\/wp-json\/wp\/v2\/posts\/243621","targetHints":{"allow":["GET"]}}],"collection":[{"href":"https:\/\/www.europesays.com\/es\/wp-json\/wp\/v2\/posts"}],"about":[{"href":"https:\/\/www.europesays.com\/es\/wp-json\/wp\/v2\/types\/post"}],"author":[{"embeddable":true,"href":"https:\/\/www.europesays.com\/es\/wp-json\/wp\/v2\/users\/2"}],"replies":[{"embeddable":true,"href":"https:\/\/www.europesays.com\/es\/wp-json\/wp\/v2\/comments?post=243621"}],"version-history":[{"count":0,"href":"https:\/\/www.europesays.com\/es\/wp-json\/wp\/v2\/posts\/243621\/revisions"}],"wp:featuredmedia":[{"embeddable":true,"href":"https:\/\/www.europesays.com\/es\/wp-json\/wp\/v2\/media\/243622"}],"wp:attachment":[{"href":"https:\/\/www.europesays.com\/es\/wp-json\/wp\/v2\/media?parent=243621"}],"wp:term":[{"taxonomy":"category","embeddable":true,"href":"https:\/\/www.europesays.com\/es\/wp-json\/wp\/v2\/categories?post=243621"},{"taxonomy":"post_tag","embeddable":true,"href":"https:\/\/www.europesays.com\/es\/wp-json\/wp\/v2\/tags?post=243621"}],"curies":[{"name":"wp","href":"https:\/\/api.w.org\/{rel}","templated":true}]}}