{"id":243623,"date":"2025-11-18T23:50:08","date_gmt":"2025-11-18T23:50:08","guid":{"rendered":"https:\/\/www.europesays.com\/es\/243623\/"},"modified":"2025-11-18T23:50:08","modified_gmt":"2025-11-18T23:50:08","slug":"se-ha-abierto-una-investigacion-y-segun-los-resultados-habra-consecuencias","status":"publish","type":"post","link":"https:\/\/www.europesays.com\/es\/243623\/","title":{"rendered":"\u00abSe ha abierto una investigaci\u00f3n y seg\u00fan los resultados habr\u00e1 consecuencias\u00bb"},"content":{"rendered":"<p style=\"\">El Papa no quiere interferir en la investigaci\u00f3n abierta por el Tribunal de la Rota contra <strong>Rafael Zornoza<\/strong>, obispo de C\u00e1diz y Ceuta, que fue denunciado en verano <a href=\"https:\/\/www.abc.es\/espana\/andalucia\/cadiz\/obispo-cadiz-rafael-zornoza-sobre-acusaciones-pederastia-20251110095404-nts.html\" target=\"_self\" data-voc-vtm-id=\"in-text-traffic\" title=\"por haber abusado de un adolescente en los a\u00f1os 90\" rel=\"nofollow noopener\">por haber abusado de un adolescente en los a\u00f1os 90<\/a>. Por eso, Le\u00f3n XIV ha  &#8230; confirmado que \u00abpor el momento\u00bb Zornoza sigue en su cargo. \u00abSe ha abierto una investigaci\u00f3n, hay que dejar que vaya adelante, y seg\u00fan los resultados habr\u00e1 consecuencias\u00bb, ha explicado.<\/p>\n<p class=\"voc-p\" style=\"\">El Pont\u00edfice lo ha explicado a los periodistas espa\u00f1oles Gonzalo S\u00e1nchez de la agencia EFE y <strong>Marina Garc\u00eda Di\u00e9guez<\/strong> de Mediaset Espa\u00f1a, que le han preguntado mientras abandonaba su <a href=\"https:\/\/www.abc.es\/sociedad\/papa-comienza-primeras-vacaciones-castel-gandolfo-tres-20250707194042-nt.html\" target=\"_self\" data-voc-vtm-id=\"in-text-traffic\" title=\"residencia de Castelgandolfo\" rel=\"nofollow noopener\">residencia de Castelgandolfo<\/a> este martes rumbo a Roma, donde se traslad\u00f3 este lunes para pasar unas horas de descanso.<\/p>\n<p class=\"voc-p\" style=\"\">\u00ab\u00bfC\u00f3mo se debe comportar el Vaticano ante un caso como el del obispo de C\u00e1diz, que ha sido acusado de abusos pero por el momento sigue en su cargo?\u00bb, le ha preguntado la periodista. \u00abPor el momento, s\u00ed\u00bb, ha respondido el Papa. Luego ha a\u00f1adido que cuando se afronta una investigaci\u00f3n por abusos \u00abhay unos protocolos que est\u00e1n claramente establecidos, para ver el caso\u00bb y que \u00abel obispo mismo ten\u00eda que responder\u00bb. En referencia a monse\u00f1or Zornoza, Le\u00f3n XIV ha asegurado que \u00ab\u00e9l mismo insiste en su <strong>inocencia<\/strong>; se ha abierto una investigaci\u00f3n, hay que permitir que la investigaci\u00f3n vaya adelante, y seg\u00fan los resultados habr\u00e1 consecuencias\u00bb.<\/p>\n<p class=\"voc-p\" style=\"\">Cuando la reportera le ha preguntado si quiere lanzar un mensaje a las <a href=\"https:\/\/www.abc.es\/sociedad\/victimas-abuso-iglesia-reciben-3000-100000-euros-20250916204150-nt.html\" target=\"_self\" data-voc-vtm-id=\"in-text-traffic\" title=\"v\u00edctimas de abusos\" rel=\"nofollow noopener\">v\u00edctimas de abusos<\/a>, ha dicho que \u00aba las v\u00edctimas, en primer lugar, espero que encuentren siempre un lugar seguro donde puedan hablar, donde puedan presentar sus casos\u00bb. \u00abY con esto, es importante respetar los procesos que s\u00ed requieren tiempo, pero ya hemos hablado tambi\u00e9n la necesidad de seguir los pasos indicados por la Justicia, en este caso, de la Iglesia\u00bb, ha concluido. <\/p>\n<p class=\"voc-p\" style=\"\">Rafael Zornoza, obispo de C\u00e1diz y Ceuta est\u00e1 siendo investigado por el tribunal de la Rota, de la nunciatura en Madrid, tras una denuncia por supuestos abusos cometidos contra un menor en los a\u00f1os 90. \u00c9l calific\u00f3 estas acusaciones como \u00abmuy graves y falsas\u00bb. <\/p>\n<p class=\"voc-p\" style=\"\">Por otro lado, el Papa, en referencia a futuros viajes en 2026, el Papa ha dicho \u00abtengo pendientes <strong>Uruguay<\/strong> y <strong>Argentina<\/strong> pendientes; ir a <strong>Per\u00fa<\/strong>, por supuesto; etc\u00bb. Tambi\u00e9n ha mencionado <strong>F\u00e1tima<\/strong> en Portugal y <strong>Guadalupe<\/strong> en M\u00e9xico. \u00abEl a\u00f1o que viene vamos a programar viajes. Yo, encantado de viajar\u00bb, ha asegurado.<\/p>\n<p>\nUcrania, migraciones y persecuci\u00f3n de cristianos\n<\/p>\n<p class=\"voc-p\" style=\"\">Otros periodistas le han preguntado si \u00abes justa una paz en Ucrania que pase por la cesi\u00f3n de los territorios ocupados por Rusia\u00bb. \u00abLo deben decidir ellos\u00bb, ha respondido tajante el Papa. \u00abEl problema es que no hay un alto el fuego, que no llegan a alg\u00fan punto para dialogar y ver c\u00f3mo resolver este problema. Por desgracia, todos los d\u00edas est\u00e1n muriendo las personas\u00bb. \u00abCreo que insistir en una paz comenzando con el alto el fuego y luego a dialogar\u00bb. <\/p>\n<p class=\"voc-p\" style=\"\">Interrogado sobre c\u00f3mo descansa en Castel Gandolfo, adonde se traslada cada lunes por la noche para pasar un d\u00eda, asegura que hace \u00abun poco de deporte, un poco de lectura, un poco de trabajo. Todos los d\u00edas hay correspondencia, llamadas, cuestiones importantes y urgentes; y un poco de tenis, un poco de piscina\u00bb. \u00abPienso que para cuidarse bien, todos deber\u00edan hacer un poco de actividad. Cuidar el cuerpo y el alma. A m\u00ed me ayuda mucho hacer una pausa durante la semana\u00bb.<\/p>\n<p>\nEE.UU., la inmigraci\u00f3n y los derechos humanos\n<\/p>\n<p class=\"voc-p\" style=\"\">El Papa ha mencionado la declaraci\u00f3n que los obispos de EE.UU. han hecho en defensa de los derechos humanos de los emigrantes en este pa\u00eds. \u00abInvitar\u00eda a todos los cat\u00f3licos y a las personas de buena voluntad a escuchar atentamente lo que han dicho. Tenemos que buscar formas de tratar a la gente humanamente, con la dignidad que tienen. Si est\u00e1n ilegalmente en Estados Unidos, hay formas de afrontarlo, hay jueces, hay un sistema de justicia\u00bb. \u00abNadie ha dicho que Estados Unidos deber\u00eda tener fronteras abiertas, cada pa\u00eds tiene el derecho de determinar qui\u00e9n, c\u00f3mo y cu\u00e1ndo la gente entra. Pero cuando la gente est\u00e1 viviendo all\u00ed sus vidas, muchos desde hace 10, 15, 20 a\u00f1os, y tratarlas de manera extremadamente desrespetuosa, por decir lo menos grave\u2026, Ha habido alguna violencia, por desgracia\u00bb, ha a\u00f1adido. \u00abInvitar\u00eda a todos los cat\u00f3licos a escuchar\u00bb.<\/p>\n<p class=\"voc-p\" style=\"\">Tambi\u00e9n ha mencionado la situaci\u00f3n de los cristianos en Nigeria, donde un sacerdote fue secuestrado este lunes. \u00abHay un cierto peligro para los cristianos, pero tambi\u00e9n para todas las personas. Cristianos y musulmanes han sido asesinados, pues est\u00e1 ligado tambi\u00e9n a territorio, econom\u00eda y control de tierras\u00bb. \u00abDesafortunadamente, muchos cristianos han muerto. Es muy importante que el gobierno busque con todas las personas promover la libertad religiosa aut\u00e9ntica\u00bb.<\/p>\n","protected":false},"excerpt":{"rendered":"El Papa no quiere interferir en la investigaci\u00f3n abierta por el Tribunal de la Rota contra Rafael Zornoza,&hellip;\n","protected":false},"author":2,"featured_media":243624,"comment_status":"","ping_status":"","sticky":false,"template":"","format":"standard","meta":{"footnotes":""},"categories":[8],"tags":[1046,17,18,2193,10107,25,24,13,14,11,1294,19,20,9,10,15,16,35960,12629,885,5153,57,23,12,21,22],"class_list":{"0":"post-243623","1":"post","2":"type-post","3":"status-publish","4":"format-standard","5":"has-post-thumbnail","7":"category-espana","8":"tag-abierto","9":"tag-breaking-news","10":"tag-breakingnews","11":"tag-cadiz","12":"tag-consecuencias","13":"tag-es","14":"tag-espana","15":"tag-featured-news","16":"tag-featurednews","17":"tag-headlines","18":"tag-investigacion","19":"tag-latest-news","20":"tag-latestnews","21":"tag-news","22":"tag-noticias","23":"tag-noticias-destacadas","24":"tag-noticiasdestacadas","25":"tag-obispo","26":"tag-papa","27":"tag-resultados","28":"tag-segun","29":"tag-sobre","30":"tag-spain","31":"tag-titulares","32":"tag-ultimas-noticias","33":"tag-ultimasnoticias"},"share_on_mastodon":{"url":"https:\/\/pubeurope.com\/@es\/115573386350919566","error":""},"_links":{"self":[{"href":"https:\/\/www.europesays.com\/es\/wp-json\/wp\/v2\/posts\/243623","targetHints":{"allow":["GET"]}}],"collection":[{"href":"https:\/\/www.europesays.com\/es\/wp-json\/wp\/v2\/posts"}],"about":[{"href":"https:\/\/www.europesays.com\/es\/wp-json\/wp\/v2\/types\/post"}],"author":[{"embeddable":true,"href":"https:\/\/www.europesays.com\/es\/wp-json\/wp\/v2\/users\/2"}],"replies":[{"embeddable":true,"href":"https:\/\/www.europesays.com\/es\/wp-json\/wp\/v2\/comments?post=243623"}],"version-history":[{"count":0,"href":"https:\/\/www.europesays.com\/es\/wp-json\/wp\/v2\/posts\/243623\/revisions"}],"wp:featuredmedia":[{"embeddable":true,"href":"https:\/\/www.europesays.com\/es\/wp-json\/wp\/v2\/media\/243624"}],"wp:attachment":[{"href":"https:\/\/www.europesays.com\/es\/wp-json\/wp\/v2\/media?parent=243623"}],"wp:term":[{"taxonomy":"category","embeddable":true,"href":"https:\/\/www.europesays.com\/es\/wp-json\/wp\/v2\/categories?post=243623"},{"taxonomy":"post_tag","embeddable":true,"href":"https:\/\/www.europesays.com\/es\/wp-json\/wp\/v2\/tags?post=243623"}],"curies":[{"name":"wp","href":"https:\/\/api.w.org\/{rel}","templated":true}]}}