{"id":243625,"date":"2025-11-18T23:56:13","date_gmt":"2025-11-18T23:56:13","guid":{"rendered":"https:\/\/www.europesays.com\/es\/243625\/"},"modified":"2025-11-18T23:56:13","modified_gmt":"2025-11-18T23:56:13","slug":"dos-anos-despues-de-debutar-en-el-top-30-eubanks-anuncia-su-retiro-del-tenis-atp-tour","status":"publish","type":"post","link":"https:\/\/www.europesays.com\/es\/243625\/","title":{"rendered":"Dos a\u00f1os despu\u00e9s de debutar en el Top 30, Eubanks anuncia su retiro del tenis | ATP Tour"},"content":{"rendered":"<p>        Christopher Eubanks<br \/>\n    Dos a\u00f1os despu\u00e9s de debutar en el Top 30, Eubanks anuncia su retiro del tenis<\/p>\n<p>El diestro de 29 a\u00f1os gan\u00f3 un t\u00edtulo en el ATP Tour<\/p>\n<p>November 17, 2025<\/p>\n<p>            <img decoding=\"async\" src=\"https:\/\/www.europesays.com\/es\/wp-content\/uploads\/2025\/11\/eubanks-wimbledon-2023-friday.jpg\" alt=\"Christopher Eubanks lleg\u00f3 a cuartos en Wimbledon 2023.\"\/><\/p>\n<p>Mike Hewitt\/Getty Images<\/p>\n<p>        Christopher Eubanks lleg\u00f3 a cuartos en Wimbledon 2023.<br \/>\n        By Redacci\u00f3n ATP <\/p>\n<p><a href=\"https:\/\/www.atptour.com\/es\/players\/christopher-eubanks\/e865\/overview\" rel=\"nofollow noopener\" target=\"_blank\">Christopher Eubanks<\/a> anunci\u00f3 su retiro del tenis el lunes a trav\u00e9s de una publicaci\u00f3n en Instagram.<br \/>\u00a0<br \/>\u201cSi le hubieran dicho a este ni\u00f1o del sur de Atlanta que lograr\u00eda todo lo que logr\u00f3, \u00e9l no lo habr\u00eda cre\u00eddo\u201d, escribi\u00f3 Eubanks en redes sociales. \u201c\u00bfDos veces Jugador del A\u00f1o de la ACC? \u00a1Ni hablar! \u00bfCuartofinalista de <a href=\"https:\/\/www.atptour.com\/es\/tournaments\/wimbledon\/540\/overview\" rel=\"nofollow noopener\" target=\"_blank\">Wimbledon<\/a>? \u00a1Imposible! \u00bfOl\u00edmpico? \u00a1Inconcebible! Tuve la oportunidad de viajar por el mundo y forjar relaciones incre\u00edbles, todo mientras cumpl\u00eda el sue\u00f1o de mi vida: jugar tenis profesional. No puedo expresar con palabras lo afortunado que he sido. \u00bfSer\u00e1 este el final definitivo? Es dif\u00edcil asegurarlo, pero si lo es, \u00a1\u00a1\u00a1qu\u00e9 maravilla!!! Ha sido una experiencia incre\u00edble\u201d.<\/p>\n<p>\u00a0<\/p>\n<blockquote class=\"instagram-media\" data-instgrm-permalink=\"https:\/\/www.instagram.com\/p\/DRKQLNfjkBz\/?utm_source=ig_embed&amp;utm_campaign=loading\" data-instgrm-version=\"14\" style=\"background:#FFF; border:0; border-radius:3px; box-shadow:0 0 1px 0 rgba(0,0,0,0.5),0 1px 10px 0 rgba(0,0,0,0.15); margin: 1px; max-width:540px; min-width:326px; padding:0; width:99.375%; width:-webkit-calc(100% - 2px); width:calc(100% - 2px);\">\n<\/blockquote>\n<p>Eubanks debut\u00f3 en el circuito profesional en 2015 en el torneo ATP 250 de Atlanta, su ciudad natal. El jugador de 29 a\u00f1os obtuvo su primera victoria en el circuito profesional en la misma ciudad dos a\u00f1os despu\u00e9s, antes de lograr su gran \u00e9xito en 2023.<\/p>\n<p>Esa temporada, Eubanks alcanz\u00f3 los cuartos de final del Masters 1000 de Miami, conquist\u00f3 su \u00fanico t\u00edtulo ATP sobre hierba en Mallorca y posteriormente lleg\u00f3 a los cuartos de final de <a href=\"https:\/\/www.atptour.com\/es\/tournaments\/wimbledon\/540\/overview\" rel=\"nofollow noopener\" target=\"_blank\">Wimbledon<\/a>. Tras su actuaci\u00f3n en Londres, el estadounidense ascendi\u00f3 al puesto n\u00famero 29 del PIF ATP Rankings, el mejor de su carrera.<\/p>\n<p><br class=\"t-last-br\"\/><\/p>\n<p><script async src=\"\/\/www.instagram.com\/embed.js\"><\/script><\/p>\n","protected":false},"excerpt":{"rendered":"Christopher Eubanks Dos a\u00f1os despu\u00e9s de debutar en el Top 30, Eubanks anuncia su retiro del tenis El&hellip;\n","protected":false},"author":2,"featured_media":243626,"comment_status":"","ping_status":"","sticky":false,"template":"","format":"standard","meta":{"footnotes":""},"categories":[274],"tags":[168,25,24,23,167,327,326],"class_list":{"0":"post-243625","1":"post","2":"type-post","3":"status-publish","4":"format-standard","5":"has-post-thumbnail","7":"category-tenis","8":"tag-deportes","9":"tag-es","10":"tag-espana","11":"tag-spain","12":"tag-sports","13":"tag-tenis","14":"tag-tennis"},"share_on_mastodon":{"url":"https:\/\/pubeurope.com\/@es\/115573410336768130","error":""},"_links":{"self":[{"href":"https:\/\/www.europesays.com\/es\/wp-json\/wp\/v2\/posts\/243625","targetHints":{"allow":["GET"]}}],"collection":[{"href":"https:\/\/www.europesays.com\/es\/wp-json\/wp\/v2\/posts"}],"about":[{"href":"https:\/\/www.europesays.com\/es\/wp-json\/wp\/v2\/types\/post"}],"author":[{"embeddable":true,"href":"https:\/\/www.europesays.com\/es\/wp-json\/wp\/v2\/users\/2"}],"replies":[{"embeddable":true,"href":"https:\/\/www.europesays.com\/es\/wp-json\/wp\/v2\/comments?post=243625"}],"version-history":[{"count":0,"href":"https:\/\/www.europesays.com\/es\/wp-json\/wp\/v2\/posts\/243625\/revisions"}],"wp:featuredmedia":[{"embeddable":true,"href":"https:\/\/www.europesays.com\/es\/wp-json\/wp\/v2\/media\/243626"}],"wp:attachment":[{"href":"https:\/\/www.europesays.com\/es\/wp-json\/wp\/v2\/media?parent=243625"}],"wp:term":[{"taxonomy":"category","embeddable":true,"href":"https:\/\/www.europesays.com\/es\/wp-json\/wp\/v2\/categories?post=243625"},{"taxonomy":"post_tag","embeddable":true,"href":"https:\/\/www.europesays.com\/es\/wp-json\/wp\/v2\/tags?post=243625"}],"curies":[{"name":"wp","href":"https:\/\/api.w.org\/{rel}","templated":true}]}}